{"id":7840,"date":"2021-11-04T13:27:56","date_gmt":"2021-11-04T20:27:56","guid":{"rendered":"https:\/\/ovelanalista.com\/?p=7840"},"modified":"2021-11-04T13:27:56","modified_gmt":"2021-11-04T20:27:56","slug":"sabado-6-de-noviembre-de-8-a-14-hrs-primera-feria-del-bienestar-del-gobierno-de-ahome-en-campo-pesquero-paredones","status":"publish","type":"post","link":"https:\/\/ovelanalista.com\/?p=7840","title":{"rendered":"S\u00e1bado 6 de Noviembre de 8 a 14 hrs. Primera Feria del Bienestar del Gobierno de Ahome en campo pesquero Paredones."},"content":{"rendered":"<p>&nbsp;<\/p>\n<p>*La informaci\u00f3n la dieron a conocer Claudia Canto Hern\u00e1ndez, Dir. Gral. de Desarrollo Social y Humano y H\u00f3lincer Castro Mara\u00f1\u00f3n, Dir. de Atenci\u00f3n y Participaci\u00f3n Ciudadana\u2026<\/p>\n<p><strong><em>\u00a0<\/em><\/strong><strong>Los Mochis, Ahome, Sinaloa, M\u00e9xico. 4 de Noviembre del 2021.-<\/strong> Los programas y servicios del Gobierno Municipal de Ahome 2021-2024 que dirige del Alcalde Gerardo Octavio Vargas Landeros, comenzar\u00e1n a salir de manera itinerante por todo el municipio, iniciando este s\u00e1bado 6 de noviembre de las 8 de la ma\u00f1ana en el\u00a0 campo pesquero Paredones, de la sindicatura de Topolobampo.<\/p>\n<p><img loading=\"lazy\" decoding=\"async\" class=\"wp-image-7843 aligncenter\" src=\"https:\/\/ovelanalista.com\/wp-content\/uploads\/2021\/11\/Claudia-hernandez-228x300.jpeg\" alt=\"\" width=\"493\" height=\"649\" srcset=\"https:\/\/ovelanalista.com\/wp-content\/uploads\/2021\/11\/Claudia-hernandez-228x300.jpeg 228w, https:\/\/ovelanalista.com\/wp-content\/uploads\/2021\/11\/Claudia-hernandez-777x1024.jpeg 777w, https:\/\/ovelanalista.com\/wp-content\/uploads\/2021\/11\/Claudia-hernandez-768x1012.jpeg 768w, https:\/\/ovelanalista.com\/wp-content\/uploads\/2021\/11\/Claudia-hernandez-1165x1536.jpeg 1165w, https:\/\/ovelanalista.com\/wp-content\/uploads\/2021\/11\/Claudia-hernandez-400x527.jpeg 400w, https:\/\/ovelanalista.com\/wp-content\/uploads\/2021\/11\/Claudia-hernandez-750x988.jpeg 750w, https:\/\/ovelanalista.com\/wp-content\/uploads\/2021\/11\/Claudia-hernandez-1140x1502.jpeg 1140w, https:\/\/ovelanalista.com\/wp-content\/uploads\/2021\/11\/Claudia-hernandez.jpeg 1214w\" sizes=\"auto, (max-width: 493px) 100vw, 493px\" \/><\/p>\n<p>La informaci\u00f3n la dieron a conocer la Directora General de Desarrollo Social y Humano, Claudia Canto Hern\u00e1ndez, pr\u00f3xima Secretaria de Bienestar del Municipio de Ahome, junto con el Director de Atenci\u00f3n y Participaci\u00f3n Ciudadana H\u00f3lincer Castro Mara\u00f1\u00f3n, quienes expresaron que esta actividad se realizar\u00e1 por instrucci\u00f3n del Alcalde Gerardo Vargas Landeros en diferentes colonias y comunidades del municipio.<\/p>\n<p>Acompa\u00f1ados de Ana Mar\u00eda Boj\u00f3rquez \u00c1lvarez, Directora de Desarrollo Social y Humano de Ahome, as\u00ed como de Alejandra C\u00e1rdenas, representante del Gobierno del Estado de Sinaloa, los servidores p\u00fablicos dijeron que esta Feria del Bienestar llevar\u00e1 toda la informaci\u00f3n y servicios del Gobierno a los ciudadanos a sus propias comunidades, facilit\u00e1ndoles el acceso.<\/p>\n<p>\u201cSe trata de que todas las comunidades y colonias tengan la misma oportunidad de que los servicios del Gobierno del Municipio de Ahome, y decirles que estaremos en sus colonias y comunidades en la Feria del Bienestar con todos los servicios\u201d.<\/p>\n<p><img loading=\"lazy\" decoding=\"async\" class=\"wp-image-7841 aligncenter\" src=\"https:\/\/ovelanalista.com\/wp-content\/uploads\/2021\/11\/Feria-del-bienestar-236x300.jpeg\" alt=\"\" width=\"475\" height=\"604\" srcset=\"https:\/\/ovelanalista.com\/wp-content\/uploads\/2021\/11\/Feria-del-bienestar-236x300.jpeg 236w, https:\/\/ovelanalista.com\/wp-content\/uploads\/2021\/11\/Feria-del-bienestar-806x1024.jpeg 806w, https:\/\/ovelanalista.com\/wp-content\/uploads\/2021\/11\/Feria-del-bienestar-768x975.jpeg 768w, https:\/\/ovelanalista.com\/wp-content\/uploads\/2021\/11\/Feria-del-bienestar-1210x1536.jpeg 1210w, https:\/\/ovelanalista.com\/wp-content\/uploads\/2021\/11\/Feria-del-bienestar-400x508.jpeg 400w, https:\/\/ovelanalista.com\/wp-content\/uploads\/2021\/11\/Feria-del-bienestar-750x952.jpeg 750w, https:\/\/ovelanalista.com\/wp-content\/uploads\/2021\/11\/Feria-del-bienestar-1140x1448.jpeg 1140w, https:\/\/ovelanalista.com\/wp-content\/uploads\/2021\/11\/Feria-del-bienestar.jpeg 1260w\" sizes=\"auto, (max-width: 475px) 100vw, 475px\" \/><\/p>\n<p>La informaci\u00f3n indica que la primera Feria del Bienestar es el s\u00e1bado 6 de noviembre de las 8 de la ma\u00f1ana a las 2 de la tarde en el campo pesquero Paredones, de la sindicatura Topolobampo, donde todos los ciudadanos de esa comunidad, sindicatura y municipio podr\u00e1n acceder a toda la informaci\u00f3n de tr\u00e1mites, programa y servicios del Ayuntamiento de Ahome de manera gratuita.<\/p>\n","protected":false},"excerpt":{"rendered":"<p>&nbsp; *La informaci\u00f3n la dieron a conocer Claudia Canto Hern\u00e1ndez, Dir. Gral. de Desarrollo Social y Humano y H\u00f3lincer Castro Mara\u00f1\u00f3n, Dir. de Atenci\u00f3n y Participaci\u00f3n Ciudadana\u2026 \u00a0Los Mochis, Ahome, Sinaloa, M\u00e9xico. 4 de Noviembre del 2021.- Los programas y servicios del Gobierno Municipal de Ahome 2021-2024 que dirige del Alcalde Gerardo Octavio Vargas Landeros, comenzar\u00e1n a salir de manera itinerante por todo el municipio, iniciando este s\u00e1bado 6 de noviembre de las 8 de la ma\u00f1ana en el\u00a0 campo pesquero Paredones, de la sindicatura de Topolobampo. La informaci\u00f3n la dieron a conocer la Directora General de Desarrollo Social y [&hellip;]<\/p>\n","protected":false},"author":3,"featured_media":7844,"comment_status":"open","ping_status":"open","sticky":false,"template":"","format":"standard","meta":{"_jetpack_newsletter_access":"","_jetpack_dont_email_post_to_subs":false,"_jetpack_newsletter_tier_id":0,"_jetpack_memberships_contains_paywalled_content":false,"_jetpack_feature_clip_id":0,"_jetpack_memberships_contains_paid_content":false,"footnotes":"","jetpack_publicize_message":"","jetpack_publicize_feature_enabled":true,"jetpack_social_post_already_shared":true,"jetpack_social_options":{"image_generator_settings":{"template":"highway","default_image_id":0,"font":"","enabled":false},"version":2},"jetpack_post_was_ever_published":false},"categories":[75,85],"tags":[],"class_list":["post-7840","post","type-post","status-publish","format-standard","has-post-thumbnail","hentry","category-nacional","category-sinaloa-norte","post--single"],"jetpack_publicize_connections":[],"jetpack_featured_media_url":"https:\/\/ovelanalista.com\/wp-content\/uploads\/2021\/11\/Feria-.jpeg","jetpack_sharing_enabled":true,"_links":{"self":[{"href":"https:\/\/ovelanalista.com\/index.php?rest_route=\/wp\/v2\/posts\/7840","targetHints":{"allow":["GET"]}}],"collection":[{"href":"https:\/\/ovelanalista.com\/index.php?rest_route=\/wp\/v2\/posts"}],"about":[{"href":"https:\/\/ovelanalista.com\/index.php?rest_route=\/wp\/v2\/types\/post"}],"author":[{"embeddable":true,"href":"https:\/\/ovelanalista.com\/index.php?rest_route=\/wp\/v2\/users\/3"}],"replies":[{"embeddable":true,"href":"https:\/\/ovelanalista.com\/index.php?rest_route=%2Fwp%2Fv2%2Fcomments&post=7840"}],"version-history":[{"count":1,"href":"https:\/\/ovelanalista.com\/index.php?rest_route=\/wp\/v2\/posts\/7840\/revisions"}],"predecessor-version":[{"id":7845,"href":"https:\/\/ovelanalista.com\/index.php?rest_route=\/wp\/v2\/posts\/7840\/revisions\/7845"}],"wp:featuredmedia":[{"embeddable":true,"href":"https:\/\/ovelanalista.com\/index.php?rest_route=\/wp\/v2\/media\/7844"}],"wp:attachment":[{"href":"https:\/\/ovelanalista.com\/index.php?rest_route=%2Fwp%2Fv2%2Fmedia&parent=7840"}],"wp:term":[{"taxonomy":"category","embeddable":true,"href":"https:\/\/ovelanalista.com\/index.php?rest_route=%2Fwp%2Fv2%2Fcategories&post=7840"},{"taxonomy":"post_tag","embeddable":true,"href":"https:\/\/ovelanalista.com\/index.php?rest_route=%2Fwp%2Fv2%2Ftags&post=7840"}],"curies":[{"name":"wp","href":"https:\/\/api.w.org\/{rel}","templated":true}]}}