{"id":79669,"date":"2023-07-31T17:00:56","date_gmt":"2023-07-31T23:00:56","guid":{"rendered":"https:\/\/ovelanalista.com\/?p=79669"},"modified":"2023-07-31T16:05:40","modified_gmt":"2023-07-31T22:05:40","slug":"asesinan-a-tercer-conductor-por-presenciar-homicidio-de-empresario-vinculado-a-ebrard-amlo","status":"publish","type":"post","link":"https:\/\/ovelanalista.com\/?p=79669","title":{"rendered":"Asesinan a tercer conductor por presenciar homicidio de empresario vinculado a Ebrard: AMLO"},"content":{"rendered":"<p data-t=\"{&quot;n&quot;:&quot;blueLinks&quot;}\">El p<strong>residente Andr\u00e9s Manuel L\u00f3pez Obrador<\/strong>\u00a0revel\u00f3 que un segundo conductor fue asesinado tras presenciar el homicidio del empresario\u00a0<strong>Jos\u00e9 Fuentes Brito<\/strong>\u00a0y su hijo, Manuel Fuentes Calvo.<\/p>\n<p data-t=\"{&quot;n&quot;:&quot;blueLinks&quot;}\">\u201cTambi\u00e9n relacionado a un conductor de una camioneta de transporte de pasajeros con poca diferencia de tiempo y se considera que fue por lo mismo\u201d, declar\u00f3 este lunes durante su conferencia de prensa matutina en Palacio Nacional.<\/p>\n<p data-t=\"{&quot;n&quot;:&quot;blueLinks&quot;}\">\u201cOsea se piensa de que el se\u00f1or de la camioneta vio algo sobre el crimen del se\u00f1or y de su hijo y por eso tambi\u00e9n lo asesinaron\u201d, agreg\u00f3.<\/p>\n<p data-t=\"{&quot;n&quot;:&quot;blueLinks&quot;}\">AMLO lament\u00f3 el crimen y reiter\u00f3 que se est\u00e1n realizando las investigaciones correspondientes.<\/p>\n<p data-t=\"{&quot;n&quot;:&quot;blueLinks&quot;}\">El empresario Jos\u00e9 Fuentes Brito y su hijo, Manuel Fuentes Calvo, fueron\u00a0<strong>asesinados<\/strong>\u00a0la noche de este s\u00e1bado, presuntamente durante un asalto en la\u00a0<strong>Autopista del Sol<\/strong>.<\/p>\n<p data-t=\"{&quot;n&quot;:&quot;blueLinks&quot;}\">En el ataque qued\u00f3 herida la esposa del empresario, quien ya recibe atenci\u00f3n m\u00e9dica.<\/p>\n<p data-t=\"{&quot;n&quot;:&quot;blueLinks&quot;}\"><em>Con informaci\u00f3n en proceso\u2026<\/em><\/p>\n<p data-t=\"{&quot;n&quot;:&quot;blueLinks&quot;}\">\n<p data-t=\"{&quot;n&quot;:&quot;blueLinks&quot;}\">Con informaci\u00f3n de Aristegui Noticias<\/p>\n","protected":false},"excerpt":{"rendered":"<p>El presidente Andr\u00e9s Manuel L\u00f3pez Obrador\u00a0revel\u00f3 que un segundo conductor fue asesinado tras presenciar el homicidio del empresario\u00a0Jos\u00e9 Fuentes Brito\u00a0y su hijo, Manuel Fuentes Calvo. \u201cTambi\u00e9n relacionado a un conductor de una camioneta de transporte de pasajeros con poca diferencia de tiempo y se considera que fue por lo mismo\u201d, declar\u00f3 este lunes durante su conferencia de prensa matutina en Palacio Nacional. \u201cOsea se piensa de que el se\u00f1or de la camioneta vio algo sobre el crimen del se\u00f1or y de su hijo y por eso tambi\u00e9n lo asesinaron\u201d, agreg\u00f3. AMLO lament\u00f3 el crimen y reiter\u00f3 que se est\u00e1n realizando [&hellip;]<\/p>\n","protected":false},"author":3,"featured_media":79672,"comment_status":"open","ping_status":"open","sticky":false,"template":"","format":"standard","meta":{"_jetpack_newsletter_access":"","_jetpack_dont_email_post_to_subs":false,"_jetpack_newsletter_tier_id":0,"_jetpack_memberships_contains_paywalled_content":false,"_jetpack_feature_clip_id":0,"_jetpack_memberships_contains_paid_content":false,"footnotes":"","jetpack_publicize_message":"","jetpack_publicize_feature_enabled":true,"jetpack_social_post_already_shared":true,"jetpack_social_options":{"image_generator_settings":{"template":"highway","default_image_id":0,"font":"","enabled":false},"version":2},"jetpack_post_was_ever_published":false},"categories":[75,72],"tags":[],"class_list":["post-79669","post","type-post","status-publish","format-standard","has-post-thumbnail","hentry","category-nacional","category-portada","post--single"],"jetpack_publicize_connections":[],"jetpack_featured_media_url":"https:\/\/ovelanalista.com\/wp-content\/uploads\/2023\/07\/amlo-13.jpeg","jetpack_sharing_enabled":true,"_links":{"self":[{"href":"https:\/\/ovelanalista.com\/index.php?rest_route=\/wp\/v2\/posts\/79669","targetHints":{"allow":["GET"]}}],"collection":[{"href":"https:\/\/ovelanalista.com\/index.php?rest_route=\/wp\/v2\/posts"}],"about":[{"href":"https:\/\/ovelanalista.com\/index.php?rest_route=\/wp\/v2\/types\/post"}],"author":[{"embeddable":true,"href":"https:\/\/ovelanalista.com\/index.php?rest_route=\/wp\/v2\/users\/3"}],"replies":[{"embeddable":true,"href":"https:\/\/ovelanalista.com\/index.php?rest_route=%2Fwp%2Fv2%2Fcomments&post=79669"}],"version-history":[{"count":1,"href":"https:\/\/ovelanalista.com\/index.php?rest_route=\/wp\/v2\/posts\/79669\/revisions"}],"predecessor-version":[{"id":79673,"href":"https:\/\/ovelanalista.com\/index.php?rest_route=\/wp\/v2\/posts\/79669\/revisions\/79673"}],"wp:featuredmedia":[{"embeddable":true,"href":"https:\/\/ovelanalista.com\/index.php?rest_route=\/wp\/v2\/media\/79672"}],"wp:attachment":[{"href":"https:\/\/ovelanalista.com\/index.php?rest_route=%2Fwp%2Fv2%2Fmedia&parent=79669"}],"wp:term":[{"taxonomy":"category","embeddable":true,"href":"https:\/\/ovelanalista.com\/index.php?rest_route=%2Fwp%2Fv2%2Fcategories&post=79669"},{"taxonomy":"post_tag","embeddable":true,"href":"https:\/\/ovelanalista.com\/index.php?rest_route=%2Fwp%2Fv2%2Ftags&post=79669"}],"curies":[{"name":"wp","href":"https:\/\/api.w.org\/{rel}","templated":true}]}}