{"id":79677,"date":"2023-07-31T17:30:45","date_gmt":"2023-07-31T23:30:45","guid":{"rendered":"https:\/\/ovelanalista.com\/?p=79677"},"modified":"2023-07-31T16:09:46","modified_gmt":"2023-07-31T22:09:46","slug":"el-caso-ayotzinapa-no-se-cierra-porque-no-siga-el-giei-expertos-independientes","status":"publish","type":"post","link":"https:\/\/ovelanalista.com\/?p=79677","title":{"rendered":"El caso Ayotzinapa no se cierra porque no siga el GIEI: expertos independientes"},"content":{"rendered":"<p>El GIEI mostr\u00f3 la inconsistencia de la investigaci\u00f3n llevada a cabo entonces por la PGR y conocida como la Verdad Hist\u00f3rica.\u00a0 El<b>\u00a0Grupo Interdisciplinario de Expertos Independientes\u00a0<\/b>(GIEI), enfatizaron que el\u00a0<a tabindex=\"0\" href=\"https:\/\/www.eluniversal.com.mx\/tag\/caso-ayotzinapa\/\" target=\"_blank\" rel=\"noopener\" data-t=\"{&quot;n&quot;:&quot;destination&quot;,&quot;t&quot;:13,&quot;b&quot;:1,&quot;c.t&quot;:7}\"><b>caso Ayotzinapa<\/b><\/a>\u00a0no se cierra porque no sigan. Esto luego que la semana pasada present\u00f3 su sexto y \u00faltimo informe.<\/p>\n<p data-t=\"{&quot;n&quot;:&quot;blueLinks&quot;}\">\u201cEl Estado y sus instituciones tienen la obligaci\u00f3n de investigar, hacer justicia y buscar a los desparecidos. Un caso de\u00a0<a tabindex=\"0\" href=\"https:\/\/www.eluniversal.com.mx\/tag\/desaparicion-forzada\/\" target=\"_blank\" rel=\"noopener\" data-t=\"{&quot;n&quot;:&quot;destination&quot;,&quot;t&quot;:13,&quot;b&quot;:1,&quot;c.t&quot;:7}\"><b>desaparici\u00f3n forzada<\/b><\/a>\u00a0como este y el conjunto de otros muchos casos en M\u00e9xico suponen una situaci\u00f3n grave que cuestiona al Estado y la sociedad\u201d, consideraron en un posicionamiento Angela Mar\u00eda Buitrago y Carlos Beristain.<\/p>\n<p data-t=\"{&quot;n&quot;:&quot;blueLinks&quot;}\">Indicaron que en ning\u00fan momento realizaron valoraciones pol\u00edticas, ni manifestaron opiniones, tampoco dejaron que las discusiones pol\u00edticas en M\u00e9xico condicionaran la autonom\u00eda e independencia del\u00a0<a tabindex=\"0\" href=\"https:\/\/www.eluniversal.com.mx\/tag\/giei\/\" target=\"_blank\" rel=\"noopener\" data-t=\"{&quot;n&quot;:&quot;destination&quot;,&quot;t&quot;:13,&quot;b&quot;:1,&quot;c.t&quot;:7}\"><b>GIEI<\/b><\/a>.<\/p>\n<p data-t=\"{&quot;n&quot;:&quot;blueLinks&quot;}\">Resaltaron que han proporcionado an\u00e1lisis con base en las pruebas encontradas, como incluye el mandato de asistencia t\u00e9cnica internacional, han trabajado para proporcionar\u00a0<b>confianza en la investigaci\u00f3n<\/b>\u00a0y en las instituciones, una confianza que ha estado deteriorada en el pa\u00eds durante d\u00e9cadas.<\/p>\n<p class=\"continue-read-break\" data-t=\"{&quot;n&quot;:&quot;blueLinks&quot;}\">\u201cPara los familiares y v\u00edctimas del caso, el GIEI ha sido una fuente fundamental de informaci\u00f3n fiable, de apoyo a la reivindicaci\u00f3n de la verdad y sobre todo de esperanza. Es esa esperanza de las familias y de la propia sociedad la que necesita respuestas. Gracias, pap\u00e1s, mam\u00e1s y familiares\u201d, destacaron los expertos.<\/p>\n<div class=\"article-clear-div\" tabindex=\"-1\" aria-expanded=\"true\"><\/div>\n<div class=\"video-clear-div\">Indicaron que el GIEI lleg\u00f3 a M\u00e9xico en marzo del 2015, como un nuevo mecanismo de asistencia t\u00e9cnica internacional y de coadyuvancia en la investigaci\u00f3n mediante una medida cautelar de la Comisi\u00f3n Interamericana de Derechos Humanos.<\/div>\n<div><\/div>\n<div>\n<p class=\"\" tabindex=\"-1\" data-t=\"{&quot;n&quot;:&quot;blueLinks&quot;}\" aria-expanded=\"true\">Refiri\u00f3 que despu\u00e9s de un periodo inicial de catorce meses en el que el GIEI mostr\u00f3 la inconsistencia de la investigaci\u00f3n llevada a cabo entonces por la Procuradur\u00eda General de la Rep\u00fablica (FGR) y conocida como la\u00a0<a tabindex=\"0\" href=\"https:\/\/www.eluniversal.com.mx\/tag\/verdad-historica\/\" target=\"_blank\" rel=\"noopener\" data-t=\"{&quot;n&quot;:&quot;destination&quot;,&quot;t&quot;:13,&quot;b&quot;:1,&quot;c.t&quot;:7}\"><b>Verdad Hist\u00f3rica<\/b><\/a>, regres\u00f3 en 2020 como invitada por el nuevo gobierno y los padres quienes pidieron que regresara el mecanismo y por medio de un acuerdo internacional con la CIDH.<\/p>\n<p class=\"\" tabindex=\"-1\" data-t=\"{&quot;n&quot;:&quot;blueLinks&quot;}\" aria-expanded=\"true\">Subray\u00f3 que las reacciones a la verdad no fueron muchas veces positivas y en el primer periodo de trabajo en 2016, el GIEI fue acusado por algunos sectores de pretender socavar a las instituciones, entre ellas las Fuerzas Armadas.<\/p>\n<p class=\"\" tabindex=\"-1\" data-t=\"{&quot;n&quot;:&quot;blueLinks&quot;}\" aria-expanded=\"true\">Esto por mostrar pruebas que cuestionaban la\u00a0<b>versi\u00f3n oficial<\/b>\u00a0o pedir estar presentes en las declaraciones de miembros del Ej\u00e9rcito que estuvieron en Iguala en la noche de los hechos.<\/p>\n<\/div>\n<p tabindex=\"-1\" data-t=\"{&quot;n&quot;:&quot;blueLinks&quot;}\" aria-expanded=\"true\">\n<p tabindex=\"-1\" data-t=\"{&quot;n&quot;:&quot;blueLinks&quot;}\" aria-expanded=\"true\">Con informaci\u00f3n de El Universal<\/p>\n<div><\/div>\n","protected":false},"excerpt":{"rendered":"<p>El GIEI mostr\u00f3 la inconsistencia de la investigaci\u00f3n llevada a cabo entonces por la PGR y conocida como la Verdad Hist\u00f3rica.\u00a0 El\u00a0Grupo Interdisciplinario de Expertos Independientes\u00a0(GIEI), enfatizaron que el\u00a0caso Ayotzinapa\u00a0no se cierra porque no sigan. Esto luego que la semana pasada present\u00f3 su sexto y \u00faltimo informe. \u201cEl Estado y sus instituciones tienen la obligaci\u00f3n de investigar, hacer justicia y buscar a los desparecidos. Un caso de\u00a0desaparici\u00f3n forzada\u00a0como este y el conjunto de otros muchos casos en M\u00e9xico suponen una situaci\u00f3n grave que cuestiona al Estado y la sociedad\u201d, consideraron en un posicionamiento Angela Mar\u00eda Buitrago y Carlos Beristain. Indicaron [&hellip;]<\/p>\n","protected":false},"author":3,"featured_media":79681,"comment_status":"open","ping_status":"open","sticky":false,"template":"","format":"standard","meta":{"_jetpack_newsletter_access":"","_jetpack_dont_email_post_to_subs":false,"_jetpack_newsletter_tier_id":0,"_jetpack_memberships_contains_paywalled_content":false,"_jetpack_feature_clip_id":0,"_jetpack_memberships_contains_paid_content":false,"footnotes":"","jetpack_publicize_message":"","jetpack_publicize_feature_enabled":true,"jetpack_social_post_already_shared":true,"jetpack_social_options":{"image_generator_settings":{"template":"highway","default_image_id":0,"font":"","enabled":false},"version":2},"jetpack_post_was_ever_published":false},"categories":[75,72],"tags":[],"class_list":["post-79677","post","type-post","status-publish","format-standard","has-post-thumbnail","hentry","category-nacional","category-portada","post--single"],"jetpack_publicize_connections":[],"jetpack_featured_media_url":"https:\/\/ovelanalista.com\/wp-content\/uploads\/2023\/07\/Ayotzinapa-.jpeg","jetpack_sharing_enabled":true,"_links":{"self":[{"href":"https:\/\/ovelanalista.com\/index.php?rest_route=\/wp\/v2\/posts\/79677","targetHints":{"allow":["GET"]}}],"collection":[{"href":"https:\/\/ovelanalista.com\/index.php?rest_route=\/wp\/v2\/posts"}],"about":[{"href":"https:\/\/ovelanalista.com\/index.php?rest_route=\/wp\/v2\/types\/post"}],"author":[{"embeddable":true,"href":"https:\/\/ovelanalista.com\/index.php?rest_route=\/wp\/v2\/users\/3"}],"replies":[{"embeddable":true,"href":"https:\/\/ovelanalista.com\/index.php?rest_route=%2Fwp%2Fv2%2Fcomments&post=79677"}],"version-history":[{"count":1,"href":"https:\/\/ovelanalista.com\/index.php?rest_route=\/wp\/v2\/posts\/79677\/revisions"}],"predecessor-version":[{"id":79682,"href":"https:\/\/ovelanalista.com\/index.php?rest_route=\/wp\/v2\/posts\/79677\/revisions\/79682"}],"wp:featuredmedia":[{"embeddable":true,"href":"https:\/\/ovelanalista.com\/index.php?rest_route=\/wp\/v2\/media\/79681"}],"wp:attachment":[{"href":"https:\/\/ovelanalista.com\/index.php?rest_route=%2Fwp%2Fv2%2Fmedia&parent=79677"}],"wp:term":[{"taxonomy":"category","embeddable":true,"href":"https:\/\/ovelanalista.com\/index.php?rest_route=%2Fwp%2Fv2%2Fcategories&post=79677"},{"taxonomy":"post_tag","embeddable":true,"href":"https:\/\/ovelanalista.com\/index.php?rest_route=%2Fwp%2Fv2%2Ftags&post=79677"}],"curies":[{"name":"wp","href":"https:\/\/api.w.org\/{rel}","templated":true}]}}