{"id":79685,"date":"2023-07-31T17:50:57","date_gmt":"2023-07-31T23:50:57","guid":{"rendered":"https:\/\/ovelanalista.com\/?p=79685"},"modified":"2023-07-31T16:12:18","modified_gmt":"2023-07-31T22:12:18","slug":"xochitl-galvez-y-alvarez-maynez-acuden-a-la-fiscalia-para-pedir-expedientes","status":"publish","type":"post","link":"https:\/\/ovelanalista.com\/?p=79685","title":{"rendered":"X\u00f3chitl G\u00e1lvez y \u00c1lvarez Maynez acuden a la Fiscal\u00eda para pedir expedientes"},"content":{"rendered":"<p>Los pol\u00edticos de oposici\u00f3n X\u00f3chitl G\u00e1lvez y Jorge \u00c1lvarez Maynez acudieron este lunes ante las autoridades para conocer las investigaciones que se realizan en su contra. La aspirante del Frente por a una coordinaci\u00f3n, G\u00e1lvez Ruiz, dijio que se puso a disposici\u00f3n del Fiscal (FGR) y solicitar acceso a las carpetas en su contra; por si parte, el coordinador de los diputados de Movimiento Ciudadano, \u00c1lvarez M\u00e1ynez, acudi\u00f3 a la Fiscal\u00eda Especializada en materia de Delitos Electorales (Fisel) para solicitar que se le informe de qu\u00e9 delitos se le acusa y por lo cual fue emplazado la semana pasada a comparecer.<\/p>\n<p class=\"continue-read-break\" data-t=\"{&quot;n&quot;:&quot;blueLinks&quot;}\">G\u00e1lvez Ruiz explic\u00f3 que acude a la Fiscal\u00eda para poder saber de qu\u00e9 se le acusa. A las puertas de la dependencia dijo que le parece raro que ahora, tras cinco a\u00f1os de que dej\u00f3 la delegaci\u00f3n Miguel Hidalgo, la est\u00e9n investigando en sus empresas. &#8216;No se vale que el presidente, a la mala, me quiera hacer denuncias; porque s\u00ed tizna, como \u00e9l dijera&#8217;, indic\u00f3 la aspirante frentista. La senadora indic\u00f3 que la informaci\u00f3n de sus ingresos, en su declaraci\u00f3n patrimonial, est\u00e1 en el Senado, pero no est\u00e1 completa por las pol\u00edticas del propio senado, pero ah\u00ed est\u00e1 la informaci\u00f3n. Por su parte, diputado de MC, quien revel\u00f3 que la semana pasada que se abri\u00f3 una carpeta de investigaci\u00f3n en su contra, lo que al parecer es una estrategia para amedrentarlo por su papel opositor al gobierno, insisti\u00f3 en que ni siquiera se le ha dicho de qu\u00e9 es acusado. \u00c1lvarez dio a conocer en su cuenta de Twitter que se present\u00f3 a las instalaciones de la Fisel esta ma\u00f1ana. Adem\u00e1s escribi\u00f3 que fue \u201cpara solicitar acceso a la carpeta de investigaci\u00f3n por la solicitud de informaci\u00f3n que realizaron en d\u00edas pasados a la C\u00e1mara de Diputados desde la FGR, ya que no se especific\u00f3 asunto\u201d.<\/p>\n<p data-t=\"{&quot;n&quot;:&quot;blueLinks&quot;}\">El pasado jueves 27 de julio el legislador, uno de los l\u00edderes partidistas que m\u00e1s quejas electorales y denuncias ha presentado en contra de las \u201ccorcholatas\u201d de Morena para frenar su proselitismo y se investigue el origen de los millonarios recursos empleados en sus giras, inform\u00f3 que fue emplazado por la Fisel a entregar documentaci\u00f3n diversa dentro del expediente FISEL-MEX\/0000090\/2023 pero sin indicar ni el presunto delito ni quien es el denunciante. \u201cLa vieja pol\u00edtica ya respondi\u00f3 a nuestra batalla contra las campa\u00f1as ilegales y nuestros triunfos en los tribunales. Resulta que me quieren amedrentar e intimidar con el uso pol\u00edtico de la Fiscal\u00eda General de la Rep\u00fablica\u201d, se\u00f1al\u00f3 ese d\u00eda. Tras su denuncia recibi\u00f3 el respaldo de diversos dirigentes de MC, como el coordinador nacional, Dante Delgado, para quien este es un caso de \u201cuso faccioso de las instituciones\u201d.<\/p>\n<p data-t=\"{&quot;n&quot;:&quot;blueLinks&quot;}\">\n<p data-t=\"{&quot;n&quot;:&quot;blueLinks&quot;}\">Con informaci\u00f3n de Expansi\u00f3n<\/p>\n","protected":false},"excerpt":{"rendered":"<p>Los pol\u00edticos de oposici\u00f3n X\u00f3chitl G\u00e1lvez y Jorge \u00c1lvarez Maynez acudieron este lunes ante las autoridades para conocer las investigaciones que se realizan en su contra. La aspirante del Frente por a una coordinaci\u00f3n, G\u00e1lvez Ruiz, dijio que se puso a disposici\u00f3n del Fiscal (FGR) y solicitar acceso a las carpetas en su contra; por si parte, el coordinador de los diputados de Movimiento Ciudadano, \u00c1lvarez M\u00e1ynez, acudi\u00f3 a la Fiscal\u00eda Especializada en materia de Delitos Electorales (Fisel) para solicitar que se le informe de qu\u00e9 delitos se le acusa y por lo cual fue emplazado la semana pasada a [&hellip;]<\/p>\n","protected":false},"author":3,"featured_media":79686,"comment_status":"open","ping_status":"open","sticky":false,"template":"","format":"standard","meta":{"_jetpack_newsletter_access":"","_jetpack_dont_email_post_to_subs":false,"_jetpack_newsletter_tier_id":0,"_jetpack_memberships_contains_paywalled_content":false,"_jetpack_feature_clip_id":0,"_jetpack_memberships_contains_paid_content":false,"footnotes":"","jetpack_publicize_message":"","jetpack_publicize_feature_enabled":true,"jetpack_social_post_already_shared":true,"jetpack_social_options":{"image_generator_settings":{"template":"highway","default_image_id":0,"font":"","enabled":false},"version":2},"jetpack_post_was_ever_published":false},"categories":[75,72],"tags":[],"class_list":["post-79685","post","type-post","status-publish","format-standard","has-post-thumbnail","hentry","category-nacional","category-portada","post--single"],"jetpack_publicize_connections":[],"jetpack_featured_media_url":"https:\/\/ovelanalista.com\/wp-content\/uploads\/2023\/07\/FGR.jpeg","jetpack_sharing_enabled":true,"_links":{"self":[{"href":"https:\/\/ovelanalista.com\/index.php?rest_route=\/wp\/v2\/posts\/79685","targetHints":{"allow":["GET"]}}],"collection":[{"href":"https:\/\/ovelanalista.com\/index.php?rest_route=\/wp\/v2\/posts"}],"about":[{"href":"https:\/\/ovelanalista.com\/index.php?rest_route=\/wp\/v2\/types\/post"}],"author":[{"embeddable":true,"href":"https:\/\/ovelanalista.com\/index.php?rest_route=\/wp\/v2\/users\/3"}],"replies":[{"embeddable":true,"href":"https:\/\/ovelanalista.com\/index.php?rest_route=%2Fwp%2Fv2%2Fcomments&post=79685"}],"version-history":[{"count":1,"href":"https:\/\/ovelanalista.com\/index.php?rest_route=\/wp\/v2\/posts\/79685\/revisions"}],"predecessor-version":[{"id":79687,"href":"https:\/\/ovelanalista.com\/index.php?rest_route=\/wp\/v2\/posts\/79685\/revisions\/79687"}],"wp:featuredmedia":[{"embeddable":true,"href":"https:\/\/ovelanalista.com\/index.php?rest_route=\/wp\/v2\/media\/79686"}],"wp:attachment":[{"href":"https:\/\/ovelanalista.com\/index.php?rest_route=%2Fwp%2Fv2%2Fmedia&parent=79685"}],"wp:term":[{"taxonomy":"category","embeddable":true,"href":"https:\/\/ovelanalista.com\/index.php?rest_route=%2Fwp%2Fv2%2Fcategories&post=79685"},{"taxonomy":"post_tag","embeddable":true,"href":"https:\/\/ovelanalista.com\/index.php?rest_route=%2Fwp%2Fv2%2Ftags&post=79685"}],"curies":[{"name":"wp","href":"https:\/\/api.w.org\/{rel}","templated":true}]}}