{"id":79688,"date":"2023-07-31T18:00:30","date_gmt":"2023-08-01T00:00:30","guid":{"rendered":"https:\/\/ovelanalista.com\/?p=79688"},"modified":"2023-07-31T16:13:54","modified_gmt":"2023-07-31T22:13:54","slug":"grilla-electoral-frena-tarea-del-legislativo","status":"publish","type":"post","link":"https:\/\/ovelanalista.com\/?p=79688","title":{"rendered":"Grilla electoral frena tarea del Legislativo"},"content":{"rendered":"<p data-t=\"{&quot;n&quot;:&quot;blueLinks&quot;}\">La agenda pol\u00edtica de temas de coyuntura y electorales ha ganado el debate en la tribuna de la<strong>\u00a0Comisi\u00f3n Permanente<\/strong>, paralizando los trabajos legislativos al punto de suspender las sesiones en tres ocasiones consecutivas por falta de qu\u00f3rum, el 5, 11 y 25 de julio.<\/p>\n<p data-t=\"{&quot;n&quot;:&quot;blueLinks&quot;}\">Desde que concluy\u00f3 la elecci\u00f3n del 4 de junio pasado en el\u00a0<strong>Estado de M\u00e9xico<\/strong>\u00a0y\u00a0<strong>Coahuila<\/strong>, las propuestas parlamentarias quedaron de lado para iniciar el debate por la elecci\u00f3n de 2024.<\/p>\n<p data-t=\"{&quot;n&quot;:&quot;blueLinks&quot;}\">Primero fue el proceso interno de los aspirantes de la\u00a0<strong>Cuarta Transformaci\u00f3n<\/strong>, despu\u00e9s el proceso del Frente Amplio y ahora la aspiraci\u00f3n de la panista\u00a0<strong>X\u00f3chitl G\u00e1lvez<\/strong>\u00a0lo que est\u00e1 acaparando la agenda legislativa en la Comisi\u00f3n Permanente.<\/p>\n<p data-t=\"{&quot;n&quot;:&quot;blueLinks&quot;}\">Entre los temas pendientes que tiene la\u00a0<strong>Permanente<\/strong>\u00a0est\u00e1n la aprobaci\u00f3n de un per\u00edodo extraordinario en el Senado para la elecci\u00f3n de comisionados del Inai, adem\u00e1s de al menos 50 minutas que est\u00e1n relacionadas con equidad de g\u00e9nero, desarrollo sustentable, combate a la pobreza, bienestar animal y cuidado del medioambiente.<\/p>\n<p data-t=\"{&quot;n&quot;:&quot;blueLinks&quot;}\">Al respecto, la vicecoordinadora de los senadores del<strong>\u00a0PAN, Kenia L\u00f3pez<\/strong>\u00a0acus\u00f3 que\u00a0<strong>Morena<\/strong>\u00a0y sus aliados no ocupan su mayor\u00eda en la Comisi\u00f3n Permanente \u201cpara ayudar a los mexicanos, ocupan esa mayor\u00eda para ayudar a los delincuentes electorales, a las \u2018fichitas\u2019 de L\u00f3pez Obrador\u201d.<\/p>\n<p class=\"continue-read-break\" data-t=\"{&quot;n&quot;:&quot;blueLinks&quot;}\">Asegur\u00f3 que los legisladores de la 4T \u201cocupan esa mayor\u00eda para continuar teniendo m\u00e1s poder y m\u00e1s dinero, es terrible lo que est\u00e1 pasando en el Congreso mexicano, lamentablemente s\u00ed hay una par\u00e1lisis legislativa generada por Morena\u201d.<\/p>\n<p class=\"\" tabindex=\"-1\" data-t=\"{&quot;n&quot;:&quot;blueLinks&quot;}\" aria-expanded=\"true\">En tanto, el senador del\u00a0<strong>PRD Juan Manuel F\u00f3cil<\/strong>\u00a0destac\u00f3 que los legisladores andan \u201cencampa\u00f1ados\u201d y como la mayor\u00eda tanto en la C\u00e1mara de Diputados como en el\u00a0<strong>Senado<\/strong>\u00a0son de\u00a0<strong>Morena<\/strong>, est\u00e1n m\u00e1s preocupados por sus aspiraciones futuras.<\/p>\n<p class=\"\" tabindex=\"-1\" data-t=\"{&quot;n&quot;:&quot;blueLinks&quot;}\" aria-expanded=\"true\">Sobre la falta de qu\u00f3rum para mantener las sesiones de la Permanente, consider\u00f3 que obedece tambi\u00e9n a que \u201ctodo el mundo anda en campa\u00f1a\u201d y eso hace que no atiendan debidamente las actividades legislativas.<\/p>\n<div class=\"article-clear-div\" tabindex=\"-1\" aria-expanded=\"true\"><\/div>\n<div class=\"div-related-embed\" tabindex=\"-1\" data-content-embed-type=\"auto\" data-reset-char-count=\"true\" aria-expanded=\"true\"><\/div>\n<p class=\"\" tabindex=\"-1\" data-t=\"{&quot;n&quot;:&quot;blueLinks&quot;}\" aria-expanded=\"true\">En los \u00faltimos tiempos, las sesiones de la Comisi\u00f3n Permanente inician con al menos una hora de retraso del horario que especifica la convocatoria del d\u00eda, ello porque el presidente de la Mesa Directiva y aspirante a la candidatura morenista de Puebla, Alejandro Armenta, no inicia la sesi\u00f3n sin antes realizar una rueda de prensa.<\/p>\n<p class=\"\" tabindex=\"-1\" data-t=\"{&quot;n&quot;:&quot;blueLinks&quot;}\" aria-expanded=\"true\">Adem\u00e1s, algunos de los legisladores que s\u00ed asisten a la sesi\u00f3n aprovechan este tiempo para convocar a vecinos a asambleas a favor de sus aspirantes favoritos, como es el caso del diputado Alejandro Robles, quien en la sesi\u00f3n del 18 de julio pasado, fue captado invitando a vecinos a una asamblea a favor de Claudia Sheinbaum.<\/p>\n<h4 class=\"\" tabindex=\"-1\" aria-expanded=\"true\">A paso lento<\/h4>\n<p class=\"\" tabindex=\"-1\" data-t=\"{&quot;n&quot;:&quot;blueLinks&quot;}\" aria-expanded=\"true\">De acuerdo con datos publicados en el sitio de la\u00a0<strong>Comisi\u00f3n Permanente<\/strong>, a la\u00a0<strong>Primera Comisi\u00f3n de Gobernaci\u00f3n, Puntos Constitucionales y Justicia\u00a0<\/strong>se han turnado 320 puntos de acuerdo y dos decretos\u2026 Y de ellos no ha aprobado nada.<\/p>\n<p class=\"\" tabindex=\"-1\" data-t=\"{&quot;n&quot;:&quot;blueLinks&quot;}\" aria-expanded=\"true\">No obstante, esta Comisi\u00f3n ha citado a reuni\u00f3n este lunes para abordar 12 temas, entre ellos el desechamiento de diversos dict\u00e1menes relativos a las elecciones en Estado de M\u00e9xico y Coahuila, lo que demuestra el atraso de m\u00e1s de dos meses en los trabajos.<\/p>\n<p class=\"\" tabindex=\"-1\" data-t=\"{&quot;n&quot;:&quot;blueLinks&quot;}\" aria-expanded=\"true\">La\u00a0<strong>Segunda Comisi\u00f3n de Relaciones Exteriores, Defensa Nacional y Educaci\u00f3n P\u00fablica<\/strong>\u00a0tiene 238 proposiciones turnadas, y de ellas ha aprobado 10, es decir 4.2% de los asuntos.<\/p>\n<p class=\"\" tabindex=\"-1\" data-t=\"{&quot;n&quot;:&quot;blueLinks&quot;}\" aria-expanded=\"true\">De los 10 asuntos aprobados, est\u00e1n los nombramientos de\u00a0<strong>Eduardo Patricio Pe\u00f1a Haller<\/strong>, como embajador en Kuwait; de Jos\u00e9 Ignacio Madrazo Bol\u00edvar, como embajador de M\u00e9xico en la Rep\u00fablica Argelina Democr\u00e1tica y Popular; y de Alejandro Alday Gonz\u00e1lez, como embajador en el Reino de Suecia.<\/p>\n<p class=\"\" tabindex=\"-1\" data-t=\"{&quot;n&quot;:&quot;blueLinks&quot;}\" aria-expanded=\"true\">Adem\u00e1s de\u00a0<strong>Christian Tonatiuh Gonz\u00e1lez<\/strong>\u00a0como c\u00f3nsul General de M\u00e9xico en Sacramento, California, Estados Unidos de Am\u00e9rica; de Rosaura Leonora Rueda Guti\u00e9rrez como embajadora en la Rep\u00fablica \u00c1rabe de Egipto; y de Miguel \u00c1ngel Isidro Rodr\u00edguez, como c\u00f3nsul General de M\u00e9xico en Shangh\u00e1i, Rep\u00fablica Popular China.<\/p>\n<p class=\"\" tabindex=\"-1\" data-t=\"{&quot;n&quot;:&quot;blueLinks&quot;}\" aria-expanded=\"true\">As\u00ed como la ratificaci\u00f3n de\u00a0<strong>Rafael Fernando Mar\u00edn Mollinedo<\/strong>, como embajador Extraordinario y Plenipotenciario de M\u00e9xico para que funja como Representante Permanente de M\u00e9xico ante la Organizaci\u00f3n Mundial del Comercio, con sede en Ginebra Suiza.<\/p>\n<p class=\"\" tabindex=\"-1\" data-t=\"{&quot;n&quot;:&quot;blueLinks&quot;}\" aria-expanded=\"true\">Mientras que la Tercera Comisi\u00f3n de Hacienda, Agricultura y Comunicaciones tiene 484 puntos de acuerdo turnados y s\u00f3lo ha aprobado uno de ellos.<\/p>\n<p class=\"\" tabindex=\"-1\" data-t=\"{&quot;n&quot;:&quot;blueLinks&quot;}\" aria-expanded=\"true\">De acuerdo a datos oficiales, del 29 de abril y hasta el 25 de julio, es decir en 11 sesiones, se han registrado 15 votaciones, de ellas, 17 han sido econ\u00f3micas entre las que destacan ocho licencias a legisladores para separarse de sus cargos y contender por otro.<\/p>\n<p class=\"\" tabindex=\"-1\" data-t=\"{&quot;n&quot;:&quot;blueLinks&quot;}\" aria-expanded=\"true\"><strong>FRASE<\/strong><\/p>\n<p class=\"\" tabindex=\"-1\" data-t=\"{&quot;n&quot;:&quot;blueLinks&quot;}\" aria-expanded=\"true\">\u201cPongan gente en las comisiones permanentes que s\u00ed vayan a las sesiones, es lamentable que no est\u00e9n cumpliendo con su funci\u00f3n los que fueron nombrados en estas comisiones\u201d<\/p>\n<p class=\"\" tabindex=\"-1\" data-t=\"{&quot;n&quot;:&quot;blueLinks&quot;}\" aria-expanded=\"true\"><strong>Juan Manuel F\u00f3cil<\/strong><\/p>\n<p class=\"\" tabindex=\"-1\" data-t=\"{&quot;n&quot;:&quot;blueLinks&quot;}\" aria-expanded=\"true\"><strong>Senador del PRD<\/strong><\/p>\n<p tabindex=\"-1\" data-t=\"{&quot;n&quot;:&quot;blueLinks&quot;}\" aria-expanded=\"true\">\n<p tabindex=\"-1\" data-t=\"{&quot;n&quot;:&quot;blueLinks&quot;}\" aria-expanded=\"true\">Con informaci\u00f3n de Diario 24 hhORAS<\/p>\n","protected":false},"excerpt":{"rendered":"<p>La agenda pol\u00edtica de temas de coyuntura y electorales ha ganado el debate en la tribuna de la\u00a0Comisi\u00f3n Permanente, paralizando los trabajos legislativos al punto de suspender las sesiones en tres ocasiones consecutivas por falta de qu\u00f3rum, el 5, 11 y 25 de julio. Desde que concluy\u00f3 la elecci\u00f3n del 4 de junio pasado en el\u00a0Estado de M\u00e9xico\u00a0y\u00a0Coahuila, las propuestas parlamentarias quedaron de lado para iniciar el debate por la elecci\u00f3n de 2024. Primero fue el proceso interno de los aspirantes de la\u00a0Cuarta Transformaci\u00f3n, despu\u00e9s el proceso del Frente Amplio y ahora la aspiraci\u00f3n de la panista\u00a0X\u00f3chitl G\u00e1lvez\u00a0lo que est\u00e1 [&hellip;]<\/p>\n","protected":false},"author":3,"featured_media":79689,"comment_status":"open","ping_status":"open","sticky":false,"template":"","format":"standard","meta":{"_jetpack_newsletter_access":"","_jetpack_dont_email_post_to_subs":false,"_jetpack_newsletter_tier_id":0,"_jetpack_memberships_contains_paywalled_content":false,"_jetpack_feature_clip_id":0,"_jetpack_memberships_contains_paid_content":false,"footnotes":"","jetpack_publicize_message":"","jetpack_publicize_feature_enabled":true,"jetpack_social_post_already_shared":true,"jetpack_social_options":{"image_generator_settings":{"template":"highway","default_image_id":0,"font":"","enabled":false},"version":2},"jetpack_post_was_ever_published":false},"categories":[75,72],"tags":[],"class_list":["post-79688","post","type-post","status-publish","format-standard","has-post-thumbnail","hentry","category-nacional","category-portada","post--single"],"jetpack_publicize_connections":[],"jetpack_featured_media_url":"https:\/\/ovelanalista.com\/wp-content\/uploads\/2023\/07\/PODERLEGISLATIVO.jpeg","jetpack_sharing_enabled":true,"_links":{"self":[{"href":"https:\/\/ovelanalista.com\/index.php?rest_route=\/wp\/v2\/posts\/79688","targetHints":{"allow":["GET"]}}],"collection":[{"href":"https:\/\/ovelanalista.com\/index.php?rest_route=\/wp\/v2\/posts"}],"about":[{"href":"https:\/\/ovelanalista.com\/index.php?rest_route=\/wp\/v2\/types\/post"}],"author":[{"embeddable":true,"href":"https:\/\/ovelanalista.com\/index.php?rest_route=\/wp\/v2\/users\/3"}],"replies":[{"embeddable":true,"href":"https:\/\/ovelanalista.com\/index.php?rest_route=%2Fwp%2Fv2%2Fcomments&post=79688"}],"version-history":[{"count":1,"href":"https:\/\/ovelanalista.com\/index.php?rest_route=\/wp\/v2\/posts\/79688\/revisions"}],"predecessor-version":[{"id":79690,"href":"https:\/\/ovelanalista.com\/index.php?rest_route=\/wp\/v2\/posts\/79688\/revisions\/79690"}],"wp:featuredmedia":[{"embeddable":true,"href":"https:\/\/ovelanalista.com\/index.php?rest_route=\/wp\/v2\/media\/79689"}],"wp:attachment":[{"href":"https:\/\/ovelanalista.com\/index.php?rest_route=%2Fwp%2Fv2%2Fmedia&parent=79688"}],"wp:term":[{"taxonomy":"category","embeddable":true,"href":"https:\/\/ovelanalista.com\/index.php?rest_route=%2Fwp%2Fv2%2Fcategories&post=79688"},{"taxonomy":"post_tag","embeddable":true,"href":"https:\/\/ovelanalista.com\/index.php?rest_route=%2Fwp%2Fv2%2Ftags&post=79688"}],"curies":[{"name":"wp","href":"https:\/\/api.w.org\/{rel}","templated":true}]}}