{"id":79691,"date":"2023-07-31T18:10:58","date_gmt":"2023-08-01T00:10:58","guid":{"rendered":"https:\/\/ovelanalista.com\/?p=79691"},"modified":"2023-07-31T16:15:01","modified_gmt":"2023-07-31T22:15:01","slug":"ongs-responsabilizan-a-amlo-por-acciones-de-sus-seguidores-contra-opositores-y-criticos","status":"publish","type":"post","link":"https:\/\/ovelanalista.com\/?p=79691","title":{"rendered":"ONGs responsabilizan a AMLO por acciones de sus seguidores contra opositores y cr\u00edticos"},"content":{"rendered":"<p data-t=\"{&quot;n&quot;:&quot;blueLinks&quot;}\">Nueve organizaciones civiles exigieron al presidente\u00a0<a tabindex=\"0\" title=\"AMLO\" href=\"https:\/\/www.milenio.com\/videos\/politica\/galvez-acusa-amlo-pasarse-arco-triunfo-medidas-cautelares-ine\" target=\"_blank\" rel=\"nofollow noopener\" data-t=\"{&quot;n&quot;:&quot;destination&quot;,&quot;t&quot;:13,&quot;b&quot;:1,&quot;c.t&quot;:7}\">Andr\u00e9s Manuel L\u00f3pez Obrador<\/a>\u00a0<strong>cesar sus expresiones &#8220;ofensivas y calumniosas&#8221;<\/strong>, pues afirman que pueden ser tomadas por sus seguidores como una se\u00f1al para\u00a0<strong>arreciar agresiones contra periodistas<\/strong>, cr\u00edticos del gobierno\u00a0<strong>y los aspirantes a encabezar el<\/strong>\u00a0<a tabindex=\"0\" title=\"Frente Amplio por M\u00e9xico\" href=\"https:\/\/www.milenio.com\/politica\/xochitl-galvez-acude-fgr-pedir-acceso-denuncia\" target=\"_blank\" rel=\"nofollow noopener\" data-t=\"{&quot;n&quot;:&quot;destination&quot;,&quot;t&quot;:13,&quot;b&quot;:1,&quot;c.t&quot;:7}\">Frente Amplio por M\u00e9xico<\/a>.<\/p>\n<p data-t=\"{&quot;n&quot;:&quot;blueLinks&quot;}\">En un desplegado colgado en sus redes sociales,\u00a0<strong>detallaron que las palabras tienen consecuencias<\/strong>\u00a0y m\u00e1s cuando son pronunciadas por una persona que concentra tanto poder.<\/p>\n<div class=\"article-clear-div\"><\/div>\n<blockquote data-reset-char-count=\"true\"><p>&#8220;Los ataques que lanza con cargo al erario en las ma\u00f1aneras y que, por cierto, suelen ser infundados\u00a0<strong>exponen a los se\u00f1alados<\/strong>. El\u00a0<strong>linchamiento en redes sociales es autom\u00e1tico<\/strong>\u00a0y usted ha llegado al extremo de manipular instrucciones y dar a conocer informaci\u00f3n confidencial para\u00a0<strong>estigmatizar a figuras de la oposici\u00f3n<\/strong>, aun cuando no haya ninguna irregularidad en lo revelado&#8221;, dice.<\/p><\/blockquote>\n<p data-t=\"{&quot;n&quot;:&quot;blueLinks&quot;}\">En ese sentido,<strong>\u00a0hacen responsable al mandatario &#8220;de cualquier cosa que le ocurra<\/strong>\u00a0a periodistas independientes, cr\u00edticos de su gobierno y aspirantes a encabezar la oposici\u00f3n que usted hostigue desde su investidura&#8221;.<\/p>\n<p data-t=\"{&quot;n&quot;:&quot;blueLinks&quot;}\">Marea Rosa, Unid@s, Seguimos en Marcha, Frente C\u00edvico Nacional, entre otros, demandaron al jefe del Ejecutivo &#8220;<strong>cumpla la promesa que hizo al tomar posesi\u00f3n<\/strong>\u00a0de hacer valer la Constituci\u00f3n, que act\u00fae con neutralidad, que gobierne para tod@s y que se abstenga de entrometerse en los procesos electorales&#8221;.<\/p>\n<blockquote class=\"twitter-tweet\" data-width=\"550\" data-dnt=\"true\">\n<p lang=\"es\" dir=\"ltr\"><a href=\"https:\/\/twitter.com\/lopezobrador_?ref_src=twsrc%5Etfw\">@lopezobrador_<\/a> le exigimos que cumpla la promesa que hizo al tomar posesi\u00f3n de hacer valer la Constituci\u00f3n, que act\u00fae con neutralidad, que gobierne para tod@s y se abstenga de entrometerse en los procesos electorales.<\/p>\n<p>UNID@S<a href=\"https:\/\/twitter.com\/SocCivilMx?ref_src=twsrc%5Etfw\">@SocCivilMx<\/a> <a href=\"https:\/\/t.co\/RmBwShooHZ\">pic.twitter.com\/RmBwShooHZ<\/a><\/p>\n<p>&mdash; Ana Luc\u00eda Medina \ud83c\uddf2\ud83c\uddfd (@analucia_medina) <a href=\"https:\/\/twitter.com\/analucia_medina\/status\/1686018000657264640?ref_src=twsrc%5Etfw\">July 31, 2023<\/a><\/p><\/blockquote>\n<p><script async src=\"https:\/\/platform.twitter.com\/widgets.js\" charset=\"utf-8\"><\/script><\/p>\n<p>&nbsp;<\/p>\n<p>Con informaci\u00f3n de Milenio<\/p>\n","protected":false},"excerpt":{"rendered":"<p>Nueve organizaciones civiles exigieron al presidente\u00a0Andr\u00e9s Manuel L\u00f3pez Obrador\u00a0cesar sus expresiones &#8220;ofensivas y calumniosas&#8221;, pues afirman que pueden ser tomadas por sus seguidores como una se\u00f1al para\u00a0arreciar agresiones contra periodistas, cr\u00edticos del gobierno\u00a0y los aspirantes a encabezar el\u00a0Frente Amplio por M\u00e9xico. En un desplegado colgado en sus redes sociales,\u00a0detallaron que las palabras tienen consecuencias\u00a0y m\u00e1s cuando son pronunciadas por una persona que concentra tanto poder. &#8220;Los ataques que lanza con cargo al erario en las ma\u00f1aneras y que, por cierto, suelen ser infundados\u00a0exponen a los se\u00f1alados. El\u00a0linchamiento en redes sociales es autom\u00e1tico\u00a0y usted ha llegado al extremo de manipular instrucciones [&hellip;]<\/p>\n","protected":false},"author":3,"featured_media":79692,"comment_status":"open","ping_status":"open","sticky":false,"template":"","format":"standard","meta":{"_jetpack_newsletter_access":"","_jetpack_dont_email_post_to_subs":false,"_jetpack_newsletter_tier_id":0,"_jetpack_memberships_contains_paywalled_content":false,"_jetpack_feature_clip_id":0,"_jetpack_memberships_contains_paid_content":false,"footnotes":"","jetpack_publicize_message":"","jetpack_publicize_feature_enabled":true,"jetpack_social_post_already_shared":true,"jetpack_social_options":{"image_generator_settings":{"template":"highway","default_image_id":0,"font":"","enabled":false},"version":2},"jetpack_post_was_ever_published":false},"categories":[75,72],"tags":[],"class_list":["post-79691","post","type-post","status-publish","format-standard","has-post-thumbnail","hentry","category-nacional","category-portada","post--single"],"jetpack_publicize_connections":[],"jetpack_featured_media_url":"https:\/\/ovelanalista.com\/wp-content\/uploads\/2023\/07\/amlo-14.jpeg","jetpack_sharing_enabled":true,"_links":{"self":[{"href":"https:\/\/ovelanalista.com\/index.php?rest_route=\/wp\/v2\/posts\/79691","targetHints":{"allow":["GET"]}}],"collection":[{"href":"https:\/\/ovelanalista.com\/index.php?rest_route=\/wp\/v2\/posts"}],"about":[{"href":"https:\/\/ovelanalista.com\/index.php?rest_route=\/wp\/v2\/types\/post"}],"author":[{"embeddable":true,"href":"https:\/\/ovelanalista.com\/index.php?rest_route=\/wp\/v2\/users\/3"}],"replies":[{"embeddable":true,"href":"https:\/\/ovelanalista.com\/index.php?rest_route=%2Fwp%2Fv2%2Fcomments&post=79691"}],"version-history":[{"count":1,"href":"https:\/\/ovelanalista.com\/index.php?rest_route=\/wp\/v2\/posts\/79691\/revisions"}],"predecessor-version":[{"id":79693,"href":"https:\/\/ovelanalista.com\/index.php?rest_route=\/wp\/v2\/posts\/79691\/revisions\/79693"}],"wp:featuredmedia":[{"embeddable":true,"href":"https:\/\/ovelanalista.com\/index.php?rest_route=\/wp\/v2\/media\/79692"}],"wp:attachment":[{"href":"https:\/\/ovelanalista.com\/index.php?rest_route=%2Fwp%2Fv2%2Fmedia&parent=79691"}],"wp:term":[{"taxonomy":"category","embeddable":true,"href":"https:\/\/ovelanalista.com\/index.php?rest_route=%2Fwp%2Fv2%2Fcategories&post=79691"},{"taxonomy":"post_tag","embeddable":true,"href":"https:\/\/ovelanalista.com\/index.php?rest_route=%2Fwp%2Fv2%2Ftags&post=79691"}],"curies":[{"name":"wp","href":"https:\/\/api.w.org\/{rel}","templated":true}]}}