{"id":79694,"date":"2023-07-31T18:20:05","date_gmt":"2023-08-01T00:20:05","guid":{"rendered":"https:\/\/ovelanalista.com\/?p=79694"},"modified":"2023-07-31T16:16:10","modified_gmt":"2023-07-31T22:16:10","slug":"fgj-lanzara-programa-de-recompensas-para-detener-a-generadores-de-violencia","status":"publish","type":"post","link":"https:\/\/ovelanalista.com\/?p=79694","title":{"rendered":"FGJ lanzar\u00e1 programa de &#8220;recompensas&#8221; para detener a generadores de violencia"},"content":{"rendered":"<p data-t=\"{&quot;n&quot;:&quot;blueLinks&quot;}\">Autoridades de la Ciudad de M\u00e9xico, lanzar\u00e1n un programa de\u00a0<strong>recompensas\u00a0<\/strong>para quienes aporten informaci\u00f3n que lleve a la localizaci\u00f3n de generadores de violencia.<\/p>\n<p data-t=\"{&quot;n&quot;:&quot;blueLinks&quot;}\">As\u00ed lo anunci\u00f3 la fiscal capitalina, Ernestina Godoy este lunes en\u00a0conferencia de prensa donde se anunci\u00f3 la reducci\u00f3n de un 32 % en la percepci\u00f3n de inseguridad en los habitantes de la CDMX.<\/p>\n<div class=\"article-clear-div\"><\/div>\n<blockquote data-reset-char-count=\"true\"><p>&#8220;Estamos a punto de lanzar junto con el Gobierno de la Ciudad, un programa le hemos llamado: &#8220;<strong>Programa de\u00a0 Recompensas&#8221;<\/strong>, donde tenemos ubicados a generadores de violencia que incluso algunos cuentan con \u00f3rdenes de\u00a0<strong>aprehensi\u00f3n<\/strong>&#8220;, dijo la abogada la capital.<\/p>\n<div><\/div>\n<\/blockquote>\n<p data-t=\"{&quot;n&quot;:&quot;blueLinks&quot;}\">Godoy precis\u00f3 que con este programa buscan que sea tambi\u00e9n la &#8220;ciudadan\u00eda quienes nos ayuden aparte de todo el trabajo que se hace de coordinaci\u00f3n de la Secretar\u00eda (de Seguridad Ciudadana) que es muy importante el tema de\u00a0<strong>inteligencia\u00a0<\/strong>que tenemos juntos&#8221;.<\/p>\n<p data-t=\"{&quot;n&quot;:&quot;blueLinks&quot;}\">\n<p data-t=\"{&quot;n&quot;:&quot;blueLinks&quot;}\">Con informaci\u00f3n de Excelsior<\/p>\n","protected":false},"excerpt":{"rendered":"<p>Autoridades de la Ciudad de M\u00e9xico, lanzar\u00e1n un programa de\u00a0recompensas\u00a0para quienes aporten informaci\u00f3n que lleve a la localizaci\u00f3n de generadores de violencia. As\u00ed lo anunci\u00f3 la fiscal capitalina, Ernestina Godoy este lunes en\u00a0conferencia de prensa donde se anunci\u00f3 la reducci\u00f3n de un 32 % en la percepci\u00f3n de inseguridad en los habitantes de la CDMX. &#8220;Estamos a punto de lanzar junto con el Gobierno de la Ciudad, un programa le hemos llamado: &#8220;Programa de\u00a0 Recompensas&#8221;, donde tenemos ubicados a generadores de violencia que incluso algunos cuentan con \u00f3rdenes de\u00a0aprehensi\u00f3n&#8220;, dijo la abogada la capital. Godoy precis\u00f3 que con este programa [&hellip;]<\/p>\n","protected":false},"author":3,"featured_media":79695,"comment_status":"open","ping_status":"open","sticky":false,"template":"","format":"standard","meta":{"_jetpack_newsletter_access":"","_jetpack_dont_email_post_to_subs":false,"_jetpack_newsletter_tier_id":0,"_jetpack_memberships_contains_paywalled_content":false,"_jetpack_feature_clip_id":0,"_jetpack_memberships_contains_paid_content":false,"footnotes":"","jetpack_publicize_message":"","jetpack_publicize_feature_enabled":true,"jetpack_social_post_already_shared":true,"jetpack_social_options":{"image_generator_settings":{"template":"highway","default_image_id":0,"font":"","enabled":false},"version":2},"jetpack_post_was_ever_published":false},"categories":[75,72],"tags":[],"class_list":["post-79694","post","type-post","status-publish","format-standard","has-post-thumbnail","hentry","category-nacional","category-portada","post--single"],"jetpack_publicize_connections":[],"jetpack_featured_media_url":"https:\/\/ovelanalista.com\/wp-content\/uploads\/2023\/07\/FGJ.jpeg","jetpack_sharing_enabled":true,"_links":{"self":[{"href":"https:\/\/ovelanalista.com\/index.php?rest_route=\/wp\/v2\/posts\/79694","targetHints":{"allow":["GET"]}}],"collection":[{"href":"https:\/\/ovelanalista.com\/index.php?rest_route=\/wp\/v2\/posts"}],"about":[{"href":"https:\/\/ovelanalista.com\/index.php?rest_route=\/wp\/v2\/types\/post"}],"author":[{"embeddable":true,"href":"https:\/\/ovelanalista.com\/index.php?rest_route=\/wp\/v2\/users\/3"}],"replies":[{"embeddable":true,"href":"https:\/\/ovelanalista.com\/index.php?rest_route=%2Fwp%2Fv2%2Fcomments&post=79694"}],"version-history":[{"count":1,"href":"https:\/\/ovelanalista.com\/index.php?rest_route=\/wp\/v2\/posts\/79694\/revisions"}],"predecessor-version":[{"id":79696,"href":"https:\/\/ovelanalista.com\/index.php?rest_route=\/wp\/v2\/posts\/79694\/revisions\/79696"}],"wp:featuredmedia":[{"embeddable":true,"href":"https:\/\/ovelanalista.com\/index.php?rest_route=\/wp\/v2\/media\/79695"}],"wp:attachment":[{"href":"https:\/\/ovelanalista.com\/index.php?rest_route=%2Fwp%2Fv2%2Fmedia&parent=79694"}],"wp:term":[{"taxonomy":"category","embeddable":true,"href":"https:\/\/ovelanalista.com\/index.php?rest_route=%2Fwp%2Fv2%2Fcategories&post=79694"},{"taxonomy":"post_tag","embeddable":true,"href":"https:\/\/ovelanalista.com\/index.php?rest_route=%2Fwp%2Fv2%2Ftags&post=79694"}],"curies":[{"name":"wp","href":"https:\/\/api.w.org\/{rel}","templated":true}]}}