{"id":79700,"date":"2023-07-31T18:40:13","date_gmt":"2023-08-01T00:40:13","guid":{"rendered":"https:\/\/ovelanalista.com\/?p=79700"},"modified":"2023-07-31T16:20:36","modified_gmt":"2023-07-31T22:20:36","slug":"pib-de-mexico-crece-un-0-9-en-segundo-trimestre-de-2023-2","status":"publish","type":"post","link":"https:\/\/ovelanalista.com\/?p=79700","title":{"rendered":"PIB de M\u00e9xico crece un 0.9 % en segundo trimestre de 2023"},"content":{"rendered":"<div><b>El Inegi dio a conocer la Estimaci\u00f3n Oportuna del Producto Interno Bruto Trimestral de M\u00e9xico en el periodo abril-junio de 2023<\/b><\/div>\n<div><\/div>\n<div>El producto interno bruto (PIB) de M\u00e9xico creci\u00f3 un 0.9 por ciento trimestral en el periodo abril-junio de 2023, con lo que alcanz\u00f3 un m\u00e1ximo hist\u00f3rico, seg\u00fan cifras preliminares divulgadas este lunes por el Instituto Nacional de Estad\u00edstica y Geograf\u00eda (Inegi).<\/div>\n<div><\/div>\n<div>La subida, ligeramente por debajo de las expectativas del mercado, ocurri\u00f3 gracias a los avances trimestrales de todos los sectores: los servicios (1 %), la industria (0.8 %) y el agropecuario (0.8 %), detall\u00f3 el Inegi en su reporte, con base en cifras desestacionalizadas, sin factores coyunturales por temporada.<\/div>\n<div><\/div>\n<div>Adem\u00e1s, el PIB de M\u00e9xico aument\u00f3 un 3.7 por ciento interanual en el periodo de abril a junio de 2023, con lo que acumula un crecimiento tambi\u00e9n de 3.7 por ciento en lo que va del a\u00f1o, seg\u00fan cifras originales del instituto aut\u00f3nomo.<\/div>\n<div><\/div>\n<div>Este crecimiento fue resultado de incrementos anuales de las actividades terciarias (4.2 %), las secundarias (2.6 %), y las primarias (2.5 %).<\/div>\n<div><\/div>\n<div>Con estas estad\u00edsticas, la econom\u00eda de M\u00e9xico hila nueve trimestres consecutivos con subidas a tasa anual y siete con crecimiento a nivel trimestral.<\/div>\n<div><\/div>\n<div>En el primer semestre de 2023, hubo subidas interanuales de todos los sectores: de 4.2 % en servicios, de 2.5 % en la industria y de 2.4 % en el agropecuario.<\/div>\n<div><\/div>\n<div>El Inegi record\u00f3 que los datos de este lunes sobre el segundo trimestre son una estimaci\u00f3n oportuna, por lo que las cifras definitivas se publicar\u00e1n m\u00e1s adelante.<\/div>\n<div><\/div>\n<div>El avance de la econom\u00eda de M\u00e9xico se reporta tras difundirse la semana pasada que la econom\u00eda de Estados Unidos, a donde van m\u00e1s del 80 por ciento de las exportaciones de M\u00e9xico, creci\u00f3 un 0.6 por ciento trimestral de abril a junio, con lo que aumenta el n\u00famero de analistas que descartan una recesi\u00f3n.<\/div>\n<div><\/div>\n<div>El PIB de M\u00e9xico tambi\u00e9n se divulga en medio de mejoras en sus pron\u00f3sticos para este 2023.<\/div>\n<div><\/div>\n<div>El Fondo Monetario Internacional (FMI) elev\u00f3 la semana pasada a 2.6 por ciento el pron\u00f3stico de crecimiento de M\u00e9xico desde una cifra previa de 1.8 por ciento.<\/div>\n<div><\/div>\n<div>Mientras que la Secretar\u00eda de Hacienda y Cr\u00e9dito P\u00fablico (SHCP) estima ahora que el PIB aumentar\u00e1 \u201cal menos\u201d un 3 por ciento en 2023.<\/div>\n<div><\/div>\n<div>La econom\u00eda mexicana creci\u00f3 un 3.1 por ciento en 2022 impulsada por todos los sectores, mientras que en 2021 se increment\u00f3 en 4.8 por ciento, menor a la expectativa del Gobierno.<\/div>\n<div><\/div>\n<div><\/div>\n<div>M\u00e9xico fue uno de los pa\u00edses de Latinoam\u00e9rica que tard\u00f3 m\u00e1s en recuperar su PIB tras la pandemia de COVID-19, que caus\u00f3 una contracci\u00f3n hist\u00f3rica de 8.2 por ciento en 2020.<\/div>\n<div><\/div>\n<div>La econom\u00eda de M\u00e9xico creci\u00f3 un 2.1 por ciento en 2018, pero se contrajo 0.3 por ciento en 2019, el primer a\u00f1o de la presidencia de Andr\u00e9s Manuel L\u00f3pez Obrador.<\/div>\n<div><\/div>\n<div>Con informaci\u00f3n de EFE<\/div>\n","protected":false},"excerpt":{"rendered":"<p>El Inegi dio a conocer la Estimaci\u00f3n Oportuna del Producto Interno Bruto Trimestral de M\u00e9xico en el periodo abril-junio de 2023 El producto interno bruto (PIB) de M\u00e9xico creci\u00f3 un 0.9 por ciento trimestral en el periodo abril-junio de 2023, con lo que alcanz\u00f3 un m\u00e1ximo hist\u00f3rico, seg\u00fan cifras preliminares divulgadas este lunes por el Instituto Nacional de Estad\u00edstica y Geograf\u00eda (Inegi). La subida, ligeramente por debajo de las expectativas del mercado, ocurri\u00f3 gracias a los avances trimestrales de todos los sectores: los servicios (1 %), la industria (0.8 %) y el agropecuario (0.8 %), detall\u00f3 el Inegi en su [&hellip;]<\/p>\n","protected":false},"author":3,"featured_media":79702,"comment_status":"open","ping_status":"open","sticky":false,"template":"","format":"standard","meta":{"_jetpack_newsletter_access":"","_jetpack_dont_email_post_to_subs":false,"_jetpack_newsletter_tier_id":0,"_jetpack_memberships_contains_paywalled_content":false,"_jetpack_feature_clip_id":0,"_jetpack_memberships_contains_paid_content":false,"footnotes":"","jetpack_publicize_message":"","jetpack_publicize_feature_enabled":true,"jetpack_social_post_already_shared":true,"jetpack_social_options":{"image_generator_settings":{"template":"highway","default_image_id":0,"font":"","enabled":false},"version":2},"jetpack_post_was_ever_published":false},"categories":[75,72],"tags":[],"class_list":["post-79700","post","type-post","status-publish","format-standard","has-post-thumbnail","hentry","category-nacional","category-portada","post--single"],"jetpack_publicize_connections":[],"jetpack_featured_media_url":"https:\/\/ovelanalista.com\/wp-content\/uploads\/2023\/07\/Me\u0301xico.webp","jetpack_sharing_enabled":true,"_links":{"self":[{"href":"https:\/\/ovelanalista.com\/index.php?rest_route=\/wp\/v2\/posts\/79700","targetHints":{"allow":["GET"]}}],"collection":[{"href":"https:\/\/ovelanalista.com\/index.php?rest_route=\/wp\/v2\/posts"}],"about":[{"href":"https:\/\/ovelanalista.com\/index.php?rest_route=\/wp\/v2\/types\/post"}],"author":[{"embeddable":true,"href":"https:\/\/ovelanalista.com\/index.php?rest_route=\/wp\/v2\/users\/3"}],"replies":[{"embeddable":true,"href":"https:\/\/ovelanalista.com\/index.php?rest_route=%2Fwp%2Fv2%2Fcomments&post=79700"}],"version-history":[{"count":1,"href":"https:\/\/ovelanalista.com\/index.php?rest_route=\/wp\/v2\/posts\/79700\/revisions"}],"predecessor-version":[{"id":79703,"href":"https:\/\/ovelanalista.com\/index.php?rest_route=\/wp\/v2\/posts\/79700\/revisions\/79703"}],"wp:featuredmedia":[{"embeddable":true,"href":"https:\/\/ovelanalista.com\/index.php?rest_route=\/wp\/v2\/media\/79702"}],"wp:attachment":[{"href":"https:\/\/ovelanalista.com\/index.php?rest_route=%2Fwp%2Fv2%2Fmedia&parent=79700"}],"wp:term":[{"taxonomy":"category","embeddable":true,"href":"https:\/\/ovelanalista.com\/index.php?rest_route=%2Fwp%2Fv2%2Fcategories&post=79700"},{"taxonomy":"post_tag","embeddable":true,"href":"https:\/\/ovelanalista.com\/index.php?rest_route=%2Fwp%2Fv2%2Ftags&post=79700"}],"curies":[{"name":"wp","href":"https:\/\/api.w.org\/{rel}","templated":true}]}}