{"id":79701,"date":"2023-07-31T18:50:22","date_gmt":"2023-08-01T00:50:22","guid":{"rendered":"https:\/\/ovelanalista.com\/?p=79701"},"modified":"2023-07-31T16:21:21","modified_gmt":"2023-07-31T22:21:21","slug":"asesinan-a-dos-transportistas-y-queman-sus-camionetas-en-tixtla-guerrero-2","status":"publish","type":"post","link":"https:\/\/ovelanalista.com\/?p=79701","title":{"rendered":"Asesinan a dos transportistas y queman sus camionetas en Tixtla, Guerrero"},"content":{"rendered":"<div>Un comando intercept\u00f3 los veh\u00edculos en la colonia Abedul de Tixtla, Guerrero, y les prendi\u00f3 fuego con sus conductores adentro<\/div>\n<div><\/div>\n<div>Seg\u00fan medios locales, un comando intercept\u00f3 los veh\u00edculos pertenecientes la ruta Copalillo-Chilpancingo, con n\u00famero econ\u00f3micos 03 y 07, en la colonia Abedul de Tixtla.<\/div>\n<div><\/div>\n<div>Los sujetos armados incendiaron las dos camionetas tipo Urvan con todo y sus choferes adentro.<\/div>\n<div><\/div>\n<div>En redes sociales circul\u00f3 un video donde se ve a lejos c\u00f3mo las llamas consumen una de las urvans, as\u00ed como una densa nube de humo que pudo verse a la distancia.<\/div>\n<div><\/div>\n<div>Autoridades del estado de Guerrero iniciaron una carpeta de investigaci\u00f3n derivado de estos hechos.<\/div>\n<div><\/div>\n<div>Hace apenas unas dos semanas en Tixtla fueron quemados dos taxis del servicio p\u00fablico de Chilpancingo, lo que deriv\u00f3 en una jornada violenta en Chilpancingo.<\/div>\n<div><\/div>\n<div>Con informaci\u00f3n de L\u00f3pez-D\u00f3riga Digital y Quadrat\u00edn<\/div>\n","protected":false},"excerpt":{"rendered":"<p>Un comando intercept\u00f3 los veh\u00edculos en la colonia Abedul de Tixtla, Guerrero, y les prendi\u00f3 fuego con sus conductores adentro Seg\u00fan medios locales, un comando intercept\u00f3 los veh\u00edculos pertenecientes la ruta Copalillo-Chilpancingo, con n\u00famero econ\u00f3micos 03 y 07, en la colonia Abedul de Tixtla. Los sujetos armados incendiaron las dos camionetas tipo Urvan con todo y sus choferes adentro. En redes sociales circul\u00f3 un video donde se ve a lejos c\u00f3mo las llamas consumen una de las urvans, as\u00ed como una densa nube de humo que pudo verse a la distancia. Autoridades del estado de Guerrero iniciaron una carpeta de [&hellip;]<\/p>\n","protected":false},"author":3,"featured_media":74773,"comment_status":"open","ping_status":"open","sticky":false,"template":"","format":"standard","meta":{"_jetpack_newsletter_access":"","_jetpack_dont_email_post_to_subs":false,"_jetpack_newsletter_tier_id":0,"_jetpack_memberships_contains_paywalled_content":false,"_jetpack_feature_clip_id":0,"_jetpack_memberships_contains_paid_content":false,"footnotes":"","jetpack_publicize_message":"","jetpack_publicize_feature_enabled":true,"jetpack_social_post_already_shared":true,"jetpack_social_options":{"image_generator_settings":{"template":"highway","default_image_id":0,"font":"","enabled":false},"version":2},"jetpack_post_was_ever_published":false},"categories":[75,72],"tags":[],"class_list":["post-79701","post","type-post","status-publish","format-standard","has-post-thumbnail","hentry","category-nacional","category-portada","post--single"],"jetpack_publicize_connections":[],"jetpack_featured_media_url":"https:\/\/ovelanalista.com\/wp-content\/uploads\/2023\/05\/Cinta-amarilla-homicidios-660x330-1.jpeg","jetpack_sharing_enabled":true,"_links":{"self":[{"href":"https:\/\/ovelanalista.com\/index.php?rest_route=\/wp\/v2\/posts\/79701","targetHints":{"allow":["GET"]}}],"collection":[{"href":"https:\/\/ovelanalista.com\/index.php?rest_route=\/wp\/v2\/posts"}],"about":[{"href":"https:\/\/ovelanalista.com\/index.php?rest_route=\/wp\/v2\/types\/post"}],"author":[{"embeddable":true,"href":"https:\/\/ovelanalista.com\/index.php?rest_route=\/wp\/v2\/users\/3"}],"replies":[{"embeddable":true,"href":"https:\/\/ovelanalista.com\/index.php?rest_route=%2Fwp%2Fv2%2Fcomments&post=79701"}],"version-history":[{"count":1,"href":"https:\/\/ovelanalista.com\/index.php?rest_route=\/wp\/v2\/posts\/79701\/revisions"}],"predecessor-version":[{"id":79705,"href":"https:\/\/ovelanalista.com\/index.php?rest_route=\/wp\/v2\/posts\/79701\/revisions\/79705"}],"wp:featuredmedia":[{"embeddable":true,"href":"https:\/\/ovelanalista.com\/index.php?rest_route=\/wp\/v2\/media\/74773"}],"wp:attachment":[{"href":"https:\/\/ovelanalista.com\/index.php?rest_route=%2Fwp%2Fv2%2Fmedia&parent=79701"}],"wp:term":[{"taxonomy":"category","embeddable":true,"href":"https:\/\/ovelanalista.com\/index.php?rest_route=%2Fwp%2Fv2%2Fcategories&post=79701"},{"taxonomy":"post_tag","embeddable":true,"href":"https:\/\/ovelanalista.com\/index.php?rest_route=%2Fwp%2Fv2%2Ftags&post=79701"}],"curies":[{"name":"wp","href":"https:\/\/api.w.org\/{rel}","templated":true}]}}