{"id":79714,"date":"2023-07-31T19:30:25","date_gmt":"2023-08-01T01:30:25","guid":{"rendered":"https:\/\/ovelanalista.com\/?p=79714"},"modified":"2023-07-31T16:28:46","modified_gmt":"2023-07-31T22:28:46","slug":"presuntos-integrantes-del-cartel-de-sinaloa-incendian-camiones-en-chiapas","status":"publish","type":"post","link":"https:\/\/ovelanalista.com\/?p=79714","title":{"rendered":"Presuntos integrantes del c\u00e1rtel de Sinaloa incendian camiones en Chiapas"},"content":{"rendered":"<p data-t=\"{&quot;n&quot;:&quot;blueLinks&quot;}\">Presuntos integrantes del c\u00e1rtel de Sinaloa quemaron este lunes dos camiones de carga en el municipio de Mazapa de Madero, situado en la regi\u00f3n sierra de\u00a0Chiapas, informaron fuentes policiacas.<\/p>\n<p data-t=\"{&quot;n&quot;:&quot;blueLinks&quot;}\">Explicaron que las dos unidades fueron atrasadas sobre la v\u00eda y luego incendiadas durante la madrugada en el tramo de la carretera ubicado entre Motozintla y Frontera Comalapa.<\/p>\n<div class=\"article-clear-div\"><\/div>\n<div class=\"div-related-embed\" data-content-embed-type=\"auto\" data-reset-char-count=\"true\"><\/div>\n<p data-t=\"{&quot;n&quot;:&quot;blueLinks&quot;}\">Se\u00f1alaron que los sujetos dejaron una manta blanca con letras rojas con la siguiente leyenda: &#8220;Pueblo oprimido de Comalapa, estamos llegando para liberarlos de la mugre del CJNG. Vamos con todo. Atte. CDS&#8221;.<\/p>\n<p data-t=\"{&quot;n&quot;:&quot;blueLinks&quot;}\">Comentaron que debido a la quema de los camiones sobre la carretera, se suspendi\u00f3 el tr\u00e1nsito vehicular en la zona.<\/p>\n<p data-t=\"{&quot;n&quot;:&quot;blueLinks&quot;}\">Los c\u00e1rteles de Sinaloa y Jalisco Nueva Generaci\u00f3n (CJNG) est\u00e1n enfrentadas en esa regi\u00f3n fronteriza con Guatemala desde hace dos a\u00f1os, aproximadamente por la disputa del territorio.<\/p>\n<p data-t=\"{&quot;n&quot;:&quot;blueLinks&quot;}\">La noche del viernes, el llamado Movimiento Aut\u00f3nomo Ind\u00edgena Zapatista (MAIZ), ligado al CJNG, bloque\u00f3 durante m\u00e1s de 12 horas las entradas a Frontera Comalapa y Chicomuselo entre el viernes y el s\u00e1bado.<\/p>\n<p data-t=\"{&quot;n&quot;:&quot;blueLinks&quot;}\">\n<p data-t=\"{&quot;n&quot;:&quot;blueLinks&quot;}\">Con informaci\u00f3n de La Jornada<\/p>\n","protected":false},"excerpt":{"rendered":"<p>Presuntos integrantes del c\u00e1rtel de Sinaloa quemaron este lunes dos camiones de carga en el municipio de Mazapa de Madero, situado en la regi\u00f3n sierra de\u00a0Chiapas, informaron fuentes policiacas. Explicaron que las dos unidades fueron atrasadas sobre la v\u00eda y luego incendiadas durante la madrugada en el tramo de la carretera ubicado entre Motozintla y Frontera Comalapa. Se\u00f1alaron que los sujetos dejaron una manta blanca con letras rojas con la siguiente leyenda: &#8220;Pueblo oprimido de Comalapa, estamos llegando para liberarlos de la mugre del CJNG. Vamos con todo. Atte. CDS&#8221;. Comentaron que debido a la quema de los camiones sobre [&hellip;]<\/p>\n","protected":false},"author":3,"featured_media":79715,"comment_status":"open","ping_status":"open","sticky":false,"template":"","format":"standard","meta":{"_jetpack_newsletter_access":"","_jetpack_dont_email_post_to_subs":false,"_jetpack_newsletter_tier_id":0,"_jetpack_memberships_contains_paywalled_content":false,"_jetpack_feature_clip_id":0,"_jetpack_memberships_contains_paid_content":false,"footnotes":"","jetpack_publicize_message":"","jetpack_publicize_feature_enabled":true,"jetpack_social_post_already_shared":true,"jetpack_social_options":{"image_generator_settings":{"template":"highway","default_image_id":0,"font":"","enabled":false},"version":2},"jetpack_post_was_ever_published":false},"categories":[75,72],"tags":[],"class_list":["post-79714","post","type-post","status-publish","format-standard","has-post-thumbnail","hentry","category-nacional","category-portada","post--single"],"jetpack_publicize_connections":[],"jetpack_featured_media_url":"https:\/\/ovelanalista.com\/wp-content\/uploads\/2023\/07\/camio\u0301n.jpeg","jetpack_sharing_enabled":true,"_links":{"self":[{"href":"https:\/\/ovelanalista.com\/index.php?rest_route=\/wp\/v2\/posts\/79714","targetHints":{"allow":["GET"]}}],"collection":[{"href":"https:\/\/ovelanalista.com\/index.php?rest_route=\/wp\/v2\/posts"}],"about":[{"href":"https:\/\/ovelanalista.com\/index.php?rest_route=\/wp\/v2\/types\/post"}],"author":[{"embeddable":true,"href":"https:\/\/ovelanalista.com\/index.php?rest_route=\/wp\/v2\/users\/3"}],"replies":[{"embeddable":true,"href":"https:\/\/ovelanalista.com\/index.php?rest_route=%2Fwp%2Fv2%2Fcomments&post=79714"}],"version-history":[{"count":1,"href":"https:\/\/ovelanalista.com\/index.php?rest_route=\/wp\/v2\/posts\/79714\/revisions"}],"predecessor-version":[{"id":79716,"href":"https:\/\/ovelanalista.com\/index.php?rest_route=\/wp\/v2\/posts\/79714\/revisions\/79716"}],"wp:featuredmedia":[{"embeddable":true,"href":"https:\/\/ovelanalista.com\/index.php?rest_route=\/wp\/v2\/media\/79715"}],"wp:attachment":[{"href":"https:\/\/ovelanalista.com\/index.php?rest_route=%2Fwp%2Fv2%2Fmedia&parent=79714"}],"wp:term":[{"taxonomy":"category","embeddable":true,"href":"https:\/\/ovelanalista.com\/index.php?rest_route=%2Fwp%2Fv2%2Fcategories&post=79714"},{"taxonomy":"post_tag","embeddable":true,"href":"https:\/\/ovelanalista.com\/index.php?rest_route=%2Fwp%2Fv2%2Ftags&post=79714"}],"curies":[{"name":"wp","href":"https:\/\/api.w.org\/{rel}","templated":true}]}}