{"id":79718,"date":"2023-07-31T19:50:21","date_gmt":"2023-08-01T01:50:21","guid":{"rendered":"https:\/\/ovelanalista.com\/?p=79718"},"modified":"2023-07-31T16:35:43","modified_gmt":"2023-07-31T22:35:43","slug":"juez-da-ultimatum-a-la-sep-para-redisenar-libros-de-texto","status":"publish","type":"post","link":"https:\/\/ovelanalista.com\/?p=79718","title":{"rendered":"Juez da ultim\u00e1tum a la SEP para redise\u00f1ar libros de texto"},"content":{"rendered":"<p data-t=\"{&quot;n&quot;:&quot;blueLinks&quot;}\">La\u00a0<strong>jueza Yadira Mena,<\/strong>\u00a0titular del juzgado Tercero de Distrito en Materia Administrativa, fij\u00f3 este lunes un plazo de 24 horas para que la<strong>\u00a0Secretar\u00eda de Educaci\u00f3n P\u00fablica (SEP)<\/strong>\u00a0someta a consultas previas, cumpla otros requisitos legales y redise\u00f1e los<a tabindex=\"0\" href=\"https:\/\/www.excelsior.com.mx\/nacional\/la-sep-defiende-los-nuevos-libros-de-texto\/1600463\" target=\"_blank\" rel=\"noopener\" data-t=\"{&quot;n&quot;:&quot;destination&quot;,&quot;t&quot;:13,&quot;b&quot;:1,&quot;c.t&quot;:7}\"><strong>\u00a0libros de texto gratuitos<\/strong><\/a>\u00a0que se distribuir\u00e1n para el ciclo 2023-2024 del nivel b\u00e1sico.<\/p>\n<p data-t=\"{&quot;n&quot;:&quot;blueLinks&quot;}\">En respuesta a un amparo promovido por la Uni\u00f3n Nacional de Padres de Familia (UNPF), la juzgadora estableci\u00f3 que, desde el 29 de junio ya se hab\u00eda registrado un desacato a la suspensi\u00f3n definitiva por parte de la titular del SEP, Leticia Ram\u00edrez, y del director general de Materiales Educativos, Marx Arriaga.<\/p>\n<p data-t=\"{&quot;n&quot;:&quot;blueLinks&quot;}\">Ambos funcionarios se negaron a enviar una copia de los materiales para primaria y secundaria, con el argumento de que no son los encargados de la impresi\u00f3n y distribuci\u00f3n de los libros de texto.<\/p>\n<p data-t=\"{&quot;n&quot;:&quot;blueLinks&quot;}\">Por su parte, la\u00a0<strong>Comisi\u00f3n Nacional de los Libros de Texto Gratuito (Conaliteg)<\/strong>, responsable de esas tareas, se manifest\u00f3 imposibilitada para cumplir con los mandamientos de la suspensi\u00f3n definitiva.<\/p>\n<div class=\"article-clear-div\"><\/div>\n<blockquote data-reset-char-count=\"true\"><p>Se advierte que las autoridades responsables han sido omisas en dar cumplimiento cabal a la resoluci\u00f3n atinente a la suspensi\u00f3n definitiva dictada en autos&#8221;, manifest\u00f3 la jueza Mena en su resoluci\u00f3n, donde se da el ultim\u00e1tum a la SEP.<\/p><\/blockquote>\n<div class=\"div-related-embed\" data-content-embed-type=\"auto\" data-reset-char-count=\"true\"><\/div>\n<p data-t=\"{&quot;n&quot;:&quot;blueLinks&quot;}\">Los libros de texto ya se han distribuido para ser entregados a los estudiantes, para el ciclo lectivo 2023-2024, que iniciar\u00e1 la \u00faltima semana de agosto pr\u00f3ximo.<\/p>\n<p class=\"continue-read-break\" data-t=\"{&quot;n&quot;:&quot;blueLinks&quot;}\">En la suspensi\u00f3n resuelta en mayo pasado, la juez de Distrito en Materia Administrativa indic\u00f3 que para la impresi\u00f3n de los materiales la autoridad educativa se deber\u00eda apegar a los procedimientos establecidos en la ley, para cada una de las etapas de elaboraci\u00f3n de los materiales educativos.<\/p>\n<div class=\"article-clear-div\" tabindex=\"-1\" aria-expanded=\"true\"><\/div>\n<blockquote class=\"\" tabindex=\"-1\" data-reset-char-count=\"true\" aria-expanded=\"true\"><p>Solo de esta manera se garantiza su contenido pedag\u00f3gico acorde con el inter\u00e9s superior de la infancia, as\u00ed como con los objetivos democr\u00e1ticos y de formaci\u00f3n acad\u00e9mica; de ah\u00ed la necesidad de interacci\u00f3n con ciudadanos especializados y gobiernos estatales&#8221;, consider\u00f3 la jueza.<\/p><\/blockquote>\n<p class=\"\" tabindex=\"-1\" data-t=\"{&quot;n&quot;:&quot;blueLinks&quot;}\" aria-expanded=\"true\">Esta resoluci\u00f3n fue impugnada por la SEP, ante un Tribunal Colegiado de Circuito, en donde, hasta esta fecha no se ha dictado sentencia, por lo que se debe dar cumplimiento a lo estipulado en la suspensi\u00f3n definitiva.<\/p>\n<p class=\"\" tabindex=\"-1\" data-t=\"{&quot;n&quot;:&quot;blueLinks&quot;}\" aria-expanded=\"true\">En la suspensi\u00f3n del 29 de junio, la autoridad judicial consider\u00f3 que no se garantiz\u00f3 un procedimiento en el que participaran los gobiernos de los estados y especialistas en materia educativa, para definir los programas de estudio.<\/p>\n<p class=\"\" tabindex=\"-1\" data-t=\"{&quot;n&quot;:&quot;blueLinks&quot;}\" aria-expanded=\"true\">En caso de que no se respete el plazo de 24 horas impuesto a la SEP, tanto su titular, Ram\u00edrez, como el director general de Materiales Educativos, Arriaga, s\u00f3lo ser\u00e1n acreedores a una multa y ser\u00e1 decisi\u00f3n de la juez si presenta imputaciones por violaci\u00f3n a una suspensi\u00f3n, ante la Fiscal\u00eda General de la Rep\u00fablica (FGR).<\/p>\n<p tabindex=\"-1\" data-t=\"{&quot;n&quot;:&quot;blueLinks&quot;}\" aria-expanded=\"true\">\n<p tabindex=\"-1\" data-t=\"{&quot;n&quot;:&quot;blueLinks&quot;}\" aria-expanded=\"true\">Con informaci\u00f3n de Excelsior<\/p>\n","protected":false},"excerpt":{"rendered":"<p>La\u00a0jueza Yadira Mena,\u00a0titular del juzgado Tercero de Distrito en Materia Administrativa, fij\u00f3 este lunes un plazo de 24 horas para que la\u00a0Secretar\u00eda de Educaci\u00f3n P\u00fablica (SEP)\u00a0someta a consultas previas, cumpla otros requisitos legales y redise\u00f1e los\u00a0libros de texto gratuitos\u00a0que se distribuir\u00e1n para el ciclo 2023-2024 del nivel b\u00e1sico. En respuesta a un amparo promovido por la Uni\u00f3n Nacional de Padres de Familia (UNPF), la juzgadora estableci\u00f3 que, desde el 29 de junio ya se hab\u00eda registrado un desacato a la suspensi\u00f3n definitiva por parte de la titular del SEP, Leticia Ram\u00edrez, y del director general de Materiales Educativos, Marx Arriaga. [&hellip;]<\/p>\n","protected":false},"author":3,"featured_media":79721,"comment_status":"open","ping_status":"open","sticky":false,"template":"","format":"standard","meta":{"_jetpack_newsletter_access":"","_jetpack_dont_email_post_to_subs":false,"_jetpack_newsletter_tier_id":0,"_jetpack_memberships_contains_paywalled_content":false,"_jetpack_feature_clip_id":0,"_jetpack_memberships_contains_paid_content":false,"footnotes":"","jetpack_publicize_message":"","jetpack_publicize_feature_enabled":true,"jetpack_social_post_already_shared":true,"jetpack_social_options":{"image_generator_settings":{"template":"highway","default_image_id":0,"font":"","enabled":false},"version":2},"jetpack_post_was_ever_published":false},"categories":[75,72],"tags":[],"class_list":["post-79718","post","type-post","status-publish","format-standard","has-post-thumbnail","hentry","category-nacional","category-portada","post--single"],"jetpack_publicize_connections":[],"jetpack_featured_media_url":"https:\/\/ovelanalista.com\/wp-content\/uploads\/2023\/07\/libros-sep.jpeg","jetpack_sharing_enabled":true,"_links":{"self":[{"href":"https:\/\/ovelanalista.com\/index.php?rest_route=\/wp\/v2\/posts\/79718","targetHints":{"allow":["GET"]}}],"collection":[{"href":"https:\/\/ovelanalista.com\/index.php?rest_route=\/wp\/v2\/posts"}],"about":[{"href":"https:\/\/ovelanalista.com\/index.php?rest_route=\/wp\/v2\/types\/post"}],"author":[{"embeddable":true,"href":"https:\/\/ovelanalista.com\/index.php?rest_route=\/wp\/v2\/users\/3"}],"replies":[{"embeddable":true,"href":"https:\/\/ovelanalista.com\/index.php?rest_route=%2Fwp%2Fv2%2Fcomments&post=79718"}],"version-history":[{"count":1,"href":"https:\/\/ovelanalista.com\/index.php?rest_route=\/wp\/v2\/posts\/79718\/revisions"}],"predecessor-version":[{"id":79722,"href":"https:\/\/ovelanalista.com\/index.php?rest_route=\/wp\/v2\/posts\/79718\/revisions\/79722"}],"wp:featuredmedia":[{"embeddable":true,"href":"https:\/\/ovelanalista.com\/index.php?rest_route=\/wp\/v2\/media\/79721"}],"wp:attachment":[{"href":"https:\/\/ovelanalista.com\/index.php?rest_route=%2Fwp%2Fv2%2Fmedia&parent=79718"}],"wp:term":[{"taxonomy":"category","embeddable":true,"href":"https:\/\/ovelanalista.com\/index.php?rest_route=%2Fwp%2Fv2%2Fcategories&post=79718"},{"taxonomy":"post_tag","embeddable":true,"href":"https:\/\/ovelanalista.com\/index.php?rest_route=%2Fwp%2Fv2%2Ftags&post=79718"}],"curies":[{"name":"wp","href":"https:\/\/api.w.org\/{rel}","templated":true}]}}