{"id":79733,"date":"2023-08-01T10:40:08","date_gmt":"2023-08-01T16:40:08","guid":{"rendered":"https:\/\/ovelanalista.com\/?p=79733"},"modified":"2023-08-01T10:24:03","modified_gmt":"2023-08-01T16:24:03","slug":"amlo-confirma-acuerdo-con-ee-uu-para-atender-a-migrantes-en-sur-de-mexico","status":"publish","type":"post","link":"https:\/\/ovelanalista.com\/?p=79733","title":{"rendered":"AMLO confirma acuerdo con EE.UU. para atender a migrantes en sur de M\u00e9xico"},"content":{"rendered":"<p>L\u00f3pez Obrador confirm\u00f3 que se instalar\u00e1 un \u201cespacio internacional multiprop\u00f3sito\u201d en el sur del pa\u00eds para atender a migrantes<\/p>\n<p>El presidente mexicano,\u00a0<strong><a href=\"https:\/\/twitter.com\/lopezobrador_\" target=\"_blank\" rel=\"noopener noreferrer\">Andr\u00e9s Manuel<\/a>\u00a0L\u00f3pez Obrador<\/strong>, confirm\u00f3 este martes un\u00a0<strong>acuerdo con EE.UU.<\/strong>\u00a0para que esa naci\u00f3n acepte solicitudes de\u00a0<strong>asilo de migrantes<\/strong>\u00a0que ya est\u00e1n en\u00a0<strong>M\u00e9xico<\/strong>, que a su vez\u00a0<strong>instalar\u00e1 un \u201cespacio internacional multiprop\u00f3sito\u201d<\/strong>\u00a0en el\u00a0<strong>sur<\/strong>\u00a0del pa\u00eds para atender a extranjeros.<\/p>\n<blockquote><p>Lo est\u00e1 viendo la secretaria de Relaciones Exteriores,\u00a0<strong>Alicia B\u00e1rcena<\/strong>, va a ir a\u00a0<strong>Chiapas<\/strong>\u00a0en esta semana, porque lo que se busca es que pueda haber opciones de trabajo, de capacitaci\u00f3n, para migrantes. Y al mismo tiempo que puedan hacer sus tr\u00e1mites para llegar a Estados Unidos los que lo deseen\u201d, dijo el mandatario.<\/p><\/blockquote>\n<p>El gobernante mexicano se refiri\u00f3 en su conferencia matutina al anuncio que hizo la\u00a0<strong>Casa Blanca<\/strong>\u00a0el viernes pasado, cuando indic\u00f3 que\u00a0<strong>Estados Unidos<\/strong>\u00a0aceptar\u00e1 peticiones de asilo de nacionales de\u00a0<strong>Cuba, Hait\u00ed, Nicaragua y Venezuela<\/strong>\u00a0que\u00a0<a href=\"https:\/\/lopezdoriga.com\/nacional\/frontera-norte-mexico-espera-proxima-ola-migratoria-nuevo-acuerdo-eeuu\/\" target=\"_blank\" rel=\"noopener\">ya est\u00e1n en M\u00e9xico<\/a>\u00a0a la espera de cruzar a territorio estadounidense.<\/p>\n<p>El anuncio resulta de un acuerdo que llega d\u00edas despu\u00e9s de una reuni\u00f3n en Ciudad de M\u00e9xico entre una delegaci\u00f3n estadounidense y L\u00f3pez Obrador, seg\u00fan el comunicado del asesor de seguridad nacional de la Casa Blanca,\u00a0<strong>Jake Sullivan<\/strong>.<\/p>\n<p>\u201cEn el caso de Estados Unidos, (su compromiso) es que los que est\u00e1n en M\u00e9xico que no pudieron en sus lugares de origen hacer sus tr\u00e1mites que los puedan hacer en M\u00e9xico para ir a Estados Unidos. S\u00ed, se va a abrir esa posibilidad para los que ya est\u00e1n\u201d, detall\u00f3 ahora L\u00f3pez Obrador.<\/p>\n<p>El mandatario reconoci\u00f3 el compromiso de M\u00e9xico a crear un espacio en el sur del pa\u00eds para ofrecer nuevas opciones de asilo y de empleo a migrantes.<\/p>\n<p>El presidente indic\u00f3 que en este espacio \u201cpodr\u00edan estar consulados m\u00f3viles (de Estados Unidos) para los que no han hecho sus tr\u00e1mites y que est\u00e1n aqu\u00ed en la Rep\u00fablica mexicana, en el sureste\u201d.<\/p>\n<p>A\u00fan as\u00ed, evadi\u00f3 m\u00e1s detalles sobre la ubicaci\u00f3n exacta y la fecha de apertura del espacio, al prometer m\u00e1s informaci\u00f3n dentro de \u201cdos o tres meses\u201d.<\/p>\n<blockquote><p>Se est\u00e1 viendo cu\u00e1l es la mejor opci\u00f3n, pero no solo es el tr\u00e1mite, sino lo que se plantea es que haya, desde luego que eso lo estamos ofreciendo, albergues, alimentaci\u00f3n, atenci\u00f3n m\u00e9dica, cuidado y tambi\u00e9n oportunidades de trabajo, porque ahora nuestro pa\u00eds tiene posibilidad para que puedan ofrecerse empleos\u201d, dijo.<\/p><\/blockquote>\n<p>El acuerdo es parte de los cambios migratorios de Estados Unidos este a\u00f1o, como el ofrecer asilo a nacionales de Cuba, Nicaragua, Hait\u00ed y Venezuela, y la expiraci\u00f3n del T\u00edtulo 42, una medida que expulsaba de inmediato a migrantes con el argumento de la pandemia.<\/p>\n<p>\u201cEstados Unidos ya estableci\u00f3 un mecanismo para hacer tr\u00e1mites y lograr ingresar a ese pa\u00eds de manera legal, eso no exist\u00eda anteriormente, eso hay que reconocerlo, es un planteamiento del presidente (Joe) Biden\u201d, coment\u00f3 L\u00f3pez Obrador.<\/p>\n<p>Con informaci\u00f3n de EFE<\/p>\n","protected":false},"excerpt":{"rendered":"<p>L\u00f3pez Obrador confirm\u00f3 que se instalar\u00e1 un \u201cespacio internacional multiprop\u00f3sito\u201d en el sur del pa\u00eds para atender a migrantes El presidente mexicano,\u00a0Andr\u00e9s Manuel\u00a0L\u00f3pez Obrador, confirm\u00f3 este martes un\u00a0acuerdo con EE.UU.\u00a0para que esa naci\u00f3n acepte solicitudes de\u00a0asilo de migrantes\u00a0que ya est\u00e1n en\u00a0M\u00e9xico, que a su vez\u00a0instalar\u00e1 un \u201cespacio internacional multiprop\u00f3sito\u201d\u00a0en el\u00a0sur\u00a0del pa\u00eds para atender a extranjeros. Lo est\u00e1 viendo la secretaria de Relaciones Exteriores,\u00a0Alicia B\u00e1rcena, va a ir a\u00a0Chiapas\u00a0en esta semana, porque lo que se busca es que pueda haber opciones de trabajo, de capacitaci\u00f3n, para migrantes. Y al mismo tiempo que puedan hacer sus tr\u00e1mites para llegar a Estados Unidos [&hellip;]<\/p>\n","protected":false},"author":3,"featured_media":79735,"comment_status":"open","ping_status":"open","sticky":false,"template":"","format":"standard","meta":{"_jetpack_newsletter_access":"","_jetpack_dont_email_post_to_subs":false,"_jetpack_newsletter_tier_id":0,"_jetpack_memberships_contains_paywalled_content":false,"_jetpack_feature_clip_id":0,"_jetpack_memberships_contains_paid_content":false,"footnotes":"","jetpack_publicize_message":"","jetpack_publicize_feature_enabled":true,"jetpack_social_post_already_shared":true,"jetpack_social_options":{"image_generator_settings":{"template":"highway","default_image_id":0,"font":"","enabled":false},"version":2},"jetpack_post_was_ever_published":false},"categories":[75,72],"tags":[],"class_list":["post-79733","post","type-post","status-publish","format-standard","has-post-thumbnail","hentry","category-nacional","category-portada","post--single"],"jetpack_publicize_connections":[],"jetpack_featured_media_url":"https:\/\/ovelanalista.com\/wp-content\/uploads\/2023\/08\/migrantes-tapachula-chiapas-2.webp","jetpack_sharing_enabled":true,"_links":{"self":[{"href":"https:\/\/ovelanalista.com\/index.php?rest_route=\/wp\/v2\/posts\/79733","targetHints":{"allow":["GET"]}}],"collection":[{"href":"https:\/\/ovelanalista.com\/index.php?rest_route=\/wp\/v2\/posts"}],"about":[{"href":"https:\/\/ovelanalista.com\/index.php?rest_route=\/wp\/v2\/types\/post"}],"author":[{"embeddable":true,"href":"https:\/\/ovelanalista.com\/index.php?rest_route=\/wp\/v2\/users\/3"}],"replies":[{"embeddable":true,"href":"https:\/\/ovelanalista.com\/index.php?rest_route=%2Fwp%2Fv2%2Fcomments&post=79733"}],"version-history":[{"count":1,"href":"https:\/\/ovelanalista.com\/index.php?rest_route=\/wp\/v2\/posts\/79733\/revisions"}],"predecessor-version":[{"id":79736,"href":"https:\/\/ovelanalista.com\/index.php?rest_route=\/wp\/v2\/posts\/79733\/revisions\/79736"}],"wp:featuredmedia":[{"embeddable":true,"href":"https:\/\/ovelanalista.com\/index.php?rest_route=\/wp\/v2\/media\/79735"}],"wp:attachment":[{"href":"https:\/\/ovelanalista.com\/index.php?rest_route=%2Fwp%2Fv2%2Fmedia&parent=79733"}],"wp:term":[{"taxonomy":"category","embeddable":true,"href":"https:\/\/ovelanalista.com\/index.php?rest_route=%2Fwp%2Fv2%2Fcategories&post=79733"},{"taxonomy":"post_tag","embeddable":true,"href":"https:\/\/ovelanalista.com\/index.php?rest_route=%2Fwp%2Fv2%2Ftags&post=79733"}],"curies":[{"name":"wp","href":"https:\/\/api.w.org\/{rel}","templated":true}]}}