{"id":79734,"date":"2023-08-01T10:30:19","date_gmt":"2023-08-01T16:30:19","guid":{"rendered":"https:\/\/ovelanalista.com\/?p=79734"},"modified":"2023-08-01T10:23:46","modified_gmt":"2023-08-01T16:23:46","slug":"amlo-asegura-que-nuevo-censo-de-desaparecidos-revela-disminucion-en-porcentaje-considerable","status":"publish","type":"post","link":"https:\/\/ovelanalista.com\/?p=79734","title":{"rendered":"AMLO asegura que nuevo censo de desaparecidos revela disminuci\u00f3n en \u201cporcentaje considerable\u201d"},"content":{"rendered":"<p>El presidente L\u00f3pez Obrador asever\u00f3 que este censo de desaparecidos en la Rep\u00fablica Mexicana se est\u00e1 realizando casa por casa.<\/p>\n<div class=\"entry-grid__content-area2 entry-main-text\">\n<div class=\"row\">\n<div class=\"col-12 col-lg-8\">\n<div class=\"article-content\">\n<p class=\"p1\"><span class=\"s1\"><a href=\"https:\/\/twitter.com\/lopezobrador_\" target=\"_blank\" rel=\"noreferrer noopener\"><b>Andr\u00e9s Manuel<\/b><\/a><\/span><b>\u00a0L\u00f3pez Obrador<\/b>, presidente de M\u00e9xico, dej\u00f3 en claro que\u00a0 el\u00a0<strong>nuevo censo<\/strong>\u00a0que realiza su Gobierno sobre\u00a0<strong>desaparecidos<\/strong>\u00a0en el pa\u00eds revela una\u00a0<strong>disminuci\u00f3n<\/strong>\u00a0de los casos en un \u201c<strong>porcentaje considerable<\/strong>\u201c.<\/p>\n<p class=\"p1\">En la conferencia matutina de Palacio Nacional, L\u00f3pez Obrador asever\u00f3 que este censo de\u00a0<strong>personas desaparecidas<\/strong>\u00a0se est\u00e1 realizando casa por casa.<\/p>\n<p>\u201cQue los familiares nos ayuden, porque s\u00ed se est\u00e1n visitando las casas. Afortunadamente, cosa que no da mucho gusto, personas que se declaraban desaparecidas se est\u00e1n encontrando, en un porcentaje considerable, que es lo que queremos dar a conocer m\u00e1s adelante cuando terminemos de hace el censo, pero ese es el m\u00e9todo principal: la visita a las casas, hablar con los familiares. No se trata de hacer da\u00f1o a nadie a contrario\u201d, indic\u00f3.<\/p>\n<div id=\"ros-inread-p8z7w6\" class=\"ad-container dfp-ad-unit ad-inread ad-main-inread ad-slot\" data-ad-type=\"inread\" data-slot=\"inread\" data-ad-loaded=\"1\" data-ad-setup=\"{&quot;postID&quot;:1548942,&quot;canRefresh&quot;:false,&quot;infinitescroll&quot;:false}\" data-google-query-id=\"CLDN5IXvu4ADFRTTKAUdxBoKdQ\">\n<div id=\"google_ads_iframe_\/76814929\/ld\/inread_0__container__\">\n<blockquote><p>Es que s\u00ed hay una disminuci\u00f3n (en el n\u00famero de personas desaparecidas), lo que sucedi\u00f3 es que no se actualizaban los datos\u201d, se\u00f1al\u00f3.<\/p><\/blockquote>\n<p>Al mandatario mexicano le llam\u00f3 la atenci\u00f3n que hab\u00eda m\u00e1s desaparecidos en su Gobierno que en la Administraci\u00f3n de\u00a0<strong>Felipe Calder\u00f3n<\/strong>\u00a0(2006-2012), cuando se declar\u00f3 la guerra al crimen organizado.<\/p>\n<blockquote><p>Se empezaron a dar cifras y nos llama la atenci\u00f3n que hab\u00eda m\u00e1s desaparecidos en tiempo nuestro que en todo el tiempo de los anteriores Gobiernos. Imag\u00ednense, nos comparaban y ten\u00edamos m\u00e1s desaparecidos que en la \u00e9poca de la guerra de (Felipe) Calder\u00f3n y lo estaban usando nuestros adversarios, ya ven que esos est\u00e1n al acecho y no les importa lucrar con el dolor ajeno, son tiempos de zopilotes\u201d, manifest\u00f3.<\/p><\/blockquote>\n<p>\u201cEntonces ped\u00ed una informaci\u00f3n sobre esto y llegamos a la conclusi\u00f3n de que los censos no estaban actualizados y que ten\u00edamos que hacer un nuevo censo, una revisi\u00f3n casa por casa y lo estamos haciendo en todo el pa\u00eds, afortunadamente estamos encontrando a mucha gente que aparec\u00eda en los registros como ausente, desaparecida\u201d, subray\u00f3.<\/p>\n<p>\u201cEntonces a lo mejor eso no les gusta, como muchas otras cosas, a nuestros adversarios, pero les ofrecemos disculpas por las obras que estamos realizando, ya sabemos que no les gustan muchas cosas, casi nada de lo que hacemos, pero tenemos el derecho a la defensa, a la r\u00e9plica, a informar, y eso es lo que se est\u00e1 haciendo\u201d, agreg\u00f3.<\/p>\n<p><strong>Colectivos<\/strong>\u00a0que integran el\u00a0<strong>Movimiento por Nuestros Desaparecidos M\u00e9xico<\/strong>\u00a0(MNDM)\u00a0<a href=\"https:\/\/movndmx.org\/el-mndm-hace-un-llamado-a-las-autoridades-encargadas-de-actualizar-datos-del-rnpdno-ser-transparentes-y-documentar-debidamente-evitando-revictimizar-a-las-familias-de-personas-desaparecidas\/\" target=\"_blank\" rel=\"noopener noreferrer\">pidieron en un comunicado<\/a>\u00a0al presidente\u00a0<strong>Andr\u00e9s Manuel\u00a0<a href=\"https:\/\/lopezdoriga.com\/nacional\/gobierno-no-quedado-deber-madres-familiares-desaparecidos-amlo-lopez-obrador\/\" target=\"_blank\" rel=\"noopener\">L\u00f3pez Obrador<\/a><\/strong>\u00a0<strong>suspender<\/strong>\u00a0el\u00a0<strong>censo<\/strong>\u00a0sobre\u00a0<strong>personas desaparecidas<\/strong>\u00a0en el pa\u00eds.<\/p>\n<p>Lo anterior hasta que se explique su metodolog\u00eda y se realicen consultas a las familias, adem\u00e1s de que consideraron que hasta ahora el m\u00e9todo para llevarlo a cabo es revictimizante.<\/p>\n<p>Seg\u00fan se apunt\u00f3 en el comunicado, la estrategia del Gobierno est\u00e1 dise\u00f1ada para confirmar solo aquellos casos en los que se presume localizaci\u00f3n con la intenci\u00f3n de disminuir la cifra de personas desaparecidas del\u00a0<strong>Registro Nacional de Personas Desaparecidas y No Localizadas<\/strong>\u00a0(<strong>RNPDNO<\/strong>).<\/p>\n<p>Con base en el registro de vacunaci\u00f3n y nombres de desaparecidos, familias han recibido visitas de las Comisiones de B\u00fasqueda y otros servidores p\u00fablicos para consultar si sus seres queridos han sido localizados.<\/p>\n<p class=\"p1\">Con informaci\u00f3n de L\u00f3pez-D\u00f3riga Digital<\/p>\n<\/div>\n<\/div>\n<\/div>\n<\/div>\n<\/div>\n<\/div>\n","protected":false},"excerpt":{"rendered":"<p>El presidente L\u00f3pez Obrador asever\u00f3 que este censo de desaparecidos en la Rep\u00fablica Mexicana se est\u00e1 realizando casa por casa. Andr\u00e9s Manuel\u00a0L\u00f3pez Obrador, presidente de M\u00e9xico, dej\u00f3 en claro que\u00a0 el\u00a0nuevo censo\u00a0que realiza su Gobierno sobre\u00a0desaparecidos\u00a0en el pa\u00eds revela una\u00a0disminuci\u00f3n\u00a0de los casos en un \u201cporcentaje considerable\u201c. En la conferencia matutina de Palacio Nacional, L\u00f3pez Obrador asever\u00f3 que este censo de\u00a0personas desaparecidas\u00a0se est\u00e1 realizando casa por casa. \u201cQue los familiares nos ayuden, porque s\u00ed se est\u00e1n visitando las casas. Afortunadamente, cosa que no da mucho gusto, personas que se declaraban desaparecidas se est\u00e1n encontrando, en un porcentaje considerable, que es lo [&hellip;]<\/p>\n","protected":false},"author":3,"featured_media":79737,"comment_status":"open","ping_status":"open","sticky":false,"template":"","format":"standard","meta":{"_jetpack_newsletter_access":"","_jetpack_dont_email_post_to_subs":false,"_jetpack_newsletter_tier_id":0,"_jetpack_memberships_contains_paywalled_content":false,"_jetpack_feature_clip_id":0,"_jetpack_memberships_contains_paid_content":false,"footnotes":"","jetpack_publicize_message":"","jetpack_publicize_feature_enabled":true,"jetpack_social_post_already_shared":true,"jetpack_social_options":{"image_generator_settings":{"template":"highway","default_image_id":0,"font":"","enabled":false},"version":2},"jetpack_post_was_ever_published":false},"categories":[75,72],"tags":[],"class_list":["post-79734","post","type-post","status-publish","format-standard","has-post-thumbnail","hentry","category-nacional","category-portada","post--single"],"jetpack_publicize_connections":[],"jetpack_featured_media_url":"https:\/\/ovelanalista.com\/wp-content\/uploads\/2023\/08\/manifestacion-de-hijos-y-familiares-de-papas-desaparecidos-en-el-marco-del-dia-del-padre.webp","jetpack_sharing_enabled":true,"_links":{"self":[{"href":"https:\/\/ovelanalista.com\/index.php?rest_route=\/wp\/v2\/posts\/79734","targetHints":{"allow":["GET"]}}],"collection":[{"href":"https:\/\/ovelanalista.com\/index.php?rest_route=\/wp\/v2\/posts"}],"about":[{"href":"https:\/\/ovelanalista.com\/index.php?rest_route=\/wp\/v2\/types\/post"}],"author":[{"embeddable":true,"href":"https:\/\/ovelanalista.com\/index.php?rest_route=\/wp\/v2\/users\/3"}],"replies":[{"embeddable":true,"href":"https:\/\/ovelanalista.com\/index.php?rest_route=%2Fwp%2Fv2%2Fcomments&post=79734"}],"version-history":[{"count":1,"href":"https:\/\/ovelanalista.com\/index.php?rest_route=\/wp\/v2\/posts\/79734\/revisions"}],"predecessor-version":[{"id":79738,"href":"https:\/\/ovelanalista.com\/index.php?rest_route=\/wp\/v2\/posts\/79734\/revisions\/79738"}],"wp:featuredmedia":[{"embeddable":true,"href":"https:\/\/ovelanalista.com\/index.php?rest_route=\/wp\/v2\/media\/79737"}],"wp:attachment":[{"href":"https:\/\/ovelanalista.com\/index.php?rest_route=%2Fwp%2Fv2%2Fmedia&parent=79734"}],"wp:term":[{"taxonomy":"category","embeddable":true,"href":"https:\/\/ovelanalista.com\/index.php?rest_route=%2Fwp%2Fv2%2Fcategories&post=79734"},{"taxonomy":"post_tag","embeddable":true,"href":"https:\/\/ovelanalista.com\/index.php?rest_route=%2Fwp%2Fv2%2Ftags&post=79734"}],"curies":[{"name":"wp","href":"https:\/\/api.w.org\/{rel}","templated":true}]}}