{"id":79740,"date":"2023-08-01T11:00:28","date_gmt":"2023-08-01T17:00:28","guid":{"rendered":"https:\/\/ovelanalista.com\/?p=79740"},"modified":"2023-08-01T10:27:45","modified_gmt":"2023-08-01T16:27:45","slug":"no-van-a-votar-por-el-advierte-amlo-al-gobernador-texano-greg-abbott-tras-colocacion-de-boyas-en-rio-bravo","status":"publish","type":"post","link":"https:\/\/ovelanalista.com\/?p=79740","title":{"rendered":"\u201cNo van a votar por \u00e9l\u201d, advierte AMLO al gobernador texano Greg Abbott tras colocaci\u00f3n de boyas en r\u00edo Bravo"},"content":{"rendered":"<p>L\u00f3pez Obrador calific\u00f3 como \u201cactitud ofensiva\u201d, de \u201cconfrontaci\u00f3n y divisi\u00f3n\u201d, la colocaci\u00f3n de boyas por parte del Gobierno de Greg Abbott.<\/p>\n<p class=\"p1\">El presidente de M\u00e9xico,\u00a0<a href=\"https:\/\/twitter.com\/lopezobrador_\" target=\"_blank\" rel=\"noreferrer noopener\"><span class=\"s1\"><b>Andr\u00e9s Manuel<\/b><\/span><\/a><b>\u00a0L\u00f3pez Obrador<\/b>, indic\u00f3 que las\u00a0<strong>boyas<\/strong>\u00a0que coloca el Gobierno texano de\u00a0<strong>Greg Abbott<\/strong>\u00a0en el\u00a0<strong>r\u00edo Bravo<\/strong>\u00a0le resultar\u00e1\u00a0<strong>contraproducente<\/strong>\u00a0al pol\u00edtico republicano, y advirti\u00f3 que la gente no votar\u00e1 por \u00e9l.<\/p>\n<p class=\"p1\">En la conferencia matutina de Palacio Nacional, L\u00f3pez Obrador calific\u00f3 como una \u201c<strong>actitud ofensiva<\/strong>\u201c, as\u00ed como de \u201c<strong>confrontaci\u00f3n y divisi\u00f3n<\/strong>\u201c, la colocaci\u00f3n del muro flotante por parte del Gobierno de\u00a0<strong>Texas<\/strong>.<\/p>\n<p>\u201cSomos pueblos vecinos y hermanos, c\u00f3mo van a estar viendo bien lo que est\u00e1 haciendo el gobernador de Texas de poner esa alambrada en el r\u00edo, esa actitud ofensiva, publicitaria, incitando a la confrontaci\u00f3n, a la divisi\u00f3n; que en vez de unirnos y tener buenas relaciones, separarnos con alambradas, y todo por los votos\u201d, dijo.<\/p>\n<div id=\"ros-inread-efipyj\" class=\"ad-container dfp-ad-unit ad-inread ad-main-inread ad-slot\" data-ad-type=\"inread\" data-slot=\"inread\" data-ad-loaded=\"1\" data-ad-setup=\"{&quot;postID&quot;:1548937,&quot;canRefresh&quot;:false,&quot;infinitescroll&quot;:false}\" data-google-query-id=\"CNbRgZHwu4ADFZLHKAUdYQsHjQ\"><\/div>\n<div data-ad-type=\"inread\" data-slot=\"inread\" data-ad-loaded=\"1\" data-ad-setup=\"{&quot;postID&quot;:1548937,&quot;canRefresh&quot;:false,&quot;infinitescroll&quot;:false}\" data-google-query-id=\"CNbRgZHwu4ADFZLHKAUdYQsHjQ\">\n<blockquote><p>Yo creo que le va a salir contraproducente, porque la gente no va a votar por \u00e9l. Adem\u00e1s en Texas hay muchos de origen mexicano, muchos, muchos paisanos, y tambi\u00e9n de otros pa\u00edses de Am\u00e9rica Latina, y muchos migrantes\u201d, puntualiz\u00f3.<\/p><\/blockquote>\n<p>El gobernador Greg Abbott orden\u00f3 a principios de mes la instalaci\u00f3n en el r\u00edo Bravo de una barrera de boyas, adem\u00e1s de un alambrado para impedir el cruce de migrantes desde M\u00e9xico.<\/p>\n<p>Abbott, conocido por su discurso antiinmigraci\u00f3n, acus\u00f3 al presidente de Estados Unidos, Joe Biden, de inacci\u00f3n ante la llegada de migrantes a la frontera sur y afirm\u00f3 en una carta que \u201cTexas utilizar\u00e1 plenamente su autoridad constitucional para lidiar\u201d con esta crisis.<\/p>\n<p>El Departamento de Justicia de Estados Unidos\u00a0<a href=\"https:\/\/lopezdoriga.com\/internacional\/estados-unidos-demanda-a-texas-por-colocar-boyas-en-el-rio-grande\/\" target=\"_blank\" rel=\"noopener\">demand\u00f3<\/a>\u00a0hace unos d\u00edas al estado de Texas por haber instalado sin autorizaci\u00f3n federal una barrera de\u00a0<strong>boyas<\/strong>\u00a0en el r\u00edo Grande (tambi\u00e9n r\u00edo Bravo), frontera natural entre ambos pa\u00edses, para frenar el paso de\u00a0<strong>migrantes<\/strong>.<\/p>\n<p>La Fiscal\u00eda acusa al gobernador Abbott de incumplir la Ley de r\u00edos de 1899, poner en riesgo a los migrantes y de da\u00f1ar el medioambiente.<\/p>\n<p>En la demanda tambi\u00e9n advirti\u00f3 que la barrera flotante pone \u201cen riesgo la pol\u00edtica exterior de Estados Unidos\u201d, ya que el Gobierno de M\u00e9xico emiti\u00f3 una\u00a0protesta diplom\u00e1tica\u00a0por su instalaci\u00f3n.<\/p>\n<p>A ra\u00edz de esta situaci\u00f3n, el\u00a0<strong>Gobierno de M\u00e9xico<\/strong>\u00a0envi\u00f3\u00a0<strong>dos<\/strong>\u00a0<a href=\"https:\/\/lopezdoriga.com\/nacional\/mexico-envia-notas-diplomaticas-eeuu-acusar-texas-violar-tratados-boyas-rio-bravo\/\" target=\"_blank\" rel=\"noopener\"><strong>notas diplom\u00e1ticas<\/strong><\/a>\u00a0a\u00a0Estados Unidos\u00a0en la que acusa a\u00a0Texas\u00a0de violar tratados bilaterales de aguas y derechos humanos con las\u00a0<a href=\"https:\/\/lopezdoriga.com\/internacional\/estados-unidos-demanda-a-texas-por-colocar-boyas-en-el-rio-grande\/\" target=\"_blank\" rel=\"noopener\">boyas y el cerco de alambres<\/a>\u00a0que el gobernador\u00a0Greg Abbott\u00a0ha colocado en el\u00a0r\u00edo Bravo\u00a0para frenar a migrantes.<\/p>\n<p class=\"p1\">Con informaci\u00f3n de L\u00f3pez-D\u00f3riga Digital<\/p>\n<\/div>\n","protected":false},"excerpt":{"rendered":"<p>L\u00f3pez Obrador calific\u00f3 como \u201cactitud ofensiva\u201d, de \u201cconfrontaci\u00f3n y divisi\u00f3n\u201d, la colocaci\u00f3n de boyas por parte del Gobierno de Greg Abbott. El presidente de M\u00e9xico,\u00a0Andr\u00e9s Manuel\u00a0L\u00f3pez Obrador, indic\u00f3 que las\u00a0boyas\u00a0que coloca el Gobierno texano de\u00a0Greg Abbott\u00a0en el\u00a0r\u00edo Bravo\u00a0le resultar\u00e1\u00a0contraproducente\u00a0al pol\u00edtico republicano, y advirti\u00f3 que la gente no votar\u00e1 por \u00e9l. En la conferencia matutina de Palacio Nacional, L\u00f3pez Obrador calific\u00f3 como una \u201cactitud ofensiva\u201c, as\u00ed como de \u201cconfrontaci\u00f3n y divisi\u00f3n\u201c, la colocaci\u00f3n del muro flotante por parte del Gobierno de\u00a0Texas. \u201cSomos pueblos vecinos y hermanos, c\u00f3mo van a estar viendo bien lo que est\u00e1 haciendo el gobernador de Texas de [&hellip;]<\/p>\n","protected":false},"author":3,"featured_media":79743,"comment_status":"open","ping_status":"open","sticky":false,"template":"","format":"standard","meta":{"_jetpack_newsletter_access":"","_jetpack_dont_email_post_to_subs":false,"_jetpack_newsletter_tier_id":0,"_jetpack_memberships_contains_paywalled_content":false,"_jetpack_feature_clip_id":0,"_jetpack_memberships_contains_paid_content":false,"footnotes":"","jetpack_publicize_message":"","jetpack_publicize_feature_enabled":true,"jetpack_social_post_already_shared":true,"jetpack_social_options":{"image_generator_settings":{"template":"highway","default_image_id":0,"font":"","enabled":false},"version":2},"jetpack_post_was_ever_published":false},"categories":[75,72],"tags":[],"class_list":["post-79740","post","type-post","status-publish","format-standard","has-post-thumbnail","hentry","category-nacional","category-portada","post--single"],"jetpack_publicize_connections":[],"jetpack_featured_media_url":"https:\/\/ovelanalista.com\/wp-content\/uploads\/2023\/08\/greg-abbott-texas.webp","jetpack_sharing_enabled":true,"_links":{"self":[{"href":"https:\/\/ovelanalista.com\/index.php?rest_route=\/wp\/v2\/posts\/79740","targetHints":{"allow":["GET"]}}],"collection":[{"href":"https:\/\/ovelanalista.com\/index.php?rest_route=\/wp\/v2\/posts"}],"about":[{"href":"https:\/\/ovelanalista.com\/index.php?rest_route=\/wp\/v2\/types\/post"}],"author":[{"embeddable":true,"href":"https:\/\/ovelanalista.com\/index.php?rest_route=\/wp\/v2\/users\/3"}],"replies":[{"embeddable":true,"href":"https:\/\/ovelanalista.com\/index.php?rest_route=%2Fwp%2Fv2%2Fcomments&post=79740"}],"version-history":[{"count":1,"href":"https:\/\/ovelanalista.com\/index.php?rest_route=\/wp\/v2\/posts\/79740\/revisions"}],"predecessor-version":[{"id":79744,"href":"https:\/\/ovelanalista.com\/index.php?rest_route=\/wp\/v2\/posts\/79740\/revisions\/79744"}],"wp:featuredmedia":[{"embeddable":true,"href":"https:\/\/ovelanalista.com\/index.php?rest_route=\/wp\/v2\/media\/79743"}],"wp:attachment":[{"href":"https:\/\/ovelanalista.com\/index.php?rest_route=%2Fwp%2Fv2%2Fmedia&parent=79740"}],"wp:term":[{"taxonomy":"category","embeddable":true,"href":"https:\/\/ovelanalista.com\/index.php?rest_route=%2Fwp%2Fv2%2Fcategories&post=79740"},{"taxonomy":"post_tag","embeddable":true,"href":"https:\/\/ovelanalista.com\/index.php?rest_route=%2Fwp%2Fv2%2Ftags&post=79740"}],"curies":[{"name":"wp","href":"https:\/\/api.w.org\/{rel}","templated":true}]}}