{"id":79753,"date":"2023-08-02T09:36:04","date_gmt":"2023-08-02T15:36:04","guid":{"rendered":"https:\/\/ovelanalista.com\/?p=79753"},"modified":"2023-08-02T09:36:04","modified_gmt":"2023-08-02T15:36:04","slug":"fracasa-el-gobierno-en-pacificar-la-zona-serrana","status":"publish","type":"post","link":"https:\/\/ovelanalista.com\/?p=79753","title":{"rendered":"Fracasa el Gobierno en pacificar la zona serrana"},"content":{"rendered":"<p>*Fracasa el Gobierno en pacificar la zona serrana<br \/>\n*Alcalde pide a Dios que la paz regrese a Sinaloa municipio<br \/>\n*AMLO vino a Sinaloa de \u201cturismo pol\u00edtico\u201d, acusa Sergio Torres<br \/>\n*No hay nada concreto para relleno sanitario, pero viajaran a ver uno a Durango<br \/>\n*Despu\u00e9s de ser el primero en salir apoyar a Ad\u00e1n Augusto, Cuen dice ahora que se est\u00e1 violentando la Ley electoral<br \/>\nNo puede Gobierno pacificar la sierra.\u00a0A seis d\u00edas de que estall\u00f3 la violencia en la sierra sinaloense con limites con Chihuahua, el Gobierno ha fracasado. No han garantizado la seguridad para el retorno de los habitantes de las comunidades afectadas por esta violencia. Y ya hay quienes le piden a Dios que se acabe la ola de violencia.<\/p>\n<p>El mism\u00edsimo Alcalde de Sinaloa Municipio Rolando Mercado declar\u00f3 que \u201cesperemos en Dios\u201d que la violencia termine. Algunos de los que huyeron de la \u201cguerra\u201d que se libra en estos momentos en la sierra adelantaron que no ser\u00e1 f\u00e1cil que los enfrentamientos se acaben. La informaci\u00f3n es que comunidades completas se quedaron sin habitantes. Hay poblaciones \u201cfantasmas\u201d. Y el Alcalde de aquel municipio serre\u00f1o adelant\u00f3 que en estos momentos las condiciones para que regresen a sus hogares \u201cno son las adecuadas\u201d.<\/p>\n<p>En Salvador Alvarado se instal\u00f3 un refugio temporal para recibir a quienes est\u00e1n huyendo de la violencia. A las instalaciones del CBTIS arrib\u00f3 ayer el Gobernador Rub\u00e9n Rocha Moya ah\u00ed les dijo a los desplazados que su gobierno no los dejar\u00e1 solos. Que se les repondr\u00e1n los da\u00f1os que hayan recibido en sus propiedades. Y les pidi\u00f3 que no se desesperen y que \u201ccuando regresen, contar\u00e1n con seguridad extra por un tiempo\u201d.<br \/>\nRocha Moya pudo constatar que en ese refugio han sido recibidos vecinos de Sinaloa municipio y Mocorito. Entre los desplazados hay gente que definitivamente tiene temor en regresar a sus comunidades, a ellos se comprometi\u00f3 el Gobernador de apoyarlos para que se instalen en d\u00f3nde ellos prefieran. La actitud de las autoridades y sus declaraciones demuestran que el problema no se resolver\u00e1 pronto.<br \/>\nSe lanza Sergio Torres a la yugular de AMLO.\u00a0La \u201cconferencia naranja\u201d que cada semana realiza el l\u00edder de Movimiento Ciudadano en Sinaloa Sergio Torres fue el marc\u00f3 para lanzar una dura critica contra el Presidente L\u00f3pez Obrador. En referencia a la visita del Presidente el pasado fin de semana, Torres aseguro que en lugar de enviar alg\u00fan mensaje de apoyo a los miles de familias que est\u00e1n siendo afectadas por los \u201capagones\u201d, \u201cel se\u00f1or vino como otras veces lo ha hecho, a disfrutar de \u201cturismo pol\u00edtico\u201d. Y tiene raz\u00f3n ergio Torres.<\/p>\n<p>La llegada de las lluvias a Sinaloa ha venido acompa\u00f1ada de constantes \u201capagones\u201d y la CFE responsable de evitar esta situaci\u00f3n, no se ha responsabilizado por los da\u00f1os ocasionados a los electrodom\u00e9sticos. L\u00f3pez Obrador no hizo ninguna referencia a este delicado problema. La CFE ha demostrado ser una empresa deficiente e irresponsable, pues ha quedado en claro que por la falta de mantenimiento de sus l\u00edneas de distribuci\u00f3n los \u201capagones\u201d se han multiplicado en toda la geograf\u00eda sinaloense.<br \/>\nPreparan maletas.\u00a0El Alcalde, regidores y hasta periodistas ya est\u00e1n preparando maletas para viajar ma\u00f1ana a Durango. El motivo es visitar el relleno sanitario que se tiene en aquel lugar. En Mazatl\u00e1n a\u00fan no hay nada definido. Ni terreno, ni presupuesto debidamente autorizado. Nada.<\/p>\n<p>Lo que si est\u00e1 claro es el emplazamiento que el municipio tiene para que a la mayor brevedad se inicie un relleno sanitario pues el actual basur\u00f3n ya no resiste ni pasa los m\u00ednimos de seguridad que se requieren. Por lo pronto hay que viajar. Y ser\u00e1 a Durango. Pero tambi\u00e9n existe la posibilidad de que los \u201cviajeros\u201d vayan a Monterrey, d\u00f3nde tambi\u00e9n hay un relleno sanitario. Un tema al que se le debe de tener especial seguimiento.<br \/>\nTarde, pero le cay\u00f3 el veinte.\u00a0Luego de que fue el primero por arrancar una \u201ccampa\u00f1a\u201d a favor de la \u201ccorcholata\u201d Ad\u00e1n Augusto L\u00f3pez, el l\u00edder del Partido Sinaloense Melesio Cuen declar\u00f3 ayer que \u201cse est\u00e1 violentando la normatividad electoral\u201d. Y destac\u00f3 que adelantar el proceso electoral, \u201cpodr\u00eda ser perjudicial\u201d de frente a las elecciones del 2024. Habr\u00e1 que entender el contexto.<\/p>\n<p>Cuen en Sinaloa fue el primero en levantar la mano para apoyar p\u00fablicamente las aspiraciones de Ad\u00e1n Augusto. El PAS se declar\u00f3 en apoyo publico y total para el aquel entonces Secretario de Gobernaci\u00f3n. Cuen desoy\u00f3 al Gobernador Rub\u00e9n Rocha Moya que lanz\u00f3 la indicaci\u00f3n de mantenerse en calma. Cuen hizo p\u00fablica su simpat\u00eda y apoyo a Ad\u00e1n Augusto hasta hace unas semanas. Ahora el l\u00edder del PAS ya navega en otras aguas.<br \/>\nDe nada le sirvi\u00f3 su entrega a Ad\u00e1n Augusto pues no le quit\u00f3 de encima al Gobernador. Hay cosas que no se alcanzan a comprender cuando los intereses de unos y otros exhiben sus pobrezas e insultan la inteligencia de los dem\u00e1s.<\/p>\n","protected":false},"excerpt":{"rendered":"<p>*Fracasa el Gobierno en pacificar la zona serrana *Alcalde pide a Dios que la paz regrese a Sinaloa municipio *AMLO vino a Sinaloa de \u201cturismo pol\u00edtico\u201d, acusa Sergio Torres *No hay nada concreto para relleno sanitario, pero viajaran a ver uno a Durango *Despu\u00e9s de ser el primero en salir apoyar a Ad\u00e1n Augusto, Cuen dice ahora que se est\u00e1 violentando la Ley electoral No puede Gobierno pacificar la sierra.\u00a0A seis d\u00edas de que estall\u00f3 la violencia en la sierra sinaloense con limites con Chihuahua, el Gobierno ha fracasado. No han garantizado la seguridad para el retorno de los habitantes [&hellip;]<\/p>\n","protected":false},"author":3,"featured_media":75732,"comment_status":"open","ping_status":"open","sticky":false,"template":"","format":"standard","meta":{"_jetpack_newsletter_access":"","_jetpack_dont_email_post_to_subs":false,"_jetpack_newsletter_tier_id":0,"_jetpack_memberships_contains_paywalled_content":false,"_jetpack_feature_clip_id":0,"_jetpack_memberships_contains_paid_content":false,"footnotes":"","jetpack_publicize_message":"","jetpack_publicize_feature_enabled":true,"jetpack_social_post_already_shared":true,"jetpack_social_options":{"image_generator_settings":{"template":"highway","default_image_id":0,"font":"","enabled":false},"version":2},"jetpack_post_was_ever_published":false},"categories":[79],"tags":[],"class_list":["post-79753","post","type-post","status-publish","format-standard","has-post-thumbnail","hentry","category-columnistas-nacionales","post--single"],"jetpack_publicize_connections":[],"jetpack_featured_media_url":"https:\/\/ovelanalista.com\/wp-content\/uploads\/2023\/06\/Fernando-Zepeda-Hurtado.png","jetpack_sharing_enabled":true,"_links":{"self":[{"href":"https:\/\/ovelanalista.com\/index.php?rest_route=\/wp\/v2\/posts\/79753","targetHints":{"allow":["GET"]}}],"collection":[{"href":"https:\/\/ovelanalista.com\/index.php?rest_route=\/wp\/v2\/posts"}],"about":[{"href":"https:\/\/ovelanalista.com\/index.php?rest_route=\/wp\/v2\/types\/post"}],"author":[{"embeddable":true,"href":"https:\/\/ovelanalista.com\/index.php?rest_route=\/wp\/v2\/users\/3"}],"replies":[{"embeddable":true,"href":"https:\/\/ovelanalista.com\/index.php?rest_route=%2Fwp%2Fv2%2Fcomments&post=79753"}],"version-history":[{"count":1,"href":"https:\/\/ovelanalista.com\/index.php?rest_route=\/wp\/v2\/posts\/79753\/revisions"}],"predecessor-version":[{"id":79754,"href":"https:\/\/ovelanalista.com\/index.php?rest_route=\/wp\/v2\/posts\/79753\/revisions\/79754"}],"wp:featuredmedia":[{"embeddable":true,"href":"https:\/\/ovelanalista.com\/index.php?rest_route=\/wp\/v2\/media\/75732"}],"wp:attachment":[{"href":"https:\/\/ovelanalista.com\/index.php?rest_route=%2Fwp%2Fv2%2Fmedia&parent=79753"}],"wp:term":[{"taxonomy":"category","embeddable":true,"href":"https:\/\/ovelanalista.com\/index.php?rest_route=%2Fwp%2Fv2%2Fcategories&post=79753"},{"taxonomy":"post_tag","embeddable":true,"href":"https:\/\/ovelanalista.com\/index.php?rest_route=%2Fwp%2Fv2%2Ftags&post=79753"}],"curies":[{"name":"wp","href":"https:\/\/api.w.org\/{rel}","templated":true}]}}