{"id":79765,"date":"2023-08-04T13:07:02","date_gmt":"2023-08-04T19:07:02","guid":{"rendered":"https:\/\/ovelanalista.com\/?p=79765"},"modified":"2023-08-04T13:07:02","modified_gmt":"2023-08-04T19:07:02","slug":"gobernar-mexico-en-silla-de-ruedas-si-se-puede-beatriz-paredes-responde","status":"publish","type":"post","link":"https:\/\/ovelanalista.com\/?p=79765","title":{"rendered":"Gobernar M\u00e9xico en Silla de ruedas; si se puede? Beatriz Paredes, responde."},"content":{"rendered":"<p><strong>Oswaldo Villase\u00f1or\u00a0<\/strong><\/p>\n<p><span style=\"font-size: 1.1429rem;\">Se puede gobernar M\u00e9xico; un pa\u00eds con muchas crisis desde una silla de ruedas? Es la pregunta que define de que est\u00e1 hecha Beatriz Paredes Rangel. Su respuesta lo dice todo.<\/span><\/p>\n<p>\u201cClaro que se puede, si lo que se ocupa es que a Mexico se le gobierne con la cabeza y no con los pies\u201d.<br \/>\nEn entrevista exclusiva para OV El Analista.com y para El Tema del d\u00eda que se transmite por el canal 151 y 1151 HD de Megacanal, la Senadora y Suprema Aspirante a la candidatura presidencial por el Frente Amplio Opositor Va por M\u00e9xico, dijo que un pa\u00eds en crisis, ocupa ser gobernado con la cabeza y no con los pies.<br \/>\nPero adem\u00e1s, dice, agradece la pregunta y la toma a bien, porque est\u00e1 consciente que muchos piensan que el uso de una silla de ruedas es por un problema de discapacidad, pero aclara que no es as\u00ed.<br \/>\nCuenta que ella tuvo una fractura en el tobillo y a\u00fan se encuentra en el periodo de rehabilitaci\u00f3n y recuperaci\u00f3n.<br \/>\nAdem\u00e1s explica, usa la silla de ruedas como un instrumento de apoyo y de prevenci\u00f3n para evitar volver a lastimarse y que tarde a\u00fan m\u00e1s su recuperaci\u00f3n.<br \/>\n\u201cMira es algo muy com\u00fan que en estos tiempos a donde llegues, la gente te jale para tomarse una foto y es ah\u00ed donde los riesgos se presentan y hay que evitarlos\u201d, dice.<br \/>\nM\u00e9xico tiene varias crisis qu\u00e9 hay que atender con urgencia. Una de ellas es la crisis de seguridad, comenta Beatriz Paredes. \u201cNada de abrazos y cari\u00f1itos, hay que aplicar la ley.<br \/>\nLa aspirante presidencial, asegura que si ella llega a la presidencia, regresar\u00e1 el orden y la seguridad a los mexicanos.<br \/>\nEn algunos casos, su gobierno estar\u00eda dispuesto a trabajar en coordinaci\u00f3n con el gobierno de Estados Unidos, pero en otros No, asegura. El gobierno de M\u00e9xico tiene que asumir su responsabilidad y hacer prevalecer el Estado de Derecho aplicando la ley, comenta.<br \/>\nLa ley se tiene que aplicar a todos, pareja, expres\u00f3.<br \/>\nLe aplicar\u00eda la ley al Presidente L\u00f3pez Obrador o pactar\u00eda con \u00e9l, la apertura de la puerta de Los Pinos o ahora Palacio Nacional, la cual dicen se abre desde adentro?<br \/>\nBeatriz Paredes afirma que ese dicho ya qued\u00f3 desfasado porque el Presidente ya no despacha en Los Pinos, pero de llegar a la Presidencia de la Rep\u00fablica no vacilar\u00eda en aplicar la ley a todos parejos.<br \/>\nAl mismo Presidente actual? Se le reitera la pregunta.<br \/>\nDije que a todos y es a todos, respondi\u00f3 Beatriz Paredes.<br \/>\nNO VIViRIA EN PALACIO NACIONAL.<br \/>\nBeatriz Paredes afirma que de llegar a la presidencia de la Rep\u00fablica, no vivir\u00e1 en Palacio Nacional y ya no puede regresar a vivir a Los Pinos, porque si fuera el caso y se lo permitieran, ella no tendr\u00eda empacho en vivir en su propia casa.<br \/>\nLo invitamos a ver la entrevista completa en nuestras redes sociales y en Ovelanalista.com.<br \/>\nCanal151 y redes sociales de meganoticias Los Mochis.<\/p>\n","protected":false},"excerpt":{"rendered":"<p>Oswaldo Villase\u00f1or\u00a0 Se puede gobernar M\u00e9xico; un pa\u00eds con muchas crisis desde una silla de ruedas? Es la pregunta que define de que est\u00e1 hecha Beatriz Paredes Rangel. Su respuesta lo dice todo. \u201cClaro que se puede, si lo que se ocupa es que a Mexico se le gobierne con la cabeza y no con los pies\u201d. En entrevista exclusiva para OV El Analista.com y para El Tema del d\u00eda que se transmite por el canal 151 y 1151 HD de Megacanal, la Senadora y Suprema Aspirante a la candidatura presidencial por el Frente Amplio Opositor Va por M\u00e9xico, dijo [&hellip;]<\/p>\n","protected":false},"author":3,"featured_media":79766,"comment_status":"open","ping_status":"open","sticky":false,"template":"","format":"standard","meta":{"_jetpack_newsletter_access":"","_jetpack_dont_email_post_to_subs":false,"_jetpack_newsletter_tier_id":0,"_jetpack_memberships_contains_paywalled_content":false,"_jetpack_feature_clip_id":0,"_jetpack_memberships_contains_paid_content":false,"footnotes":"","jetpack_publicize_message":"","jetpack_publicize_feature_enabled":true,"jetpack_social_post_already_shared":true,"jetpack_social_options":{"image_generator_settings":{"template":"highway","default_image_id":0,"font":"","enabled":false},"version":2},"jetpack_post_was_ever_published":false},"categories":[90,72],"tags":[],"class_list":["post-79765","post","type-post","status-publish","format-standard","has-post-thumbnail","hentry","category-estatal","category-portada","post--single"],"jetpack_publicize_connections":[],"jetpack_featured_media_url":"https:\/\/ovelanalista.com\/wp-content\/uploads\/2023\/08\/IMG-20230804-WA0000.jpg","jetpack_sharing_enabled":true,"_links":{"self":[{"href":"https:\/\/ovelanalista.com\/index.php?rest_route=\/wp\/v2\/posts\/79765","targetHints":{"allow":["GET"]}}],"collection":[{"href":"https:\/\/ovelanalista.com\/index.php?rest_route=\/wp\/v2\/posts"}],"about":[{"href":"https:\/\/ovelanalista.com\/index.php?rest_route=\/wp\/v2\/types\/post"}],"author":[{"embeddable":true,"href":"https:\/\/ovelanalista.com\/index.php?rest_route=\/wp\/v2\/users\/3"}],"replies":[{"embeddable":true,"href":"https:\/\/ovelanalista.com\/index.php?rest_route=%2Fwp%2Fv2%2Fcomments&post=79765"}],"version-history":[{"count":1,"href":"https:\/\/ovelanalista.com\/index.php?rest_route=\/wp\/v2\/posts\/79765\/revisions"}],"predecessor-version":[{"id":79767,"href":"https:\/\/ovelanalista.com\/index.php?rest_route=\/wp\/v2\/posts\/79765\/revisions\/79767"}],"wp:featuredmedia":[{"embeddable":true,"href":"https:\/\/ovelanalista.com\/index.php?rest_route=\/wp\/v2\/media\/79766"}],"wp:attachment":[{"href":"https:\/\/ovelanalista.com\/index.php?rest_route=%2Fwp%2Fv2%2Fmedia&parent=79765"}],"wp:term":[{"taxonomy":"category","embeddable":true,"href":"https:\/\/ovelanalista.com\/index.php?rest_route=%2Fwp%2Fv2%2Fcategories&post=79765"},{"taxonomy":"post_tag","embeddable":true,"href":"https:\/\/ovelanalista.com\/index.php?rest_route=%2Fwp%2Fv2%2Ftags&post=79765"}],"curies":[{"name":"wp","href":"https:\/\/api.w.org\/{rel}","templated":true}]}}