{"id":80313,"date":"2023-08-18T20:14:18","date_gmt":"2023-08-19T02:14:18","guid":{"rendered":"https:\/\/ovelanalista.com\/?p=80313"},"modified":"2023-08-18T20:14:18","modified_gmt":"2023-08-19T02:14:18","slug":"ante-el-crecimiento-de-paredes-xochitl-busca-que-santiago-creel-decline-a-su-favor","status":"publish","type":"post","link":"https:\/\/ovelanalista.com\/?p=80313","title":{"rendered":"Ante el crecimiento de Paredes, X\u00f3chitl busca que Santiago Creel decline a su favor"},"content":{"rendered":"<div class=\"nota-header\">\n<div class=\"as\">\n<div class=\"description\">Jorge Su\u00e1rez-V\u00e9lez de Reforma se prepara para coordinar la campa\u00f1a de G\u00e1lvez. La propuesta a Creel para que sea coordinador del PAN en el Senado.<\/div>\n<\/div>\n<\/div>\n<div class=\"zleft z75\">\n<div class=\"media\">\n<div class=\"g_controls\">\n<p>Si al despuntar la interna de la oposici\u00f3n la c\u00fapula del PRI (Alito Moreno C\u00e1rdenas, Manuel A\u00f1orve y Rub\u00e9n Moreira) buscaban que los finalistas fueran cuatro, as\u00ed dos panistas y dos priistas disputar\u00edan la candidatura presidencial, ahora buscan que no haya declinaciones.<\/p>\n<p>Fuentes al interior del Frente Amplio confirmaron a LPO que tras el Foro Regional en Durango, llamado &#8220;Vivir en M\u00e9xico y ejercer derechos&#8221;, se coment\u00f3 la versi\u00f3n de una eventual declinaci\u00f3n del diputado Santiago Creel a favor de la senadora X\u00f3chilt G\u00e1lvez.<\/p>\n<p>Desde luego ante el crecimiento de la candidatura de la priista Beatriz Paredes, quien desde que confirm\u00f3 su postulaci\u00f3n a la presidencia y fue comparada con G\u00e1lvez Ruiz bate\u00f3 ello y al contrario asegur\u00f3 que se sent\u00eda complacida de que la panista se vistiera como ella.<\/p>\n<p>Contario a la versi\u00f3n de que hay una cargada a favor de X\u00f3chitl y que ser\u00e1 la candidata presidencial de la oposici\u00f3n, en la c\u00fapula priista ven en Paredes una posibilidad de quedarse con la candidatura. Por ello rechazaron el que algunos sugieran a Creel dejar la contienda a cambio de que se vaya al Senado como coordinador del nuevo grupo de contenci\u00f3n.<\/p>\n<p>En el equipo de X\u00f3chitl redoblaron el trabajo e incluso ficharon al editorialista del diario\u00a0<i>Reforma<\/i>,\u00a0Jorge Su\u00e1rez-V\u00e9lez, como futuro coordinador de campa\u00f1a. El economista del ITAM reside la mitad del tiempo en Estados Unidos y la otra en M\u00e9xico, pero no pudo rechazar la invitaci\u00f3n de Claudio X. Gonz\u00e1lez y ya ser\u00eda residente permanente en el pa\u00eds.<\/p>\n<p>De cerrarse cada vez m\u00e1s la elecci\u00f3n en el Frente Amplio, tras el cuestionado proceso de recolecci\u00f3n de firmas y las quejas por la encuesta que dej\u00f3 afuera a Enrique de la Madrid, s\u00f3lo las punteras -dos mujeres, una panista y una priista- podr\u00e1n maniobrar para lanzar una \u00faltima jugada en favor de su postulaci\u00f3n. Ah\u00ed Paredes tiene el colmillo que no afil\u00f3 X\u00f3chitl.<\/p>\n<\/div>\n<\/div>\n<\/div>\n<p>&nbsp;<\/p>\n<p>Con informaci\u00f3n de La Pol\u00edtica Online<\/p>\n","protected":false},"excerpt":{"rendered":"<p>Jorge Su\u00e1rez-V\u00e9lez de Reforma se prepara para coordinar la campa\u00f1a de G\u00e1lvez. La propuesta a Creel para que sea coordinador del PAN en el Senado. Si al despuntar la interna de la oposici\u00f3n la c\u00fapula del PRI (Alito Moreno C\u00e1rdenas, Manuel A\u00f1orve y Rub\u00e9n Moreira) buscaban que los finalistas fueran cuatro, as\u00ed dos panistas y dos priistas disputar\u00edan la candidatura presidencial, ahora buscan que no haya declinaciones. Fuentes al interior del Frente Amplio confirmaron a LPO que tras el Foro Regional en Durango, llamado &#8220;Vivir en M\u00e9xico y ejercer derechos&#8221;, se coment\u00f3 la versi\u00f3n de una eventual declinaci\u00f3n del diputado [&hellip;]<\/p>\n","protected":false},"author":3,"featured_media":80314,"comment_status":"open","ping_status":"open","sticky":false,"template":"","format":"standard","meta":{"_jetpack_newsletter_access":"","_jetpack_dont_email_post_to_subs":false,"_jetpack_newsletter_tier_id":0,"_jetpack_memberships_contains_paywalled_content":false,"_jetpack_feature_clip_id":0,"_jetpack_memberships_contains_paid_content":false,"footnotes":"","jetpack_publicize_message":"","jetpack_publicize_feature_enabled":true,"jetpack_social_post_already_shared":true,"jetpack_social_options":{"image_generator_settings":{"template":"highway","default_image_id":0,"font":"","enabled":false},"version":2},"jetpack_post_was_ever_published":false},"categories":[75,72],"tags":[],"class_list":["post-80313","post","type-post","status-publish","format-standard","has-post-thumbnail","hentry","category-nacional","category-portada","post--single"],"jetpack_publicize_connections":[],"jetpack_featured_media_url":"https:\/\/ovelanalista.com\/wp-content\/uploads\/2023\/08\/xochitl.jpeg","jetpack_sharing_enabled":true,"_links":{"self":[{"href":"https:\/\/ovelanalista.com\/index.php?rest_route=\/wp\/v2\/posts\/80313","targetHints":{"allow":["GET"]}}],"collection":[{"href":"https:\/\/ovelanalista.com\/index.php?rest_route=\/wp\/v2\/posts"}],"about":[{"href":"https:\/\/ovelanalista.com\/index.php?rest_route=\/wp\/v2\/types\/post"}],"author":[{"embeddable":true,"href":"https:\/\/ovelanalista.com\/index.php?rest_route=\/wp\/v2\/users\/3"}],"replies":[{"embeddable":true,"href":"https:\/\/ovelanalista.com\/index.php?rest_route=%2Fwp%2Fv2%2Fcomments&post=80313"}],"version-history":[{"count":1,"href":"https:\/\/ovelanalista.com\/index.php?rest_route=\/wp\/v2\/posts\/80313\/revisions"}],"predecessor-version":[{"id":80315,"href":"https:\/\/ovelanalista.com\/index.php?rest_route=\/wp\/v2\/posts\/80313\/revisions\/80315"}],"wp:featuredmedia":[{"embeddable":true,"href":"https:\/\/ovelanalista.com\/index.php?rest_route=\/wp\/v2\/media\/80314"}],"wp:attachment":[{"href":"https:\/\/ovelanalista.com\/index.php?rest_route=%2Fwp%2Fv2%2Fmedia&parent=80313"}],"wp:term":[{"taxonomy":"category","embeddable":true,"href":"https:\/\/ovelanalista.com\/index.php?rest_route=%2Fwp%2Fv2%2Fcategories&post=80313"},{"taxonomy":"post_tag","embeddable":true,"href":"https:\/\/ovelanalista.com\/index.php?rest_route=%2Fwp%2Fv2%2Ftags&post=80313"}],"curies":[{"name":"wp","href":"https:\/\/api.w.org\/{rel}","templated":true}]}}