{"id":80320,"date":"2023-08-20T17:13:56","date_gmt":"2023-08-20T23:13:56","guid":{"rendered":"https:\/\/ovelanalista.com\/?p=80320"},"modified":"2023-08-20T17:13:56","modified_gmt":"2023-08-20T23:13:56","slug":"dice-amlo-que-ya-se-entrego-la-documentacion-de-la-guerra-sucia","status":"publish","type":"post","link":"https:\/\/ovelanalista.com\/?p=80320","title":{"rendered":"DICE AMLO QUE YA SE ENTREG\u00d3 LA DOCUMENTACI\u00d3N DE LA GUERRA SUCIA"},"content":{"rendered":"<p>El presidente mexicano, Andr\u00e9s Manuel L\u00f3pez Obrador, afirm\u00f3 este viernes que \u201cya se entreg\u00f3 toda la informaci\u00f3n\u201d del Centro Nacional de Inteligencia (CNI) y las Fuerzas Armadas sobre la \u201cGuerra sucia\u201d, periodo de represi\u00f3n estatal entre las d\u00e9cadas de 1960 y 1990.<\/p>\n<p>El mandatario neg\u00f3 en su conferencia diaria las acusaciones de activistas del Mecanismo para el Acceso a la Verdad y el Esclarecimiento Hist\u00f3rico (MEH), que denunciaron obst\u00e1culos de las autoridades de inteligencia y el Ej\u00e9rcito para abrir los archivos.<\/p>\n<p>\u201cYo creo que no hay ning\u00fan obst\u00e1culo y yo creo que ya se entreg\u00f3 toda la informaci\u00f3n, de todas maneras lo voy a revisar, le voy a preguntar a Carlos Ruiz Abreu, que es el responsable del Archivo (General de la Naci\u00f3n)\u201d, asever\u00f3 L\u00f3pez Obrador.<\/p>\n<p>El MEH denunci\u00f3 el martes \u201cserias dificultades para el acceso a la consulta irrestricta de documentaci\u00f3n hist\u00f3rica proveniente de agencias encargadas de labores de seguridad, inteligencia, de las Fuerzas Armadas y de las polic\u00edas\u201d.<\/p>\n<p>Este mecanismo es parte de la Comisi\u00f3n para el Acceso a la Verdad, el Esclarecimiento Hist\u00f3rico y el Impulso a la Justicia de violaciones graves a derechos humanos de 1965 a 1990, creada en octubre de 2021 por L\u00f3pez Obrador, quien el a\u00f1o pasado prometi\u00f3 abrir los archivos del Ej\u00e9rcito y la Marina.<\/p>\n<p>La comisi\u00f3n busca esclarecer los hechos desde finales de la d\u00e9cada de 1960 hasta parte de la de 1980, cuando el Estado mexicano, dominado entonces por el Partido Revolucionario Institucional (PRI), persigui\u00f3 a disidentes pol\u00edticos, l\u00edderes sociales, campesinos y estudiantes, lo que dej\u00f3 cientos de desaparecidos.<\/p>\n<p>\u201cLa instrucci\u00f3n es que todo se entregue y yo creo que s\u00ed se ha entregado todo porque ah\u00ed encontr\u00e9 mi expediente desde la \u00e9poca de Nazar Haro (titular de la extinta Direcci\u00f3n Federal de Seguridad de 1978 a 1982), que me ten\u00edan ah\u00ed fichado, acusado de comunista\u201d, coment\u00f3 L\u00f3pez Obrador.<\/p>\n<p>Las Fuerzas Armadas de M\u00e9xico acumulan acusaciones de obstruir informaci\u00f3n sobre violaciones a derechos humanos, como denunci\u00f3 el mes pasado el Grupo Interdisciplinario de Expertos Independientes (GIEI) sobre la desaparici\u00f3n de los 43 estudiantes de Ayotzinapa.<\/p>\n<p>Mientras que activistas se\u00f1alan pocos avances en la comisi\u00f3n sobre la \u201cGuerra sucia\u201d.<\/p>\n<p>Pero el presidente insisti\u00f3 en que \u201cse increment\u00f3 como nunca el n\u00famero de trabajadores especialistas que est\u00e1n ordenando\u201d en el Archivo General de la Naci\u00f3n la \u201cmemoria hist\u00f3rica\u201d.<\/p>\n<div class=\"google-auto-placed ap_container\"><\/div>\n<div>\u201cS\u00ed, est\u00e1 la instrucci\u00f3n, la indicaci\u00f3n, de que (entreguen) todos los archivos, y que adem\u00e1s se den a conocer y se ordenen porque no es (nada m\u00e1s): ah\u00ed te mando el archivo y son cajas y cajas. El trabajo para ordenar documentos lleva tiempo, requiere personal y todo eso se autoriz\u00f3\u201d, mencion\u00f3.<\/div>\n<div><\/div>\n<div>Con informaci\u00f3n de M\u00e1s Informaci\u00f3n<\/div>\n","protected":false},"excerpt":{"rendered":"<p>El presidente mexicano, Andr\u00e9s Manuel L\u00f3pez Obrador, afirm\u00f3 este viernes que \u201cya se entreg\u00f3 toda la informaci\u00f3n\u201d del Centro Nacional de Inteligencia (CNI) y las Fuerzas Armadas sobre la \u201cGuerra sucia\u201d, periodo de represi\u00f3n estatal entre las d\u00e9cadas de 1960 y 1990. El mandatario neg\u00f3 en su conferencia diaria las acusaciones de activistas del Mecanismo para el Acceso a la Verdad y el Esclarecimiento Hist\u00f3rico (MEH), que denunciaron obst\u00e1culos de las autoridades de inteligencia y el Ej\u00e9rcito para abrir los archivos. \u201cYo creo que no hay ning\u00fan obst\u00e1culo y yo creo que ya se entreg\u00f3 toda la informaci\u00f3n, de todas [&hellip;]<\/p>\n","protected":false},"author":3,"featured_media":80324,"comment_status":"open","ping_status":"open","sticky":false,"template":"","format":"standard","meta":{"_jetpack_newsletter_access":"","_jetpack_dont_email_post_to_subs":false,"_jetpack_newsletter_tier_id":0,"_jetpack_memberships_contains_paywalled_content":false,"_jetpack_feature_clip_id":0,"_jetpack_memberships_contains_paid_content":false,"footnotes":"","jetpack_publicize_message":"","jetpack_publicize_feature_enabled":true,"jetpack_social_post_already_shared":true,"jetpack_social_options":{"image_generator_settings":{"template":"highway","default_image_id":0,"font":"","enabled":false},"version":2},"jetpack_post_was_ever_published":false},"categories":[75,72],"tags":[],"class_list":["post-80320","post","type-post","status-publish","format-standard","has-post-thumbnail","hentry","category-nacional","category-portada","post--single"],"jetpack_publicize_connections":[],"jetpack_featured_media_url":"https:\/\/ovelanalista.com\/wp-content\/uploads\/2023\/08\/Dice-AMLO-que-ya-se-entrego-la-documentacion-de-la-guerra-sucia.webp","jetpack_sharing_enabled":true,"_links":{"self":[{"href":"https:\/\/ovelanalista.com\/index.php?rest_route=\/wp\/v2\/posts\/80320","targetHints":{"allow":["GET"]}}],"collection":[{"href":"https:\/\/ovelanalista.com\/index.php?rest_route=\/wp\/v2\/posts"}],"about":[{"href":"https:\/\/ovelanalista.com\/index.php?rest_route=\/wp\/v2\/types\/post"}],"author":[{"embeddable":true,"href":"https:\/\/ovelanalista.com\/index.php?rest_route=\/wp\/v2\/users\/3"}],"replies":[{"embeddable":true,"href":"https:\/\/ovelanalista.com\/index.php?rest_route=%2Fwp%2Fv2%2Fcomments&post=80320"}],"version-history":[{"count":1,"href":"https:\/\/ovelanalista.com\/index.php?rest_route=\/wp\/v2\/posts\/80320\/revisions"}],"predecessor-version":[{"id":80325,"href":"https:\/\/ovelanalista.com\/index.php?rest_route=\/wp\/v2\/posts\/80320\/revisions\/80325"}],"wp:featuredmedia":[{"embeddable":true,"href":"https:\/\/ovelanalista.com\/index.php?rest_route=\/wp\/v2\/media\/80324"}],"wp:attachment":[{"href":"https:\/\/ovelanalista.com\/index.php?rest_route=%2Fwp%2Fv2%2Fmedia&parent=80320"}],"wp:term":[{"taxonomy":"category","embeddable":true,"href":"https:\/\/ovelanalista.com\/index.php?rest_route=%2Fwp%2Fv2%2Fcategories&post=80320"},{"taxonomy":"post_tag","embeddable":true,"href":"https:\/\/ovelanalista.com\/index.php?rest_route=%2Fwp%2Fv2%2Ftags&post=80320"}],"curies":[{"name":"wp","href":"https:\/\/api.w.org\/{rel}","templated":true}]}}