{"id":80323,"date":"2023-08-20T17:19:36","date_gmt":"2023-08-20T23:19:36","guid":{"rendered":"https:\/\/ovelanalista.com\/?p=80323"},"modified":"2023-08-20T17:19:36","modified_gmt":"2023-08-20T23:19:36","slug":"con-una-actitud-empatica-beatriz-paredes-presenta-propuesta-de-gobierno-de-coalicion-xochitl-y-santiago-se-prometen-unidad","status":"publish","type":"post","link":"https:\/\/ovelanalista.com\/?p=80323","title":{"rendered":"Con una actitud emp\u00e1tica, Beatriz Paredes presenta propuesta de Gobierno de Coalici\u00f3n; X\u00f3chitl y Santiago, se prometen unidad"},"content":{"rendered":"<p><strong><em>La pri\u00edsta echa por la borda cualquier malentendido sobre un supuesto ataque enderezado a su compa\u00f1era de f\u00f3rmula coaligada, X\u00f3chitl G\u00e1lvez, durante las dos primeras presentaciones en Durango y la Ciudad de M\u00e9xico.<\/em><\/strong><\/p>\n<p>Fue Beatriz Paredes Rangel, la senadora y representante del PRI en el proceso de selecci\u00f3n para encontrar un Coordinador para el Frente Amplio Por M\u00e9xico, de cara a la alecci\u00f3n presidencial de 2024 en nuestro pa\u00eds, quien tom\u00f3 la iniciativa y sali\u00f3 al paso de especulaciones y malentendidos, durante el desarrollo del Segundo Foro Regional aliancista, verificado en Monterrey, la tarde de este s\u00e1bado 19 de agosto, orientado al tema econ\u00f3mico estructural del pa\u00eds.<\/p>\n<p>\u201cNosotros (los aliancistas) no nos vamos a enredar ni atrapar, por llamar la atenci\u00f3n en dimes y diretes internos\u201d, asegur\u00f3 la legisladora pri\u00edsta.<\/p>\n<p>\u201cPorque la construcci\u00f3n de un Frente Amplio Por M\u00e9xico, es una propuesta pol\u00edtica trascendente\u201d, apuntal\u00f3 la tlaxcalteca.<\/p>\n<p><a href=\"https:\/\/ovelanalista.com\/wp-content\/uploads\/2023\/08\/Con-una-actitud-int-1.webp\"><img loading=\"lazy\" decoding=\"async\" class=\"wp-image-80327 aligncenter\" src=\"https:\/\/ovelanalista.com\/wp-content\/uploads\/2023\/08\/Con-una-actitud-int-1-300x174.webp\" alt=\"\" width=\"745\" height=\"432\" srcset=\"https:\/\/ovelanalista.com\/wp-content\/uploads\/2023\/08\/Con-una-actitud-int-1-300x174.webp 300w, https:\/\/ovelanalista.com\/wp-content\/uploads\/2023\/08\/Con-una-actitud-int-1-400x232.webp 400w, https:\/\/ovelanalista.com\/wp-content\/uploads\/2023\/08\/Con-una-actitud-int-1-750x435.webp 750w, https:\/\/ovelanalista.com\/wp-content\/uploads\/2023\/08\/Con-una-actitud-int-1.webp 759w\" sizes=\"auto, (max-width: 745px) 100vw, 745px\" \/><\/a><\/p>\n<p>Que no se confundan analistas ni comunicadores\u2026 yo jam\u00e1s, jam\u00e1s, ofender\u00e9 ni a X\u00f3chitl G\u00e1lvez ni a Santiago Creel, ni a ninguno de mis colegas en los foros (\u2026)Cuando tenga yo elementos o alguna diferencia la dir\u00e9 directamente, t\u00e9nganlo por seguro\u201d, exclam\u00f3 enf\u00e1tica.<\/p>\n<p>\u201cCreo en la honestidad de mis compa\u00f1eros (aliancistas) y nunca, utilizar\u00e9 un golpe bajo\u201d, acot\u00f3 la exdirigente nacional del PRI.<\/p>\n<p>Y es que Beatriz Paredes ofreci\u00f3 la semana pasada, durante el Primer Foro Regional celebrado en Durango, un encendido discurso donde fustig\u00f3 a pol\u00edticos y funcionarios corruptos de este y los anteriores gobiernos mexcianos \u2026 y lo hizo sin destinatarios; aunque eso bast\u00f3 para la especulaci\u00f3n y hasta para la malinterpretaci\u00f3n.<\/p>\n<p>\u201cPara combatir la corrupci\u00f3n, lo priemro que tiene que ser es que t\u00fa no seas corrupto\u2026 Lo primero que tiene que ser es que tengas las manos limpias\u2026 Lo priemro que tiene que ser es que, en tu hoja de servicios, nunca hayas tenido una denuncia y no hayas permitido que se generaran a partir de tu responsabilidad gubernamental\u201d, dijo aquella vez Beatriz Paredes Rangel\u2026 hoy es cosa del pasado y de la memoria period\u00edstica\u2026 hoy, a seguir hacia delante y dejar los lastres del pasado atr\u00e1s.<\/p>\n<p>Paredes Rangel habl\u00f3 a detalle de sus planes para un Gobierno de Coalici\u00f3n, en caso de ganar la Presidencvia en 2024, el Frente Amplio Por M\u00e9xico, proyecto que tiene con un sistema donde los secretarios de estado tengan atributos y facultades mayores y que la exigencia de perfiles y conocimientos de ellos hacia los temas que manejan sean mayores por parte de la sociedad\u2026 que formalmente sean Ministros y secretarios de despacho como hasta hoy lo marca la Constituci\u00f3n.<\/p>\n<p>Por su parte, los panistas X\u00f3chitl G\u00e1lvez y Santiago Creel, aseguraron que mantendr\u00e1n la unidad al interior del PAN, sea quien sea el ganador del proceso el pr\u00f3ximo 3 de septiembre.<\/p>\n<p>Con informaci\u00f3n <em>Redacci\u00f3n MX Pol\u00edtico<\/em><\/p>\n","protected":false},"excerpt":{"rendered":"<p>La pri\u00edsta echa por la borda cualquier malentendido sobre un supuesto ataque enderezado a su compa\u00f1era de f\u00f3rmula coaligada, X\u00f3chitl G\u00e1lvez, durante las dos primeras presentaciones en Durango y la Ciudad de M\u00e9xico. Fue Beatriz Paredes Rangel, la senadora y representante del PRI en el proceso de selecci\u00f3n para encontrar un Coordinador para el Frente Amplio Por M\u00e9xico, de cara a la alecci\u00f3n presidencial de 2024 en nuestro pa\u00eds, quien tom\u00f3 la iniciativa y sali\u00f3 al paso de especulaciones y malentendidos, durante el desarrollo del Segundo Foro Regional aliancista, verificado en Monterrey, la tarde de este s\u00e1bado 19 de agosto, [&hellip;]<\/p>\n","protected":false},"author":3,"featured_media":80328,"comment_status":"open","ping_status":"open","sticky":false,"template":"","format":"standard","meta":{"_jetpack_newsletter_access":"","_jetpack_dont_email_post_to_subs":false,"_jetpack_newsletter_tier_id":0,"_jetpack_memberships_contains_paywalled_content":false,"_jetpack_feature_clip_id":0,"_jetpack_memberships_contains_paid_content":false,"footnotes":"","jetpack_publicize_message":"","jetpack_publicize_feature_enabled":true,"jetpack_social_post_already_shared":true,"jetpack_social_options":{"image_generator_settings":{"template":"highway","default_image_id":0,"font":"","enabled":false},"version":2},"jetpack_post_was_ever_published":false},"categories":[75,72],"tags":[],"class_list":["post-80323","post","type-post","status-publish","format-standard","has-post-thumbnail","hentry","category-nacional","category-portada","post--single"],"jetpack_publicize_connections":[],"jetpack_featured_media_url":"https:\/\/ovelanalista.com\/wp-content\/uploads\/2023\/08\/ImageTransformer.jpeg","jetpack_sharing_enabled":true,"_links":{"self":[{"href":"https:\/\/ovelanalista.com\/index.php?rest_route=\/wp\/v2\/posts\/80323","targetHints":{"allow":["GET"]}}],"collection":[{"href":"https:\/\/ovelanalista.com\/index.php?rest_route=\/wp\/v2\/posts"}],"about":[{"href":"https:\/\/ovelanalista.com\/index.php?rest_route=\/wp\/v2\/types\/post"}],"author":[{"embeddable":true,"href":"https:\/\/ovelanalista.com\/index.php?rest_route=\/wp\/v2\/users\/3"}],"replies":[{"embeddable":true,"href":"https:\/\/ovelanalista.com\/index.php?rest_route=%2Fwp%2Fv2%2Fcomments&post=80323"}],"version-history":[{"count":1,"href":"https:\/\/ovelanalista.com\/index.php?rest_route=\/wp\/v2\/posts\/80323\/revisions"}],"predecessor-version":[{"id":80329,"href":"https:\/\/ovelanalista.com\/index.php?rest_route=\/wp\/v2\/posts\/80323\/revisions\/80329"}],"wp:featuredmedia":[{"embeddable":true,"href":"https:\/\/ovelanalista.com\/index.php?rest_route=\/wp\/v2\/media\/80328"}],"wp:attachment":[{"href":"https:\/\/ovelanalista.com\/index.php?rest_route=%2Fwp%2Fv2%2Fmedia&parent=80323"}],"wp:term":[{"taxonomy":"category","embeddable":true,"href":"https:\/\/ovelanalista.com\/index.php?rest_route=%2Fwp%2Fv2%2Fcategories&post=80323"},{"taxonomy":"post_tag","embeddable":true,"href":"https:\/\/ovelanalista.com\/index.php?rest_route=%2Fwp%2Fv2%2Ftags&post=80323"}],"curies":[{"name":"wp","href":"https:\/\/api.w.org\/{rel}","templated":true}]}}