{"id":80326,"date":"2023-08-20T17:21:50","date_gmt":"2023-08-20T23:21:50","guid":{"rendered":"https:\/\/ovelanalista.com\/?p=80326"},"modified":"2023-08-20T17:21:50","modified_gmt":"2023-08-20T23:21:50","slug":"la-resquebrajada-unidad-de-morena","status":"publish","type":"post","link":"https:\/\/ovelanalista.com\/?p=80326","title":{"rendered":"La resquebrajada unidad de Morena"},"content":{"rendered":"<p><strong>DOMINGRILLA<\/strong><\/p>\n<p>La resquebrajada unidad de<br \/>\nMorena; las mujeres se pueden<br \/>\ndespedazar; el show de la UAS<\/p>\n<p><strong>FRANCISCO CHIQUETE<\/strong><\/p>\n<p>Las graves acusaciones de Marcelo Ebrard han sido respondidas por la nomenclatura morenista con una sola palara, utilizada como escudo: \u201cunidad\u201d.<br \/>\nCualquier monero habr\u00eda podido trazar al dirigente de Morena, Mario Delgado, tratando de contener con una pierna, con otra, con ambos brazos y hasta con la barbilla, el resquebrajamiento de la pureza de su proceso interno.<br \/>\nPor supuesto, desde el presidente Andr\u00e9s Manuel L\u00f3pez Obrador hasta el m\u00e1s modesto miembro de la clase pol\u00edtica morenista niegan que est\u00e9 ocurriendo algo, y aunque AMLO procura ser prudente, se responde a las acusaciones con se\u00f1alamientos de traici\u00f3n por parte de Marcelo.<br \/>\nSin embargo, la disposici\u00f3n de 115 diputados de Morena para avalar las acusaciones de acarreo, uso de recursos p\u00fablicos y otras irregularidades para favorecer a Claudia Sheimbaum, significa que ya hay un sector nada despreciable dispuesto a correr los riesgos del \u201csuicidio pol\u00edtico\u201d con que se ha amenazado a los que disientan.<br \/>\nEs muy posible que como en otras ocasiones, al final Marcelo Ebrard termine por disciplinarse con todo y acompa\u00f1antes, pero eso no elimina el problema real, que es el hartazgo ante los excesos y la falta de un proceso realmente democr\u00e1tico.<br \/>\nEs una repetici\u00f3n acelerada de lo que ocurri\u00f3 en el PRI: cuando el aparato gobernante estaba en plenitud, todos aguantaban los excesos y simplemente callaban con la esperanza de que a la pr\u00f3xima vuelta de tuerca les tocara a ellos o se premiara su docilidad.<br \/>\nEn la campa\u00f1a presidencial de 1970, los j\u00f3venes estudiantes de la Universidad Nicola\u00edta exigieron poder hablar durante el mitin que se les hab\u00eda impuesto dentro de la instituci\u00f3n y el orador exigi\u00f3 un minuto de silencio por los ca\u00eddos el dos de octubre de 1968. Luis Echeverr\u00eda, el candidato, vio que no pod\u00eda negarse y acept\u00f3 p\u00fablicamente que se realizara el homenaje silencioso, pero que fuese tambi\u00e9n para los soldados que murieron en el mismo acontecimiento.<br \/>\nPese a esa salida ingeniosa, en la que pudo igualar a v\u00edctimas y victimarios, casi le cuesta la candidatura a Echeverr\u00eda. El Ej\u00e9rcito y dem\u00e1s fuerzas conservadoras del r\u00e9gimen se lanzaron a exigir la sustituci\u00f3n, que no ocurri\u00f3 porque a D\u00edaz Ordaz le pareci\u00f3 demasiado audaz cambiar de caballo en plena carrera, aunque se arrepinti\u00f3 el resto de su vida por no haber cedido a las presiones.<br \/>\nExactamente as\u00ed est\u00e1 reaccionando lo m\u00e1s fuerte del morenismo contra un aspirante que se sabe utilizado y entiende finalmente que ese juego no tiene m\u00e1s lucha, que s\u00f3lo le queda dejar constancia de que no se le enga\u00f1\u00f3. Se le jug\u00f3 chueco, pero no se le enga\u00f1\u00f3.<br \/>\nSE LA EST\u00c1N<br \/>\nCREYENDO<br \/>\nEn el Frente opositor las cosas dan muestras de posibles desbordamientos porque las dos principales aspirantes a la candidatura se la est\u00e1n creyendo, y olvidadas de que lo importante es construir un frente aut\u00e9ntico, no s\u00f3lo de nombre, y empiezan a sacar las u\u00f1as para despellejarse.<br \/>\nEn la semana, Carlos Loret de Mola ofici\u00f3 de abogado del diablo y primero entrevist\u00f3 a X\u00f3chitl G\u00e1lvez enchil\u00e1ndola por algunas expresiones de Beatriz Paredes en el primer foro frentista; aunque trat\u00f3 de conservar las formas, X\u00f3chitl, que trae el brazo caliente por sus enfrentamientos con el presidente, lanz\u00f3 algunas puyas y expresiones excesivas que no abonan al prop\u00f3sito declarado; pero al d\u00eda siguiente el propio Loret entrevist\u00f3 a Beatriz Paredes y le aplic\u00f3 la misma. Como en aquel juego infantil de \u201cel que escupa primero esta mano\u201d, le solt\u00f3 puyazos que la senadora pri\u00edsta esquiv\u00f3 con prudencia, luego con molestia y al final casi con enojo, pero tampoco pudo evitar algunos latigazos que tambi\u00e9n restallaron contra X\u00f3chitl.<br \/>\nEl problema es que la competencia est\u00e1 resultando -hasta el momento- m\u00e1s re\u00f1ida de lo que se esperaba, y los animadores de la senadora panista, revelaci\u00f3n del proceso, no han sabido procesar los acontecimientos ni mucho menos actuar en consecuencia.<br \/>\nTambi\u00e9n ocurre que los dos dirigentes partidistas y sus respectivos equipos, se pusieron a competir entre s\u00ed mismos, olvidados de un detalle fundamental: no se trata de que el PRI o el PAN ocupen mejores lugares en las encuestas, sino de que la sociedad civil cuente con un veh\u00edculo eficaz para poder mover al enemigo, que tiene un voto cautivo mucho mayor que el de los coaligados.<br \/>\nLa propia Beatriz parece ignorar que es m\u00e1s importante atraer a gente sin partido, que conseguir una maquinaria eficaz pero de acci\u00f3n limitada; y X\u00f3chitl se empieza a ver afectada por el virus del caudillismo. Ya utiliza como argumento que ella es la mejor y que sin ella el movimiento opositor no ser\u00eda nada. La inmodestia es una trampa muy peligrosa.<br \/>\n\u00bfDE VERAS PIENSAN<br \/>\nQUE SON IMPUNES?<br \/>\nFinalmente la Fiscal\u00eda General del Estado pudo realizar una audiencia con el rector de la UAS, Jes\u00fas Madue\u00f1a Molina, sin tropezarse con un certificado m\u00e9dico, aunque tampoco puede decirse que haya sido un \u00e9xito clamoroso. Todav\u00eda tendr\u00e1n que esperar a que el juez determine la situaci\u00f3n legal de los acusados.<br \/>\nLa audiencia fue a prop\u00f3sito de las negativas a ser revisados por la Auditor\u00eda Superior del Estado, que los acus\u00f3 de obstruir su trabajo.<br \/>\nComo no se hab\u00eda dado un caso as\u00ed, pereci\u00f3 una exageraci\u00f3n y dio pie a que la parte acusada se declarase perseguida pol\u00edtica. Adem\u00e1s esgrimen con tanta convicci\u00f3n que legalmente no tienen por qu\u00e9 ser auditados por una autoridad estatal, que uno piensa que efectivamente, podr\u00edan librarla legalmente.<br \/>\nPero hay un detalle: la UAS recibe dinero de parte del gobierno federal; hasta hace poco tiempo al menos, recib\u00eda tambi\u00e9n del gobierno del estado, pero hoy aseguran que no fue el caso durante el a\u00f1o anterior; y reciben dinero bajo un concepto llamado \u201cingresos propios\u201d, que llegan por v\u00eda de cuotas escolares, aportaciones extraordinarias, cuotas y aportaciones de eventos, y cosas as\u00ed, que como no son federales o estatales, la dirigencia universitaria piensa que nadie le puede esculcar los bolsillos para saber qu\u00e9 destino tuvieron en el chorro de egresos universitarios.<br \/>\nEn la mesa de Altavoz, del grupo Ch\u00e1vez, recordaba la an\u00e9cdota de un alcalde de San Ignacio a quien pidi\u00f3 ayuda una se\u00f1ora propietaria amenazada por la autoridad agraria. -No se puede hacer nada porque se aplica la ley fulana, le explic\u00f3 el secretario del ayuntamiento, abogado de carrera. -Pues b\u00fasqueme una ley m\u00e1s cabrona, que mate a la que usted dice, instruy\u00f3 el alcalde. Y la hallaron. As\u00ed est\u00e1 la rector\u00eda: legalmente no me pueden auditar porque no es dinero que me dio el estado, aunque tampoco me lo haya dado la federaci\u00f3n. \u00bfY entonces? \u00bfPueden hacer lo que les d\u00e9 su regalada gana sin rendir cuentas a nadie? A pesar de L\u00f3pez Obrador y su odio cerval contra el INAI, la rendici\u00f3n de cuentas es uno de los logros m\u00e1s importantes de la sociedad mexicana, aunque todav\u00eda no sea suficiente.<br \/>\nEs cierto que en el conflicto entre el gobernador Rub\u00e9n Rocha Moya y H\u00e9ctor Melesio Cu\u00e9n Ojeda hay un fuerte componente pol\u00edtico, una lucha por el poder dentro de la UAS, que Cu\u00e9n ha detentado desde hace dieciocho a\u00f1os y que consigui\u00f3 desplazando a quienes hoy rodean al propio Rocha Moya.<br \/>\nSin embargo negarse a ser auditados es algo que no va con la exigencia social de transparencia y seguramente lo saben, el problema es que la lucha por el poder es adictiva y eso significa hacer cosas que condenar\u00edas en otros, aunque lo justifiquen como defensa de la autonom\u00eda, o defensa de la democracia y las libertades. El asunto, como de beb\u00e9s, es no soltar la sonaja.<\/p>\n","protected":false},"excerpt":{"rendered":"<p>DOMINGRILLA La resquebrajada unidad de Morena; las mujeres se pueden despedazar; el show de la UAS FRANCISCO CHIQUETE Las graves acusaciones de Marcelo Ebrard han sido respondidas por la nomenclatura morenista con una sola palara, utilizada como escudo: \u201cunidad\u201d. Cualquier monero habr\u00eda podido trazar al dirigente de Morena, Mario Delgado, tratando de contener con una pierna, con otra, con ambos brazos y hasta con la barbilla, el resquebrajamiento de la pureza de su proceso interno. Por supuesto, desde el presidente Andr\u00e9s Manuel L\u00f3pez Obrador hasta el m\u00e1s modesto miembro de la clase pol\u00edtica morenista niegan que est\u00e9 ocurriendo algo, y [&hellip;]<\/p>\n","protected":false},"author":3,"featured_media":51785,"comment_status":"open","ping_status":"open","sticky":false,"template":"","format":"standard","meta":{"_jetpack_newsletter_access":"","_jetpack_dont_email_post_to_subs":false,"_jetpack_newsletter_tier_id":0,"_jetpack_memberships_contains_paywalled_content":false,"_jetpack_feature_clip_id":0,"_jetpack_memberships_contains_paid_content":false,"footnotes":"","jetpack_publicize_message":"","jetpack_publicize_feature_enabled":true,"jetpack_social_post_already_shared":true,"jetpack_social_options":{"image_generator_settings":{"template":"highway","default_image_id":0,"font":"","enabled":false},"version":2},"jetpack_post_was_ever_published":false},"categories":[79],"tags":[],"class_list":["post-80326","post","type-post","status-publish","format-standard","has-post-thumbnail","hentry","category-columnistas-nacionales","post--single"],"jetpack_publicize_connections":[],"jetpack_featured_media_url":"https:\/\/ovelanalista.com\/wp-content\/uploads\/2022\/09\/DOMINGRILLA-1.png","jetpack_sharing_enabled":true,"_links":{"self":[{"href":"https:\/\/ovelanalista.com\/index.php?rest_route=\/wp\/v2\/posts\/80326","targetHints":{"allow":["GET"]}}],"collection":[{"href":"https:\/\/ovelanalista.com\/index.php?rest_route=\/wp\/v2\/posts"}],"about":[{"href":"https:\/\/ovelanalista.com\/index.php?rest_route=\/wp\/v2\/types\/post"}],"author":[{"embeddable":true,"href":"https:\/\/ovelanalista.com\/index.php?rest_route=\/wp\/v2\/users\/3"}],"replies":[{"embeddable":true,"href":"https:\/\/ovelanalista.com\/index.php?rest_route=%2Fwp%2Fv2%2Fcomments&post=80326"}],"version-history":[{"count":1,"href":"https:\/\/ovelanalista.com\/index.php?rest_route=\/wp\/v2\/posts\/80326\/revisions"}],"predecessor-version":[{"id":80331,"href":"https:\/\/ovelanalista.com\/index.php?rest_route=\/wp\/v2\/posts\/80326\/revisions\/80331"}],"wp:featuredmedia":[{"embeddable":true,"href":"https:\/\/ovelanalista.com\/index.php?rest_route=\/wp\/v2\/media\/51785"}],"wp:attachment":[{"href":"https:\/\/ovelanalista.com\/index.php?rest_route=%2Fwp%2Fv2%2Fmedia&parent=80326"}],"wp:term":[{"taxonomy":"category","embeddable":true,"href":"https:\/\/ovelanalista.com\/index.php?rest_route=%2Fwp%2Fv2%2Fcategories&post=80326"},{"taxonomy":"post_tag","embeddable":true,"href":"https:\/\/ovelanalista.com\/index.php?rest_route=%2Fwp%2Fv2%2Ftags&post=80326"}],"curies":[{"name":"wp","href":"https:\/\/api.w.org\/{rel}","templated":true}]}}