{"id":80365,"date":"2023-08-21T10:50:46","date_gmt":"2023-08-21T16:50:46","guid":{"rendered":"https:\/\/ovelanalista.com\/?p=80365"},"modified":"2023-08-21T10:50:46","modified_gmt":"2023-08-21T16:50:46","slug":"el-amenazante-andres-manuel-chavez-obrador","status":"publish","type":"post","link":"https:\/\/ovelanalista.com\/?p=80365","title":{"rendered":"El amenazante Andr\u00e9s Manuel \u201cCh\u00e1vez\u201d Obrador"},"content":{"rendered":"<p><strong>\u00cdNDICE POL\u00cdTICO<\/strong><\/p>\n<p><strong>FRANCISCO RODR\u00cdGUEZ<\/strong><\/p>\n<p>En el cl\u00edmax de su desesperaci\u00f3n por haber perdido el control de sus \u201ccorcholatas\u201d \u2013<strong>Marcelo Ebrard\u00a0<\/strong>contra todo y contra todos; todos contra Ebrard\u2013\u2026<\/p>\n<p>\u2026las riendas de la agenda p\u00fablica que ya dej\u00f3 de dictarse cada ma\u00f1ana exclusivamente desde Palacio Nacional y\u2026<\/p>\n<p>\u2026 sobre todo, por su derrota en materia de seguridad en pr\u00e1cticamente todo el territorio nacional\u2026<\/p>\n<p>\u2026\u00a0<strong>Andr\u00e9s Manuel L\u00f3pez Obrador<\/strong>\u00a0profiri\u00f3 el viernes reciente una amenaza a los propietarios (y concesionarios) de los medios de comunicaci\u00f3n.<\/p>\n<p>\u00a1Cuidado! Est\u00e1 a un paso de llevar a cabo lo que su gur\u00fa\u00a0<strong>Hugo Ch\u00e1vez<\/strong>\u00a0ya hizo en Venezuela, justo el 11 de mayo de 2009, cuando el aut\u00f3crata amenaz\u00f3 con cerrar los medios de comunicaci\u00f3n privados que le criticaban.<\/p>\n<p>Cumpli\u00f3, ya que la voz del periodismo en Venezuela se ha ido apagando durante las \u00faltimas dos d\u00e9cadas, debido a los golpes que el chavismo \u2013continuado por su sucesor\u00a0<strong>Nicol\u00e1s Maduro<\/strong>\u2014 ha asestado a los medios de comunicaci\u00f3n, desde 1998, lo que ha impedido la labor period\u00edstica y ha afectado el derecho a la informaci\u00f3n de los ciudadanos.<\/p>\n<p>La censura sobre los medios de comunicaci\u00f3n inici\u00f3 antes, en diciembre de 2007, cuando Hugo Ch\u00e1vez orden\u00f3 el cierre de Radio Caracas Televisi\u00f3n al considerarla \u201cuna compa\u00f1\u00eda golpista\u201d. Para ese entonces, el canal contaba con m\u00e1s de 12 millones de televidentes y era considerado el m\u00e1s popular del pa\u00eds sudamericano.<\/p>\n<p>Al igual que Ch\u00e1vez y sus paranoias, AMLO est\u00e1 hoy al borde de un ataque de nervios.<\/p>\n<p>Desde Palacio Nacional ve como su\u00a0<strong>proyecto se desbarata<\/strong>\u00a0entre las manos:<\/p>\n<p>La\u00a0<strong>militarizaci\u00f3n<\/strong>\u00a0en la que se ha venido apoyando est\u00e1 corro\u00edda ya por la corrupci\u00f3n\u2026<\/p>\n<p>\u2026 los varios\u00a0<strong>grupos criminales<\/strong>\u00a0con los que ha pactado apoyos electorales \u2013y econ\u00f3micos\u2013 para Morena se le salieron del redil y han desatado niveles de violencia de proporciones b\u00edblicas\u2026<\/p>\n<p>\u2026 sus\u00a0<strong>obras fara\u00f3nicas<\/strong>\u00a0son ya o pintan a ser sus grandes proyectos fracasados las que ya inaugur\u00f3 o est\u00e1 por inaugurar\u2026<\/p>\n<p>\u2026 la\u00a0<strong>corrupci\u00f3n y la impunidad<\/strong>\u00a0para \u201csus\u201d familiares y cercanos, de tan grande, ya no se compara ni siquiera con la de las administraciones de\u00a0<strong>Salinas, Fox<\/strong>\u00a0y\u00a0<strong>Pe\u00f1a Nieto<\/strong>\u2026<\/p>\n<p>\u2026 su\u00a0<strong>popularidad sigue al alza<\/strong>, pero su\u00a0<strong>gobierno va en ca\u00edda libre,\u00a0<\/strong>debido a las carencias que las mayor\u00edas sufren en salud\u2026<\/p>\n<p>\u2026 por la pobreza de la educaci\u00f3n que se avizora\u2026<\/p>\n<p>y la carest\u00eda imparable, entre otras muchas otras calamidades.<\/p>\n<p>Por eso, irritado y con cara de pocos amigos,\u00a0<strong>advirti\u00f3 o de plano amenaz\u00f3<\/strong>\u00a0\u2013tras que los medios y las redes sociales lo criticaron en abundancia por dizque no haber escuchado las peticiones que se le hac\u00edan para que abordara el tema de los cinco j\u00f3venes desaparecidos y asesinados en Lagos de Moreno y, en lugar de responder, solt\u00f3 un chiste baboso:<\/p>\n<p>&nbsp;<\/p>\n<p><img loading=\"lazy\" decoding=\"async\" class=\"wp-image-433911 alignnone\" src=\"https:\/\/indicepolitico.com\/wp-content\/uploads\/2023\/08\/image-3-9.jpg\" sizes=\"auto, (max-width: 550px) 100vw, 550px\" srcset=\"https:\/\/indicepolitico.com\/wp-content\/uploads\/2023\/08\/image-3-9.jpg 550w, https:\/\/indicepolitico.com\/wp-content\/uploads\/2023\/08\/image-3-9-300x160.jpg 300w\" alt=\"\" width=\"724\" height=\"387\" data-pin-no-hover=\"true\" \/><\/p>\n<p>\u201cNada m\u00e1s para que sepan que acuso recibo, porque es extremo\u2026 Ahora c\u00f3mo me van a someter. No, no, no.\u00a0<strong>Acepto el desaf\u00edo<\/strong>\u201d.<\/p>\n<p>Lanz\u00f3 su pica en Flandes, pues.<\/p>\n<p>Ahora \u00bfc\u00f3mo van a responder al malintencionado reto los propietarios de impresos y concesionarios de radio y televisi\u00f3n?<\/p>\n<p>\u00bfSe someter\u00e1n y despedir\u00e1n a los comunicadores\u00a0<strong><em>non gratos<\/em><\/strong>\u00a0al tabasque\u00f1o y a su entorno,\u00a0<strong>como suelen hacer<\/strong>\u00a0ante esas bravatas de los poderosos?<\/p>\n<p>Porque la mayor\u00eda de ellos, usted lo sabe, usan a sus medios para conseguir contratos y concesiones ya que son propietarios de constructoras, hospitales, arrendadoras de autos, comisionistas en prisiones, entre otros muchos \u201cbisnes\u201d.<\/p>\n<p>La libertad de prensa en M\u00e9xico est\u00e1 amenazada\u2026<\/p>\n<p>\u2026 y atenazada por los poderes pol\u00edtico y empresarial.<\/p>\n<p>&nbsp;<\/p>\n<p><strong>Indicios<\/strong><\/p>\n<p>\u00bfEs\u00a0<strong>Beatriz Paredes<\/strong>\u00a0una infiltrada de AMLO en el Frente Amplio por M\u00e9xico? Sus antecedentes biogr\u00e1ficos la ubican como alumna consentida de\u00a0<strong>Bertha Luj\u00e1n<\/strong>\u00a0\u2013activista y dirigente del partido guinda, y madre de la actual secretaria de Gobernaci\u00f3n,\u00a0<strong>Luisa Mar\u00eda Alcalde<\/strong>\u2013, tambi\u00e9n como fundadora del Foro Puebla, sucursal m\u00e1s visible del m\u00edtico Foro de Sao Paulo, y muy cercana a\u00a0<strong>Fidel Castro<\/strong>\u00a0durante su estad\u00eda en La Habana como embajadora de M\u00e9xico en Cuba. Sus puyas a\u00a0<strong>X\u00f3chitl G\u00e1lvez<\/strong>\u00a0en ya cuando menos un par de ocasiones la ubican m\u00e1s al lado de L\u00f3pez Obrador, quien no cesa de criticar a la hidalguense, que de la sociedad civil. Y, por si fuera poco, los dizque\u00a0<strong><em>influencers\u00a0<\/em><\/strong>de la 4T no cesan de lanzarle porras en redes sociales y alabar hasta sus estornudos. Sucede lo mismo con los textoservidores de la llamada Cuarta Transformaci\u00f3n.\u00a0<strong>\u00bfSer\u00e1 que ya le entregaron sus bien ganadas 30 monedas?,\u00a0<\/strong>con eso de que para ella lo importante es la \u201clana\u201d que le cae en las campa\u00f1as. \u00a0* * * Ante las \u201cserias dificultades para el acceso a la consulta irrestricta de documentaci\u00f3n hist\u00f3rica proveniente de agencias encargadas de labores de seguridad, inteligencia, de las Fuerzas Armadas y de las polic\u00edas\u201d, denunciadas por el\u00a0<strong>Mecanismo para el Acceso a la Verdad y el Esclarecimiento Hist\u00f3rico<\/strong>, L\u00f3pez Obrador afirm\u00f3 el \u00faltimo viernes que \u201cya se entreg\u00f3 toda la informaci\u00f3n\u201d del Centro Nacional de Inteligencia (CNI) y las Fuerzas Armadas sobre la \u201cGuerra sucia\u201d, periodo de represi\u00f3n estatal entre las d\u00e9cadas de 1960 y 1990. En pocas palabras, le entreg\u00f3 a Lutero el manejo de la Iglesia. * * * Como otros gobernadores que surgieron del PRI y se encaramaron sobre Morena para llegar al cargo, en pocos meses\u00a0<strong>Salom\u00f3n Jara<\/strong>\u00a0ha perdido la gobernabilidad en Oaxaca. Una muestra reciente se da en la zona Triqui donde nuevamente se ha desatado la violencia en contra de sus pobladores sujetos a la explotaci\u00f3n de los caciques. Igual sucede en Guerrero, Chiapas, Quintana Roo, Michoac\u00e1n, Tamaulipas, Sonora, Baja California, entre otros, donde los \u201cmandantes\u201d estatales\u00a0<strong>Evelyn Salgado, Rutilio Escand\u00f3n, Mara Lezama, Alfredo Ram\u00edrez, Am\u00e9rico Villarreal Jr., Alfonso Durazo\u00a0<\/strong>\u2013m\u00e1s atento a tareas partidistas que a gobernar su entidad\u2013 y\u00a0<strong>Marina del Pilar \u00c1vila\u00a0<\/strong>no dan pie con bola si no se los ordenan desde el Z\u00f3calo de CDMX. Ellos agachan la cabeza y acatan. * * * De no ser por aquellas inundaciones en Tabasco a mediados de noviembre de 2020 que, por instrucciones de AMLO, afectaron a \u201clas zonas m\u00e1s pobres\u201d para salvar a Villahermosa, la actual Administraci\u00f3n no se ha enfrentado a mayores cat\u00e1strofes de esas que err\u00f3neamente se califican como \u201cnaturales\u201d. No obstante, ha habido da\u00f1os a poblaciones enteras, Tula, por ejemplo, sin que \u00e9stas reciban apoyos reales desde que por \u00f3rdenes del oriundo del poblado de Tepetit\u00e1n desaparecieron el Fonden y sus multimillonarios recursos. El paso huracanado y tormentoso de\u00a0<strong><em>Hillary<\/em><\/strong>\u00a0por las costas del Pac\u00edfico tambi\u00e9n ha provocado graves perjuicios y no habr\u00e1 apoyos para las comunidades ni para la reconstrucci\u00f3n de lo afectado. \u00a1<strong>Han causado m\u00e1s da\u00f1o los cuatroteros que los sismos<\/strong>! * * * La pregunta de la semana: \u00bfQu\u00e9 hace ah\u00ed, todav\u00eda,\u00a0<strong>Santiago Creel<\/strong>? * * * Y por hoy es todo. Le deseo, como siempre, \u00a1buenas gracias y muchos, muchos d\u00edas!<\/p>\n<p><a href=\"https:\/\/www.indicepolitico.com\/\"><strong>https:\/\/www.indicepolitico.com<\/strong><\/a><br \/>\n<a href=\"https:\/\/mail.google.com\/mail\/?view=cm&amp;fs=1&amp;tf=1&amp;to=indicepolitico@gmail.com\"><strong>indicepolitico@gmail.com<\/strong><\/a><br \/>\n<a href=\"https:\/\/twitter.com\/IndicePolitico\"><strong>@IndicePolitico<\/strong><\/a><br \/>\n<a href=\"https:\/\/twitter.com\/pacorodriguez\"><strong>@pacorodriguez<\/strong><\/a><\/p>\n","protected":false},"excerpt":{"rendered":"<p>\u00cdNDICE POL\u00cdTICO FRANCISCO RODR\u00cdGUEZ En el cl\u00edmax de su desesperaci\u00f3n por haber perdido el control de sus \u201ccorcholatas\u201d \u2013Marcelo Ebrard\u00a0contra todo y contra todos; todos contra Ebrard\u2013\u2026 \u2026las riendas de la agenda p\u00fablica que ya dej\u00f3 de dictarse cada ma\u00f1ana exclusivamente desde Palacio Nacional y\u2026 \u2026 sobre todo, por su derrota en materia de seguridad en pr\u00e1cticamente todo el territorio nacional\u2026 \u2026\u00a0Andr\u00e9s Manuel L\u00f3pez Obrador\u00a0profiri\u00f3 el viernes reciente una amenaza a los propietarios (y concesionarios) de los medios de comunicaci\u00f3n. \u00a1Cuidado! Est\u00e1 a un paso de llevar a cabo lo que su gur\u00fa\u00a0Hugo Ch\u00e1vez\u00a0ya hizo en Venezuela, justo el 11 [&hellip;]<\/p>\n","protected":false},"author":3,"featured_media":80197,"comment_status":"open","ping_status":"open","sticky":false,"template":"","format":"standard","meta":{"_jetpack_newsletter_access":"","_jetpack_dont_email_post_to_subs":false,"_jetpack_newsletter_tier_id":0,"_jetpack_memberships_contains_paywalled_content":false,"_jetpack_feature_clip_id":0,"_jetpack_memberships_contains_paid_content":false,"footnotes":"","jetpack_publicize_message":"","jetpack_publicize_feature_enabled":true,"jetpack_social_post_already_shared":true,"jetpack_social_options":{"image_generator_settings":{"template":"highway","default_image_id":0,"font":"","enabled":false},"version":2},"jetpack_post_was_ever_published":false},"categories":[79],"tags":[],"class_list":["post-80365","post","type-post","status-publish","format-standard","has-post-thumbnail","hentry","category-columnistas-nacionales","post--single"],"jetpack_publicize_connections":[],"jetpack_featured_media_url":"https:\/\/ovelanalista.com\/wp-content\/uploads\/2023\/08\/FRANCISCO-RODRI\u0301GUEZ-1.jpeg","jetpack_sharing_enabled":true,"_links":{"self":[{"href":"https:\/\/ovelanalista.com\/index.php?rest_route=\/wp\/v2\/posts\/80365","targetHints":{"allow":["GET"]}}],"collection":[{"href":"https:\/\/ovelanalista.com\/index.php?rest_route=\/wp\/v2\/posts"}],"about":[{"href":"https:\/\/ovelanalista.com\/index.php?rest_route=\/wp\/v2\/types\/post"}],"author":[{"embeddable":true,"href":"https:\/\/ovelanalista.com\/index.php?rest_route=\/wp\/v2\/users\/3"}],"replies":[{"embeddable":true,"href":"https:\/\/ovelanalista.com\/index.php?rest_route=%2Fwp%2Fv2%2Fcomments&post=80365"}],"version-history":[{"count":1,"href":"https:\/\/ovelanalista.com\/index.php?rest_route=\/wp\/v2\/posts\/80365\/revisions"}],"predecessor-version":[{"id":80366,"href":"https:\/\/ovelanalista.com\/index.php?rest_route=\/wp\/v2\/posts\/80365\/revisions\/80366"}],"wp:featuredmedia":[{"embeddable":true,"href":"https:\/\/ovelanalista.com\/index.php?rest_route=\/wp\/v2\/media\/80197"}],"wp:attachment":[{"href":"https:\/\/ovelanalista.com\/index.php?rest_route=%2Fwp%2Fv2%2Fmedia&parent=80365"}],"wp:term":[{"taxonomy":"category","embeddable":true,"href":"https:\/\/ovelanalista.com\/index.php?rest_route=%2Fwp%2Fv2%2Fcategories&post=80365"},{"taxonomy":"post_tag","embeddable":true,"href":"https:\/\/ovelanalista.com\/index.php?rest_route=%2Fwp%2Fv2%2Ftags&post=80365"}],"curies":[{"name":"wp","href":"https:\/\/api.w.org\/{rel}","templated":true}]}}