{"id":80384,"date":"2023-08-01T12:51:15","date_gmt":"2023-08-01T18:51:15","guid":{"rendered":"https:\/\/ovelanalista.com\/?p=80384"},"modified":"2023-08-21T12:53:21","modified_gmt":"2023-08-21T18:53:21","slug":"anuncia-el-alcalde-gerardo-vargas-semana-de-obras-de-pavimento-en-zona-urbana-y-rural","status":"publish","type":"post","link":"https:\/\/ovelanalista.com\/?p=80384","title":{"rendered":"Anuncia el Alcalde Gerardo Vargas semana de obras de pavimento en zona urbana y rural."},"content":{"rendered":"<p><strong><em>En conferencia de prensa inform\u00f3 que se dar\u00e1 banderazo de inicio en la colonia An\u00e1huac de Los Mochis y en los ejidos El Guayabo y Macapule, gracias a los 31 mdp que Ahome recibe del programa de regulaci\u00f3n de autos extranjeros del Gobierno Federal y del Estado de Sinaloa\u2026<\/em><\/strong><\/p>\n<p><strong>Los Mochis, Sinaloa, a 01 de Agosto del 2023.-\u00a0<\/strong>El Presidente Municipal Gerardo Octavio Vargas Landeros anunci\u00f3 que esta semana se pondr\u00e1n en marcha importantes obras de pavimento en colonias populares de Los Mochis y comunidades rurales de las sindicaturas ahomenses, gracias a las aportaciones a trav\u00e9s del programa de regularizaci\u00f3n de veh\u00edculos extranjeros del Gobierno Federal y del Gobierno del Estado.<\/p>\n<p>&nbsp;<\/p>\n<p>\u201cSon alrededor de 31 millones de pesos los que se invierten en este programa de pavimentaci\u00f3n con concreto hidr\u00e1ulico en el municipio, y con ello estamos cumpliendo compromisos de campa\u00f1a, cubriendo necesidades prioritarias, y atendiendo demandas ciudadanas que recogemos en las giras de trabajo\u201d, expres\u00f3 el Alcalde.<\/p>\n<p>&nbsp;<\/p>\n<p>Dijo que, este programa de pavimentaci\u00f3n con concreto hidr\u00e1ulico, se ha logrado ampliar gracias a que el Gobernador Rub\u00e9n Rocha Moya, hizo compromiso de aportar un peso m\u00e1s por cada uno que Ahome recibe del Gobierno Federal, por lo que agradeci\u00f3 a nombre de todos los ahomenses estos apoyos.<\/p>\n<p>&nbsp;<\/p>\n<p>\u201cEste mi\u00e9rcoles estaremos en la colonia An\u00e1huac para la pavimentaci\u00f3n de una calle, y el viernes y lunes iremos a los ejidos El Guayabo y El Macapule para el banderazo de un par de calles m\u00e1s, con concreto hidr\u00e1ulico\u201d, inform\u00f3 Vargas Landeros.<\/p>\n<p>&nbsp;<\/p>\n<p>El Alcalde explic\u00f3 que, la mayor parte de estos recursos recibidos del programa de regularizaci\u00f3n de veh\u00edculos extranjeros por parte de la Federaci\u00f3n, m\u00e1s lo adicional del Gobierno del Estado, se est\u00e1n invirtiendo en la zona rural, para abatir los rezagos en las comunidades m\u00e1s vulnerables.<\/p>\n<p>&nbsp;<\/p>\n<p>Vargas Landeros abund\u00f3 que de igual forma esta semana se avanza satisfactoriamente en el programa de instalaci\u00f3n de nuevos sem\u00e1foros en algunos de cruceros de mayor circulaci\u00f3n vial en la ciudad de Los Mochis.<\/p>\n<p>&nbsp;<\/p>\n<p>Por \u00faltimo, aprovech\u00f3 para anunciar a los vecinos del sector poniente de la ciudad de Los Mochis, que el pr\u00f3ximo s\u00e1bado se llevar\u00e1 el programa Bienestar en Tu Colonia, al parque del Oratorio Don Bosco en la colonia Nuevo Horizonte, donde \u00e9l mismo, junto con los titulares y empleados de las dependencias municipales instalan m\u00f3dulos de atenci\u00f3n para acercarles los programas y servicios del Gobierno a sus propias comunidades.<\/p>\n","protected":false},"excerpt":{"rendered":"<p>En conferencia de prensa inform\u00f3 que se dar\u00e1 banderazo de inicio en la colonia An\u00e1huac de Los Mochis y en los ejidos El Guayabo y Macapule, gracias a los 31 mdp que Ahome recibe del programa de regulaci\u00f3n de autos extranjeros del Gobierno Federal y del Estado de Sinaloa\u2026 Los Mochis, Sinaloa, a 01 de Agosto del 2023.-\u00a0El Presidente Municipal Gerardo Octavio Vargas Landeros anunci\u00f3 que esta semana se pondr\u00e1n en marcha importantes obras de pavimento en colonias populares de Los Mochis y comunidades rurales de las sindicaturas ahomenses, gracias a las aportaciones a trav\u00e9s del programa de regularizaci\u00f3n de [&hellip;]<\/p>\n","protected":false},"author":3,"featured_media":80385,"comment_status":"open","ping_status":"open","sticky":false,"template":"","format":"standard","meta":{"_jetpack_newsletter_access":"","_jetpack_dont_email_post_to_subs":false,"_jetpack_newsletter_tier_id":0,"_jetpack_memberships_contains_paywalled_content":false,"_jetpack_feature_clip_id":0,"_jetpack_memberships_contains_paid_content":false,"footnotes":"","jetpack_publicize_message":"","jetpack_publicize_feature_enabled":true,"jetpack_social_post_already_shared":true,"jetpack_social_options":{"image_generator_settings":{"template":"highway","default_image_id":0,"font":"","enabled":false},"version":2},"jetpack_post_was_ever_published":false},"categories":[72,85],"tags":[],"class_list":["post-80384","post","type-post","status-publish","format-standard","has-post-thumbnail","hentry","category-portada","category-sinaloa-norte","post--single"],"jetpack_publicize_connections":[],"jetpack_featured_media_url":"https:\/\/ovelanalista.com\/wp-content\/uploads\/2023\/08\/Captura-de-Pantalla-2023-08-21-a-las-11.52.12.png","jetpack_sharing_enabled":true,"_links":{"self":[{"href":"https:\/\/ovelanalista.com\/index.php?rest_route=\/wp\/v2\/posts\/80384","targetHints":{"allow":["GET"]}}],"collection":[{"href":"https:\/\/ovelanalista.com\/index.php?rest_route=\/wp\/v2\/posts"}],"about":[{"href":"https:\/\/ovelanalista.com\/index.php?rest_route=\/wp\/v2\/types\/post"}],"author":[{"embeddable":true,"href":"https:\/\/ovelanalista.com\/index.php?rest_route=\/wp\/v2\/users\/3"}],"replies":[{"embeddable":true,"href":"https:\/\/ovelanalista.com\/index.php?rest_route=%2Fwp%2Fv2%2Fcomments&post=80384"}],"version-history":[{"count":1,"href":"https:\/\/ovelanalista.com\/index.php?rest_route=\/wp\/v2\/posts\/80384\/revisions"}],"predecessor-version":[{"id":80387,"href":"https:\/\/ovelanalista.com\/index.php?rest_route=\/wp\/v2\/posts\/80384\/revisions\/80387"}],"wp:featuredmedia":[{"embeddable":true,"href":"https:\/\/ovelanalista.com\/index.php?rest_route=\/wp\/v2\/media\/80385"}],"wp:attachment":[{"href":"https:\/\/ovelanalista.com\/index.php?rest_route=%2Fwp%2Fv2%2Fmedia&parent=80384"}],"wp:term":[{"taxonomy":"category","embeddable":true,"href":"https:\/\/ovelanalista.com\/index.php?rest_route=%2Fwp%2Fv2%2Fcategories&post=80384"},{"taxonomy":"post_tag","embeddable":true,"href":"https:\/\/ovelanalista.com\/index.php?rest_route=%2Fwp%2Fv2%2Ftags&post=80384"}],"curies":[{"name":"wp","href":"https:\/\/api.w.org\/{rel}","templated":true}]}}