{"id":80386,"date":"2023-08-02T12:53:00","date_gmt":"2023-08-02T18:53:00","guid":{"rendered":"https:\/\/ovelanalista.com\/?p=80386"},"modified":"2023-08-21T12:55:02","modified_gmt":"2023-08-21T18:55:02","slug":"invita-sedeco-a-la-conferencia-de-emprendedor-a-empresario-la-economia-del-futuro","status":"publish","type":"post","link":"https:\/\/ovelanalista.com\/?p=80386","title":{"rendered":"Invita SEDECO a la conferencia \u201cDe emprendedor a empresario, la econom\u00eda del futuro\u201d."},"content":{"rendered":"<p><strong><em>La magna disertaci\u00f3n a cargo del coach internacional Carlos \u201cM\u00e1ster\u201d Mu\u00f1oz, ser\u00e1 el 10 de agosto a las 6 de la tarde en el Teatro Ingenio\u2026<\/em><\/strong><strong><em>\u00a0<\/em><\/strong><\/p>\n<p><strong>Los Mochis, Sinaloa, a 02 de Agosto del 2023.-\u00a0<\/strong>La Secretar\u00eda de Econom\u00eda del Municipio de Ahome (SEDECO) en coordinaci\u00f3n con el sector empresarial de la localidad invitan a la conferencia magistral \u201cDe emprendedor a empresario, la econom\u00eda del futuro\u201d a cargo del reconocido escritor y coach internacional Carlos \u201cM\u00e1ster\u201d Mu\u00f1oz.<\/p>\n<p>&nbsp;<\/p>\n<p>La informaci\u00f3n dada a conocer por el Secretario de Econom\u00eda, H\u00e9ctor Ibarra Flores, indica que la disertaci\u00f3n est\u00e1 programada para el d\u00eda 10 de agosto a las 6 de la tarde en el Teatro Ingenio.<\/p>\n<p>&nbsp;<\/p>\n<p>Acompa\u00f1ado de representantes de organismos empresariales, entre ellos Omar Ahumada del restaurante Mar\u00edtimo, Juan Carlos Cabrera de Grupo EMUS, Manrique Nielsen de CANACINTRA y Javier Cece\u00f1a Corrales de Grupo RED, el Secretario de Econom\u00eda dijo que todos coinciden en que este tipo de actividades consolidan las pol\u00edticas p\u00fablicas que encabeza el Alcalde Gerardo Vargas Landeros, en el sentido de ir siempre un paso adelante en el desarrollo de la ciudad y el municipio.<\/p>\n<p>&nbsp;<\/p>\n<p>\u201cLo que buscamos es eso: ir un paso adelante como ciudad. Ya tenemos eventos de promoci\u00f3n tur\u00edstica, gastronom\u00eda, conciertos musicales, empresariales, y este tipo de conferencias vienen a reforzar la promoci\u00f3n de Ahome\u201d, expres\u00f3 el funcionario.<\/p>\n<p>&nbsp;<\/p>\n<p>Por su parte, el Director de Desarrollo Econ\u00f3mico, Gabriel Alg\u00e1ndar, explic\u00f3 que la instrucci\u00f3n del Alcalde es que, desde la SEDECO, se est\u00e9 empujado de manera integral este tipo de actividades para consolidar a la ciudad de Los Mochis y al Municipio de Ahome, como ejemplo de emprendimiento.<\/p>\n<p>\u201cJunto con los grupos empresariales buscamos consolidar este sector y ser ejemplo para otras ciudades, de ah\u00ed la importancia de hacer sinergia con ustedes\u201d, expres\u00f3.<\/p>\n<p>&nbsp;<\/p>\n<p>Para mayor informaci\u00f3n y adquisici\u00f3n de boletos pueden dirigirse a la SEDECO en Plaza Punto. Otros sitios de venta son Teatro Ingenio y Boleto M\u00f3vil (en l\u00ednea) con costos de 980, 780 y 530 pesos.<\/p>\n","protected":false},"excerpt":{"rendered":"<p>La magna disertaci\u00f3n a cargo del coach internacional Carlos \u201cM\u00e1ster\u201d Mu\u00f1oz, ser\u00e1 el 10 de agosto a las 6 de la tarde en el Teatro Ingenio\u2026\u00a0 Los Mochis, Sinaloa, a 02 de Agosto del 2023.-\u00a0La Secretar\u00eda de Econom\u00eda del Municipio de Ahome (SEDECO) en coordinaci\u00f3n con el sector empresarial de la localidad invitan a la conferencia magistral \u201cDe emprendedor a empresario, la econom\u00eda del futuro\u201d a cargo del reconocido escritor y coach internacional Carlos \u201cM\u00e1ster\u201d Mu\u00f1oz. &nbsp; La informaci\u00f3n dada a conocer por el Secretario de Econom\u00eda, H\u00e9ctor Ibarra Flores, indica que la disertaci\u00f3n est\u00e1 programada para el d\u00eda 10 [&hellip;]<\/p>\n","protected":false},"author":3,"featured_media":80388,"comment_status":"open","ping_status":"open","sticky":false,"template":"","format":"standard","meta":{"_jetpack_newsletter_access":"","_jetpack_dont_email_post_to_subs":false,"_jetpack_newsletter_tier_id":0,"_jetpack_memberships_contains_paywalled_content":false,"_jetpack_feature_clip_id":0,"_jetpack_memberships_contains_paid_content":false,"footnotes":"","jetpack_publicize_message":"","jetpack_publicize_feature_enabled":true,"jetpack_social_post_already_shared":true,"jetpack_social_options":{"image_generator_settings":{"template":"highway","default_image_id":0,"font":"","enabled":false},"version":2},"jetpack_post_was_ever_published":false},"categories":[72,85],"tags":[],"class_list":["post-80386","post","type-post","status-publish","format-standard","has-post-thumbnail","hentry","category-portada","category-sinaloa-norte","post--single"],"jetpack_publicize_connections":[],"jetpack_featured_media_url":"https:\/\/ovelanalista.com\/wp-content\/uploads\/2023\/08\/Captura-de-Pantalla-2023-08-21-a-las-11.53.57.png","jetpack_sharing_enabled":true,"_links":{"self":[{"href":"https:\/\/ovelanalista.com\/index.php?rest_route=\/wp\/v2\/posts\/80386","targetHints":{"allow":["GET"]}}],"collection":[{"href":"https:\/\/ovelanalista.com\/index.php?rest_route=\/wp\/v2\/posts"}],"about":[{"href":"https:\/\/ovelanalista.com\/index.php?rest_route=\/wp\/v2\/types\/post"}],"author":[{"embeddable":true,"href":"https:\/\/ovelanalista.com\/index.php?rest_route=\/wp\/v2\/users\/3"}],"replies":[{"embeddable":true,"href":"https:\/\/ovelanalista.com\/index.php?rest_route=%2Fwp%2Fv2%2Fcomments&post=80386"}],"version-history":[{"count":1,"href":"https:\/\/ovelanalista.com\/index.php?rest_route=\/wp\/v2\/posts\/80386\/revisions"}],"predecessor-version":[{"id":80390,"href":"https:\/\/ovelanalista.com\/index.php?rest_route=\/wp\/v2\/posts\/80386\/revisions\/80390"}],"wp:featuredmedia":[{"embeddable":true,"href":"https:\/\/ovelanalista.com\/index.php?rest_route=\/wp\/v2\/media\/80388"}],"wp:attachment":[{"href":"https:\/\/ovelanalista.com\/index.php?rest_route=%2Fwp%2Fv2%2Fmedia&parent=80386"}],"wp:term":[{"taxonomy":"category","embeddable":true,"href":"https:\/\/ovelanalista.com\/index.php?rest_route=%2Fwp%2Fv2%2Fcategories&post=80386"},{"taxonomy":"post_tag","embeddable":true,"href":"https:\/\/ovelanalista.com\/index.php?rest_route=%2Fwp%2Fv2%2Ftags&post=80386"}],"curies":[{"name":"wp","href":"https:\/\/api.w.org\/{rel}","templated":true}]}}