{"id":80389,"date":"2023-08-03T12:54:45","date_gmt":"2023-08-03T18:54:45","guid":{"rendered":"https:\/\/ovelanalista.com\/?p=80389"},"modified":"2023-08-21T12:57:04","modified_gmt":"2023-08-21T18:57:04","slug":"va-bien-el-servicio-de-recoleccion-de-basura-y-esperamos-seguir-mejorando-genaro-garcia","status":"publish","type":"post","link":"https:\/\/ovelanalista.com\/?p=80389","title":{"rendered":"\u201cVa bien el servicio de recolecci\u00f3n de basura y esperamos seguir mejorando\u201d: Genaro Garc\u00eda."},"content":{"rendered":"<p><strong><em>El Secretario del Ayuntamiento, inform\u00f3 que han bajado las quejas y que la instrucci\u00f3n del Alcalde Gerardo Vargas Landeros, es de que se reordene el servicio con nuevas rutas y horarios para brindar un servicio digno y eficaz a la poblaci\u00f3n\u2026<\/em><\/strong><\/p>\n<p><strong>Los Mochis, Sinaloa, a 03 de Agosto del 2023.-\u00a0<\/strong>Con el objetivo de normalizar y mejorar el servicio de recolecci\u00f3n de basura, el Ayuntamiento de Ahome est\u00e1 trabajando en coordinaci\u00f3n con la empresa concesionaria OP Ecolog\u00eda, en un plan estrat\u00e9gico de reordenamiento de rutas y horarios para hacer m\u00e1s eficiente el trabajo.<\/p>\n<p>&nbsp;<\/p>\n<p>As\u00ed lo confirm\u00f3 el Secretario del Ayuntamiento, Genaro Garc\u00eda Castro, quien dej\u00f3 en claro que la instrucci\u00f3n del Alcalde Gerardo Vargas Landeros, es de que a la mayor brevedad se resuelva la problem\u00e1tica.<\/p>\n<p>&nbsp;<\/p>\n<p>\u201cPor fortuna, despu\u00e9s de que se pusieron en operaci\u00f3n ocho camiones recolectores m\u00e1s, no hemos tenido mayores quejas. S\u00ed hubo una de la calle Miguel Hidalgo en Higuera de Zaragoza, pero afortunadamente no ha habido m\u00e1s\u201d, dijo el funcionario.<\/p>\n<p>&nbsp;<\/p>\n<p>Subray\u00f3 que el compromiso del Presidente Municipal es de que, para la pr\u00f3xima semana, se debe restablecer el servicio al cien por ciento.<\/p>\n<p>&nbsp;<\/p>\n<p>\u201cYa es tiempo de que se mejore. Debemos estar preparados para no llegar a un estado de crisis. En este caso, la intervenci\u00f3n oportuna y directa del alcalde Gerardo Vargas Landeros, ha sido muy buena para normalizar el servicio\u201d, expres\u00f3 Garc\u00eda Castro.<\/p>\n<p>&nbsp;<\/p>\n<p>Abund\u00f3 que hay un caso de tema laboral con OP Ecolog\u00eda, por la cuesti\u00f3n clim\u00e1tica.<\/p>\n<p>&nbsp;<\/p>\n<p>\u201cEs muy complicado que estos trabajadores lo hagan en condiciones de esta naturaleza de las 12 a las 16 horas. Son horas peligrosas para la salud y por ello estamos replanteando una estrategia con nuevas rutas y horarios\u201d, expres\u00f3 el Secretario del Ayuntamiento.<\/p>\n<p>&nbsp;<\/p>\n<p>\u201cSin duda, con este plan de trabajo que estamos implementando en coordinaci\u00f3n con el concesionario de la recolecci\u00f3n de basura, pensamos que se debe hacer un mejor trabajo y brindar un servicio digno y de calidad a la ciudadan\u00eda\u201d, puntualiz\u00f3 Garc\u00eda Castro.<\/p>\n","protected":false},"excerpt":{"rendered":"<p>El Secretario del Ayuntamiento, inform\u00f3 que han bajado las quejas y que la instrucci\u00f3n del Alcalde Gerardo Vargas Landeros, es de que se reordene el servicio con nuevas rutas y horarios para brindar un servicio digno y eficaz a la poblaci\u00f3n\u2026 Los Mochis, Sinaloa, a 03 de Agosto del 2023.-\u00a0Con el objetivo de normalizar y mejorar el servicio de recolecci\u00f3n de basura, el Ayuntamiento de Ahome est\u00e1 trabajando en coordinaci\u00f3n con la empresa concesionaria OP Ecolog\u00eda, en un plan estrat\u00e9gico de reordenamiento de rutas y horarios para hacer m\u00e1s eficiente el trabajo. &nbsp; As\u00ed lo confirm\u00f3 el Secretario del Ayuntamiento, [&hellip;]<\/p>\n","protected":false},"author":3,"featured_media":80391,"comment_status":"open","ping_status":"open","sticky":false,"template":"","format":"standard","meta":{"_jetpack_newsletter_access":"","_jetpack_dont_email_post_to_subs":false,"_jetpack_newsletter_tier_id":0,"_jetpack_memberships_contains_paywalled_content":false,"_jetpack_feature_clip_id":0,"_jetpack_memberships_contains_paid_content":false,"footnotes":"","jetpack_publicize_message":"","jetpack_publicize_feature_enabled":true,"jetpack_social_post_already_shared":true,"jetpack_social_options":{"image_generator_settings":{"template":"highway","default_image_id":0,"font":"","enabled":false},"version":2},"jetpack_post_was_ever_published":false},"categories":[72,85],"tags":[],"class_list":["post-80389","post","type-post","status-publish","format-standard","has-post-thumbnail","hentry","category-portada","category-sinaloa-norte","post--single"],"jetpack_publicize_connections":[],"jetpack_featured_media_url":"https:\/\/ovelanalista.com\/wp-content\/uploads\/2023\/08\/Captura-de-Pantalla-2023-08-21-a-las-11.55.55.png","jetpack_sharing_enabled":true,"_links":{"self":[{"href":"https:\/\/ovelanalista.com\/index.php?rest_route=\/wp\/v2\/posts\/80389","targetHints":{"allow":["GET"]}}],"collection":[{"href":"https:\/\/ovelanalista.com\/index.php?rest_route=\/wp\/v2\/posts"}],"about":[{"href":"https:\/\/ovelanalista.com\/index.php?rest_route=\/wp\/v2\/types\/post"}],"author":[{"embeddable":true,"href":"https:\/\/ovelanalista.com\/index.php?rest_route=\/wp\/v2\/users\/3"}],"replies":[{"embeddable":true,"href":"https:\/\/ovelanalista.com\/index.php?rest_route=%2Fwp%2Fv2%2Fcomments&post=80389"}],"version-history":[{"count":1,"href":"https:\/\/ovelanalista.com\/index.php?rest_route=\/wp\/v2\/posts\/80389\/revisions"}],"predecessor-version":[{"id":80393,"href":"https:\/\/ovelanalista.com\/index.php?rest_route=\/wp\/v2\/posts\/80389\/revisions\/80393"}],"wp:featuredmedia":[{"embeddable":true,"href":"https:\/\/ovelanalista.com\/index.php?rest_route=\/wp\/v2\/media\/80391"}],"wp:attachment":[{"href":"https:\/\/ovelanalista.com\/index.php?rest_route=%2Fwp%2Fv2%2Fmedia&parent=80389"}],"wp:term":[{"taxonomy":"category","embeddable":true,"href":"https:\/\/ovelanalista.com\/index.php?rest_route=%2Fwp%2Fv2%2Fcategories&post=80389"},{"taxonomy":"post_tag","embeddable":true,"href":"https:\/\/ovelanalista.com\/index.php?rest_route=%2Fwp%2Fv2%2Ftags&post=80389"}],"curies":[{"name":"wp","href":"https:\/\/api.w.org\/{rel}","templated":true}]}}