{"id":80392,"date":"2023-08-04T12:56:45","date_gmt":"2023-08-04T18:56:45","guid":{"rendered":"https:\/\/ovelanalista.com\/?p=80392"},"modified":"2023-08-21T12:58:54","modified_gmt":"2023-08-21T18:58:54","slug":"nombran-a-gerardo-vargas-como-vicepresidente-nacional-de-la-conferencia-de-seguridad","status":"publish","type":"post","link":"https:\/\/ovelanalista.com\/?p=80392","title":{"rendered":"Nombran a Gerardo Vargas como Vicepresidente Nacional de la Conferencia de Seguridad."},"content":{"rendered":"<p><strong><em>El propio Alcalde confirm\u00f3 la noticia en entrevista, y dijo que esto seguro es por las buenas notas del Municipio de Ahome en materia de seguridad y desarrollo\u2026<\/em><\/strong><\/p>\n<p><strong>Los Mochis, Sinaloa, a 04 de Agosto del 2023.-\u00a0<\/strong>La Conferencia Nacional de Seguridad P\u00fablica Municipal del Pa\u00eds, eligi\u00f3 al Alcalde de Ahome Gerardo Vargas Landeros, como vicepresidente de dicha agrupaci\u00f3n en la reuni\u00f3n nacional de la mesa de seguridad celebrada en la Ciudad de M\u00e9xico CDMX.<\/p>\n<p>&nbsp;<\/p>\n<p>En entrevista, Vargas Landeros, expres\u00f3 satisfacci\u00f3n por el nombramiento, \u201cporque sin duda es reflejo de que la ciudad de Los Mochis y el Municipio de Ahome somos de los primeros tres en mejor calificaci\u00f3n en el pa\u00eds\u201d.<\/p>\n<p>&nbsp;<\/p>\n<p>\u201cHay un ap\u00e9ndice en esta mesa de seguridad nacional, que se le llama Conferencia Nacional de Presidentes Municipales y a mi compa\u00f1ero Alcalde Juan Manuel Pozos, de Tuxpan Veracruz, y a su servidor nos eligieron como Presidente y Vicepresidente de esa agrupaci\u00f3n\u201d, expres\u00f3 Vargas Landeros.<\/p>\n<p>&nbsp;<\/p>\n<p>Dijo que asume el compromiso con responsabilidad para ser la voz de los alcaldes en dicho Consejo Nacional.<\/p>\n<p>&nbsp;<\/p>\n<p>\u201cPara m\u00ed es un honor y un gran compromiso tener esta representaci\u00f3n de los alcaldes, sobre en todo en materia de seguridad que es uno de los servicios que m\u00e1s demanda la ciudadan\u00eda\u201d.<\/p>\n<p>&nbsp;<\/p>\n<p>Vargas Landeros subray\u00f3 el honor y orgullo de que Ahome sea tomado en cuenta en esta agrupaci\u00f3n nacional, ya que es muestra de que somos de los municipios m\u00e1s seguros del pa\u00eds.<\/p>\n","protected":false},"excerpt":{"rendered":"<p>El propio Alcalde confirm\u00f3 la noticia en entrevista, y dijo que esto seguro es por las buenas notas del Municipio de Ahome en materia de seguridad y desarrollo\u2026 Los Mochis, Sinaloa, a 04 de Agosto del 2023.-\u00a0La Conferencia Nacional de Seguridad P\u00fablica Municipal del Pa\u00eds, eligi\u00f3 al Alcalde de Ahome Gerardo Vargas Landeros, como vicepresidente de dicha agrupaci\u00f3n en la reuni\u00f3n nacional de la mesa de seguridad celebrada en la Ciudad de M\u00e9xico CDMX. &nbsp; En entrevista, Vargas Landeros, expres\u00f3 satisfacci\u00f3n por el nombramiento, \u201cporque sin duda es reflejo de que la ciudad de Los Mochis y el Municipio de [&hellip;]<\/p>\n","protected":false},"author":3,"featured_media":80394,"comment_status":"open","ping_status":"open","sticky":false,"template":"","format":"standard","meta":{"_jetpack_newsletter_access":"","_jetpack_dont_email_post_to_subs":false,"_jetpack_newsletter_tier_id":0,"_jetpack_memberships_contains_paywalled_content":false,"_jetpack_feature_clip_id":0,"_jetpack_memberships_contains_paid_content":false,"footnotes":"","jetpack_publicize_message":"","jetpack_publicize_feature_enabled":true,"jetpack_social_post_already_shared":true,"jetpack_social_options":{"image_generator_settings":{"template":"highway","default_image_id":0,"font":"","enabled":false},"version":2},"jetpack_post_was_ever_published":false},"categories":[72,85],"tags":[],"class_list":["post-80392","post","type-post","status-publish","format-standard","has-post-thumbnail","hentry","category-portada","category-sinaloa-norte","post--single"],"jetpack_publicize_connections":[],"jetpack_featured_media_url":"https:\/\/ovelanalista.com\/wp-content\/uploads\/2023\/08\/Captura-de-Pantalla-2023-08-21-a-las-11.57.51.png","jetpack_sharing_enabled":true,"_links":{"self":[{"href":"https:\/\/ovelanalista.com\/index.php?rest_route=\/wp\/v2\/posts\/80392","targetHints":{"allow":["GET"]}}],"collection":[{"href":"https:\/\/ovelanalista.com\/index.php?rest_route=\/wp\/v2\/posts"}],"about":[{"href":"https:\/\/ovelanalista.com\/index.php?rest_route=\/wp\/v2\/types\/post"}],"author":[{"embeddable":true,"href":"https:\/\/ovelanalista.com\/index.php?rest_route=\/wp\/v2\/users\/3"}],"replies":[{"embeddable":true,"href":"https:\/\/ovelanalista.com\/index.php?rest_route=%2Fwp%2Fv2%2Fcomments&post=80392"}],"version-history":[{"count":1,"href":"https:\/\/ovelanalista.com\/index.php?rest_route=\/wp\/v2\/posts\/80392\/revisions"}],"predecessor-version":[{"id":80396,"href":"https:\/\/ovelanalista.com\/index.php?rest_route=\/wp\/v2\/posts\/80392\/revisions\/80396"}],"wp:featuredmedia":[{"embeddable":true,"href":"https:\/\/ovelanalista.com\/index.php?rest_route=\/wp\/v2\/media\/80394"}],"wp:attachment":[{"href":"https:\/\/ovelanalista.com\/index.php?rest_route=%2Fwp%2Fv2%2Fmedia&parent=80392"}],"wp:term":[{"taxonomy":"category","embeddable":true,"href":"https:\/\/ovelanalista.com\/index.php?rest_route=%2Fwp%2Fv2%2Fcategories&post=80392"},{"taxonomy":"post_tag","embeddable":true,"href":"https:\/\/ovelanalista.com\/index.php?rest_route=%2Fwp%2Fv2%2Ftags&post=80392"}],"curies":[{"name":"wp","href":"https:\/\/api.w.org\/{rel}","templated":true}]}}