{"id":80434,"date":"2023-08-19T13:59:31","date_gmt":"2023-08-19T19:59:31","guid":{"rendered":"https:\/\/ovelanalista.com\/?p=80434"},"modified":"2023-08-21T14:01:12","modified_gmt":"2023-08-21T20:01:12","slug":"imdis-ahome-se-consolida-como-uno-de-los-10-institutos-existentes-a-nivel-nacional","status":"publish","type":"post","link":"https:\/\/ovelanalista.com\/?p=80434","title":{"rendered":"IMDIS Ahome se consolida como uno de los 10 Institutos existentes a nivel nacional."},"content":{"rendered":"<p><em><strong>La paramunicipal encamina su trabajo en pr\u00e1cticas de inclusi\u00f3n con dependencias, al mismo tiempo que participa para un premio nacional que reconoce las pr\u00e1cticas incluyentes\u2026<\/strong><\/em><\/p>\n<p>Los Mochis, Sinaloa, a 19 de Agosto del 2023.- En el marco del Premio Nacional \u201cGilberto Rinc\u00f3n Gallardo\u201d, que distingue las buenas pr\u00e1cticas incluyentes de personas vulnerables y en el que participa el Instituto para la Inclusi\u00f3n y Desarrollo de Personas con Discapacidad del Municipio (IMDIS), el Ayuntamiento de Ahome llev\u00f3 a cabo el curso de capacitaci\u00f3n \u201cPor una cultura de inclusi\u00f3n y cero discriminaci\u00f3n\u201d, dirigido a personal de Tr\u00e1nsito Municipal, Secretar\u00eda de las Mujeres, Direcci\u00f3n de Salud y Direcci\u00f3n de Educaci\u00f3n.<\/p>\n<p>En el evento, el cual tuvo lugar en la biblioteca Morelos de esta ciudad, acudi\u00f3, en representaci\u00f3n del Presidente Municipal de Ahome, C. Gerardo Octavio Vargas Landeros, la maestra Magdalena Rocha Pe\u00f1a, Secretaria de las Mujeres, quien acompa\u00f1\u00f3 al anfitri\u00f3n del curso, Carlos Valenzuela Navarro, Director del Instituto para la Inclusi\u00f3n y Desarrollo de Personas con Discapacidad del Municipio(IMDIS); as\u00ed como la regidora Angelina Valenzuela Ben\u00edtes; y el Supervisor Operativo de Tr\u00e1nsito, Ra\u00fal Cuevas Fierro, quien acudi\u00f3 en representaci\u00f3n de Jos\u00e9 Alfredo Guti\u00e9rrez Rivera, Director de Tr\u00e1nsito de la Secretar\u00eda de Seguridad y Protecci\u00f3n Ciudadana del Municipio.<\/p>\n<p>En su mensaje, Magdalena Rocha dijo que se debe de pensar en que todas las personas tienen los mismos derechos y oportunidades, donde hablar de inclusi\u00f3n es precisamente sumar sin discriminaci\u00f3n a todos los grupos, independientemente de las caracter\u00edsticas que tengan.<\/p>\n<p>\u201cEn este momento estamos hablando de inclusi\u00f3n y cero tolerancia, y nuestro Presidente se ha caracterizado por el cero tolerancia, desde la Secretar\u00eda, \u00e9l firm\u00f3, a inicios de su administraci\u00f3n, el cero tolerancia, eso es igual a hablar de cero discriminaci\u00f3n, que todas, que todos, que todes tengan los mismos derechos\u201d, afirm\u00f3 Rocha Pe\u00f1a.<\/p>\n<p>Por su parte, Carlos Valenzuela Navarro explic\u00f3 que el premio Gilberto Rinc\u00f3n Gallardo, en el cual participan, califica, premia y reconoce a los municipios incluyentes, a aquellos que realizan pol\u00edticas p\u00fablicas en materia de los derechos de las personas con discapacidad, y que incluye parte de lo que se abord\u00f3 en el curso de capacitaci\u00f3n impartido al personal del Ayuntamiento de Ahome.<\/p>\n<p>\u201cUn tema y una asignatura con la que hoy vamos a trabajar es con la formaci\u00f3n de una cultura de inclusi\u00f3n y cero discriminaci\u00f3n, es bien importante sensibilizarnos en el d\u00eda a d\u00eda, que estamos en contacto con las personas con discapacidad o sin discapacidad all\u00e1 afuera, y los oficiales de Tr\u00e1nsito, de la Secretar\u00eda de las Mujeres, Salud, Educaci\u00f3n son dependencias que tratan directamente con ciudadanos\u201d, manifest\u00f3 el Director del IMDIS.<\/p>\n<p>Subray\u00f3 que el personal del Ayuntamiento de Ahome trata directamente con la ciudadan\u00eda, y en muchas ocasiones son personas con discapacidad, por eso la importancia de concientizar sobre el respeto a los espacios y muchas otras cosas de respeto a este sector de la poblaci\u00f3n.<\/p>\n<p>\u201cEs bien importante que esta ma\u00f1ana, no s\u00f3lo dirigirme al funcionario, que ejerce esta parte de servir y ayudar al pueblo de Ahome, si no, yo quiero llegar al coraz\u00f3n y a la mente de cada uno de los que est\u00e1n enfrente de m\u00ed con esta pl\u00e1tica, en la que vamos a hablar de c\u00f3mo referirnos a las personas con discapacidad, c\u00f3mo tratarnos y aprender cu\u00e1les son esas formas correctas e incorrectas, porque desde ah\u00ed estamos excluyendo, discriminando o estamos incluyendo, tenemos que trabajar un lenguaje inclusivo\u201d, puntualiz\u00f3 Valenzuela Navarro.<\/p>\n<p>La regidora Angelina Valenzuela Ben\u00edtes aprovech\u00f3 para destacar el trabajo que realiza Carlos Valenzuela Navarro al frente del IMDIS, quien de la mano del Presidente Municipal Gerardo Vargas Landeros, representa a un Instituto Municipal de la Discapacidad, que a nivel nacional s\u00f3lo 10 municipios cuentan con esta \u00e1rea.<\/p>\n<p>Agreg\u00f3 que se avanza muy bien en el tema, por lo que le pidi\u00f3 a los presentes sentirse orgullosos de formar parte de este gobierno, que ha hecho un excelente trabajo desde el d\u00eda uno de la presente administraci\u00f3n.<\/p>\n<p>&nbsp;<\/p>\n","protected":false},"excerpt":{"rendered":"<p>La paramunicipal encamina su trabajo en pr\u00e1cticas de inclusi\u00f3n con dependencias, al mismo tiempo que participa para un premio nacional que reconoce las pr\u00e1cticas incluyentes\u2026 Los Mochis, Sinaloa, a 19 de Agosto del 2023.- En el marco del Premio Nacional \u201cGilberto Rinc\u00f3n Gallardo\u201d, que distingue las buenas pr\u00e1cticas incluyentes de personas vulnerables y en el que participa el Instituto para la Inclusi\u00f3n y Desarrollo de Personas con Discapacidad del Municipio (IMDIS), el Ayuntamiento de Ahome llev\u00f3 a cabo el curso de capacitaci\u00f3n \u201cPor una cultura de inclusi\u00f3n y cero discriminaci\u00f3n\u201d, dirigido a personal de Tr\u00e1nsito Municipal, Secretar\u00eda de las Mujeres, [&hellip;]<\/p>\n","protected":false},"author":3,"featured_media":80435,"comment_status":"open","ping_status":"open","sticky":false,"template":"","format":"standard","meta":{"_jetpack_newsletter_access":"","_jetpack_dont_email_post_to_subs":false,"_jetpack_newsletter_tier_id":0,"_jetpack_memberships_contains_paywalled_content":false,"_jetpack_feature_clip_id":0,"_jetpack_memberships_contains_paid_content":false,"footnotes":"","jetpack_publicize_message":"","jetpack_publicize_feature_enabled":true,"jetpack_social_post_already_shared":true,"jetpack_social_options":{"image_generator_settings":{"template":"highway","default_image_id":0,"font":"","enabled":false},"version":2},"jetpack_post_was_ever_published":false},"categories":[72,85],"tags":[],"class_list":["post-80434","post","type-post","status-publish","format-standard","has-post-thumbnail","hentry","category-portada","category-sinaloa-norte","post--single"],"jetpack_publicize_connections":[],"jetpack_featured_media_url":"https:\/\/ovelanalista.com\/wp-content\/uploads\/2023\/08\/WhatsApp-Image-2023-08-19-at-1.11.14-PM-2.jpeg","jetpack_sharing_enabled":true,"_links":{"self":[{"href":"https:\/\/ovelanalista.com\/index.php?rest_route=\/wp\/v2\/posts\/80434","targetHints":{"allow":["GET"]}}],"collection":[{"href":"https:\/\/ovelanalista.com\/index.php?rest_route=\/wp\/v2\/posts"}],"about":[{"href":"https:\/\/ovelanalista.com\/index.php?rest_route=\/wp\/v2\/types\/post"}],"author":[{"embeddable":true,"href":"https:\/\/ovelanalista.com\/index.php?rest_route=\/wp\/v2\/users\/3"}],"replies":[{"embeddable":true,"href":"https:\/\/ovelanalista.com\/index.php?rest_route=%2Fwp%2Fv2%2Fcomments&post=80434"}],"version-history":[{"count":1,"href":"https:\/\/ovelanalista.com\/index.php?rest_route=\/wp\/v2\/posts\/80434\/revisions"}],"predecessor-version":[{"id":80436,"href":"https:\/\/ovelanalista.com\/index.php?rest_route=\/wp\/v2\/posts\/80434\/revisions\/80436"}],"wp:featuredmedia":[{"embeddable":true,"href":"https:\/\/ovelanalista.com\/index.php?rest_route=\/wp\/v2\/media\/80435"}],"wp:attachment":[{"href":"https:\/\/ovelanalista.com\/index.php?rest_route=%2Fwp%2Fv2%2Fmedia&parent=80434"}],"wp:term":[{"taxonomy":"category","embeddable":true,"href":"https:\/\/ovelanalista.com\/index.php?rest_route=%2Fwp%2Fv2%2Fcategories&post=80434"},{"taxonomy":"post_tag","embeddable":true,"href":"https:\/\/ovelanalista.com\/index.php?rest_route=%2Fwp%2Fv2%2Ftags&post=80434"}],"curies":[{"name":"wp","href":"https:\/\/api.w.org\/{rel}","templated":true}]}}