{"id":83156,"date":"2023-08-21T09:32:54","date_gmt":"2023-08-21T15:32:54","guid":{"rendered":"https:\/\/ovelanalista.com\/?p=83156"},"modified":"2023-10-15T09:34:08","modified_gmt":"2023-10-15T15:34:08","slug":"rector-de-la-uas-hace-el-llamado-a-la-comunidad-universitaria-a-que-acudan-a-los-juzgados-a-defender-la-autonomia-de-la-institucion","status":"publish","type":"post","link":"https:\/\/ovelanalista.com\/?p=83156","title":{"rendered":"Rector de la UAS hace el llamado a la comunidad universitaria a que acudan a los juzgados a defender la autonom\u00eda de la instituci\u00f3n"},"content":{"rendered":"<p>El Rector de la Universidad Aut\u00f3noma de Sinaloa (UAS), doctor Jes\u00fas Madue\u00f1a Molina, hizo un llamado a toda la comunidad universitaria, padres de familia y empresarios para que acudan este mismo lunes a la Sede Regional de Justicia Penal, Acusatoria y Oral en la Zona Centro, en Culiac\u00e1n, donde se lleva a cabo la continuaci\u00f3n de la audiencia en su contra, se\u00f1alando que est\u00e1n siendo acusados de manera injusta, debido a la parcialidad por parte del Juez y ataques de la Fiscal\u00eda General del Estado.<\/p>\n<p>Esto luego de que este lunes en su Conferencia Semanera, el Gobernador Rub\u00e9n Rocha Moya, hiciera el llamado a la comunidad universitaria a que no acudan en apoyo del Rector, se\u00f1alando que \u201cno tiene caso que vayan\u201d, porque no es por \u201cuna causa noble\u201d.<\/p>\n<p>Madue\u00f1a Molina indic\u00f3 que, como dirigentes universitarios, han sido cuidadosos en las funciones sustantivas de la instituci\u00f3n, que es lo que tiene a la Universidad Aut\u00f3noma de Sinaloa entre los primeros lugares a nivel nacional en cuanto a calidad educativa.<\/p>\n<p>\u201cPedirle a toda la comunidad universitaria, a los padres de familia, a los empresarios que acudan a defender lo que es nuestro, que es la Universidad Aut\u00f3noma de Sinaloa. \u00a1Que viva la Universidad Aut\u00f3noma de Sinaloa!, \u00a1que viva la Universidad del Pueblo de Sinaloa!\u201d, dijo previo a la continuaci\u00f3n de la audiencia.<\/p>\n<p>Y es que durante todas y cada una de las visitas del Rector a los juzgados, miles de universitarios han acompa\u00f1ado al doctor Jes\u00fas Madue\u00f1a Molina, situaci\u00f3n que fue calificada por el Jefe del Ejecutivo Estatal como \u201cdesfiguros\u201d.<\/p>\n<p>Asimismo, el maestro Wilfrido Ibarra, colaborador de Radio UAS, inform\u00f3 que una persona enviada por las autoridades estatales se acerc\u00f3 a \u00e9l haciendo amenazas de violencia en su contra, por lo que ya present\u00f3 la denuncia pertinente ante el Instituto para la Protecci\u00f3n de Personas Defensoras de los Derechos Humanos y Periodistas, para que se le d\u00e9 el seguimiento correspondiente.<\/p>\n<p>&nbsp;<\/p>\n<div><\/div>\n","protected":false},"excerpt":{"rendered":"<p>El Rector de la Universidad Aut\u00f3noma de Sinaloa (UAS), doctor Jes\u00fas Madue\u00f1a Molina, hizo un llamado a toda la comunidad universitaria, padres de familia y empresarios para que acudan este mismo lunes a la Sede Regional de Justicia Penal, Acusatoria y Oral en la Zona Centro, en Culiac\u00e1n, donde se lleva a cabo la continuaci\u00f3n de la audiencia en su contra, se\u00f1alando que est\u00e1n siendo acusados de manera injusta, debido a la parcialidad por parte del Juez y ataques de la Fiscal\u00eda General del Estado. Esto luego de que este lunes en su Conferencia Semanera, el Gobernador Rub\u00e9n Rocha Moya, [&hellip;]<\/p>\n","protected":false},"author":3,"featured_media":83158,"comment_status":"open","ping_status":"open","sticky":false,"template":"","format":"standard","meta":{"_jetpack_newsletter_access":"","_jetpack_dont_email_post_to_subs":false,"_jetpack_newsletter_tier_id":0,"_jetpack_memberships_contains_paywalled_content":false,"_jetpack_feature_clip_id":0,"_jetpack_memberships_contains_paid_content":false,"footnotes":"","jetpack_publicize_message":"","jetpack_publicize_feature_enabled":true,"jetpack_social_post_already_shared":true,"jetpack_social_options":{"image_generator_settings":{"template":"highway","default_image_id":0,"font":"","enabled":false},"version":2},"jetpack_post_was_ever_published":false},"categories":[90,72],"tags":[],"class_list":["post-83156","post","type-post","status-publish","format-standard","has-post-thumbnail","hentry","category-estatal","category-portada","post--single"],"jetpack_publicize_connections":[],"jetpack_featured_media_url":"https:\/\/ovelanalista.com\/wp-content\/uploads\/2023\/10\/rector-uas-6.jpeg","jetpack_sharing_enabled":true,"_links":{"self":[{"href":"https:\/\/ovelanalista.com\/index.php?rest_route=\/wp\/v2\/posts\/83156","targetHints":{"allow":["GET"]}}],"collection":[{"href":"https:\/\/ovelanalista.com\/index.php?rest_route=\/wp\/v2\/posts"}],"about":[{"href":"https:\/\/ovelanalista.com\/index.php?rest_route=\/wp\/v2\/types\/post"}],"author":[{"embeddable":true,"href":"https:\/\/ovelanalista.com\/index.php?rest_route=\/wp\/v2\/users\/3"}],"replies":[{"embeddable":true,"href":"https:\/\/ovelanalista.com\/index.php?rest_route=%2Fwp%2Fv2%2Fcomments&post=83156"}],"version-history":[{"count":1,"href":"https:\/\/ovelanalista.com\/index.php?rest_route=\/wp\/v2\/posts\/83156\/revisions"}],"predecessor-version":[{"id":83159,"href":"https:\/\/ovelanalista.com\/index.php?rest_route=\/wp\/v2\/posts\/83156\/revisions\/83159"}],"wp:featuredmedia":[{"embeddable":true,"href":"https:\/\/ovelanalista.com\/index.php?rest_route=\/wp\/v2\/media\/83158"}],"wp:attachment":[{"href":"https:\/\/ovelanalista.com\/index.php?rest_route=%2Fwp%2Fv2%2Fmedia&parent=83156"}],"wp:term":[{"taxonomy":"category","embeddable":true,"href":"https:\/\/ovelanalista.com\/index.php?rest_route=%2Fwp%2Fv2%2Fcategories&post=83156"},{"taxonomy":"post_tag","embeddable":true,"href":"https:\/\/ovelanalista.com\/index.php?rest_route=%2Fwp%2Fv2%2Ftags&post=83156"}],"curies":[{"name":"wp","href":"https:\/\/api.w.org\/{rel}","templated":true}]}}