{"id":8518,"date":"2021-11-09T09:55:32","date_gmt":"2021-11-09T16:55:32","guid":{"rendered":"https:\/\/ovelanalista.com\/?p=8518"},"modified":"2021-11-09T09:19:16","modified_gmt":"2021-11-09T16:19:16","slug":"jueza-ordena-extraditar-a-exgobernador-duarte","status":"publish","type":"post","link":"https:\/\/ovelanalista.com\/?p=8518","title":{"rendered":"Jueza ordena extraditar a exgobernador Duarte"},"content":{"rendered":"<p>Un juzgado federal en\u00a0<strong>Estados Unidos<\/strong>\u00a0aval\u00f3 ayer la extradici\u00f3n del exgobernador\u00a0<strong>C\u00e9sar Duarte<\/strong>, quien enfrenta acusaciones por desv\u00edos de recursos durante su gesti\u00f3n como titular del Ejecutivo en\u00a0<strong>Chihuahua<\/strong>.<\/p>\n<p>En su resoluci\u00f3n, la magistrada\u00a0<strong>Lauren Louis<\/strong>\u00a0considera que\u00a0<strong>C\u00e9sar Duarte<\/strong>\u00a0puede ser culpable de los delitos, por lo que dio luz verde al procedimiento.<\/p>\n<p>\u201cConsidero que la solicitud de extradici\u00f3n satisface los requisitos del Tratado y que es probable hacer creer que Duarte cometi\u00f3 los delitos imputados en la denuncia de extradici\u00f3n\u201d, se puede leer en el documento, en poder de<strong>\u00a024 HORAS<\/strong>.<\/p>\n<p>\u201cPor lo tanto, certifico que Duarte es extraditable en cuanto a esos delitos y ordeno una revisi\u00f3n de la solicitud de extradici\u00f3n de\u00a0<strong>M\u00e9xico<\/strong>\u00a0por parte del\u00a0<strong>Departamento de Estado\u201d<\/strong>.<\/p>\n<p>C\u00e9sar Duarte tendr\u00e1 60 d\u00edas para apelar la resoluci\u00f3n de hoy de la magistrada de Florida que certifica su extradici\u00f3n a M\u00e9xico, misma que ser\u00e1 definida por el Departamento de Estado de EU.<\/p>\n<p>El Gobierno mexicano lanz\u00f3 en 2018 una orden de captura y pidi\u00f3 a la Interpol que emitiera una ficha roja, lo que permiti\u00f3 su detenci\u00f3n en territorio estadounidense el 8 de julio de 2020 en\u00a0<strong>Florida<\/strong>.<\/p>\n<p>Se le persigue por su probable responsabilidad en los delitos de peculado y asociaci\u00f3n delictuosa.<\/p>\n<p>Fue en diciembre de 2020 cuando la Fiscal\u00eda General de la Rep\u00fablica (FGR) solicit\u00f3 el apoyo de la Secretar\u00eda de Relaciones Exteriores para tramitar la solicitud formal de extradici\u00f3n de C\u00e9sar \u201cD\u201d ante el Gobierno de EU.<\/p>\n<p>&nbsp;<\/p>\n<p>Con informaci\u00f3n de 24 horas<\/p>\n","protected":false},"excerpt":{"rendered":"<p>Un juzgado federal en\u00a0Estados Unidos\u00a0aval\u00f3 ayer la extradici\u00f3n del exgobernador\u00a0C\u00e9sar Duarte, quien enfrenta acusaciones por desv\u00edos de recursos durante su gesti\u00f3n como titular del Ejecutivo en\u00a0Chihuahua. En su resoluci\u00f3n, la magistrada\u00a0Lauren Louis\u00a0considera que\u00a0C\u00e9sar Duarte\u00a0puede ser culpable de los delitos, por lo que dio luz verde al procedimiento. \u201cConsidero que la solicitud de extradici\u00f3n satisface los requisitos del Tratado y que es probable hacer creer que Duarte cometi\u00f3 los delitos imputados en la denuncia de extradici\u00f3n\u201d, se puede leer en el documento, en poder de\u00a024 HORAS. \u201cPor lo tanto, certifico que Duarte es extraditable en cuanto a esos delitos y ordeno [&hellip;]<\/p>\n","protected":false},"author":3,"featured_media":8520,"comment_status":"open","ping_status":"open","sticky":false,"template":"","format":"standard","meta":{"_jetpack_newsletter_access":"","_jetpack_dont_email_post_to_subs":false,"_jetpack_newsletter_tier_id":0,"_jetpack_memberships_contains_paywalled_content":false,"_jetpack_feature_clip_id":0,"_jetpack_memberships_contains_paid_content":false,"footnotes":"","jetpack_publicize_message":"","jetpack_publicize_feature_enabled":true,"jetpack_social_post_already_shared":true,"jetpack_social_options":{"image_generator_settings":{"template":"highway","default_image_id":0,"font":"","enabled":false},"version":2},"jetpack_post_was_ever_published":false},"categories":[75,72,1],"tags":[],"class_list":["post-8518","post","type-post","status-publish","format-standard","has-post-thumbnail","hentry","category-nacional","category-portada","category-uncategorized","post--single"],"jetpack_publicize_connections":[],"jetpack_featured_media_url":"https:\/\/ovelanalista.com\/wp-content\/uploads\/2021\/11\/DUARTE.jpeg","jetpack_sharing_enabled":true,"_links":{"self":[{"href":"https:\/\/ovelanalista.com\/index.php?rest_route=\/wp\/v2\/posts\/8518","targetHints":{"allow":["GET"]}}],"collection":[{"href":"https:\/\/ovelanalista.com\/index.php?rest_route=\/wp\/v2\/posts"}],"about":[{"href":"https:\/\/ovelanalista.com\/index.php?rest_route=\/wp\/v2\/types\/post"}],"author":[{"embeddable":true,"href":"https:\/\/ovelanalista.com\/index.php?rest_route=\/wp\/v2\/users\/3"}],"replies":[{"embeddable":true,"href":"https:\/\/ovelanalista.com\/index.php?rest_route=%2Fwp%2Fv2%2Fcomments&post=8518"}],"version-history":[{"count":2,"href":"https:\/\/ovelanalista.com\/index.php?rest_route=\/wp\/v2\/posts\/8518\/revisions"}],"predecessor-version":[{"id":8521,"href":"https:\/\/ovelanalista.com\/index.php?rest_route=\/wp\/v2\/posts\/8518\/revisions\/8521"}],"wp:featuredmedia":[{"embeddable":true,"href":"https:\/\/ovelanalista.com\/index.php?rest_route=\/wp\/v2\/media\/8520"}],"wp:attachment":[{"href":"https:\/\/ovelanalista.com\/index.php?rest_route=%2Fwp%2Fv2%2Fmedia&parent=8518"}],"wp:term":[{"taxonomy":"category","embeddable":true,"href":"https:\/\/ovelanalista.com\/index.php?rest_route=%2Fwp%2Fv2%2Fcategories&post=8518"},{"taxonomy":"post_tag","embeddable":true,"href":"https:\/\/ovelanalista.com\/index.php?rest_route=%2Fwp%2Fv2%2Ftags&post=8518"}],"curies":[{"name":"wp","href":"https:\/\/api.w.org\/{rel}","templated":true}]}}