{"id":89885,"date":"2024-02-08T09:20:45","date_gmt":"2024-02-08T16:20:45","guid":{"rendered":"https:\/\/ovelanalista.com\/?p=89885"},"modified":"2024-02-08T09:20:45","modified_gmt":"2024-02-08T16:20:45","slug":"mexico-acuerda-con-la-nueva-titular-de-la-oim-colaborar-para-una-migracion-segura-y-humana","status":"publish","type":"post","link":"https:\/\/ovelanalista.com\/?p=89885","title":{"rendered":"M\u00e9xico acuerda con la nueva titular de la OIM colaborar para una migraci\u00f3n segura y humana"},"content":{"rendered":"<p>La nueva directora de la OIM, Amy Pope, visit\u00f3 M\u00e9xico donde se reuni\u00f3 con autoridades a fin de abordar una migraci\u00f3n segura y ordenada hacia EE.UU.<\/p>\n<p><strong>M\u00e9xico<\/strong>\u00a0y la\u00a0<strong>Organizaci\u00f3n Internacional para las Migraciones<\/strong>\u00a0(OIM) acordaron colaborar a favor de una\u00a0<strong>migraci\u00f3n<\/strong>\u00a0<strong>segura<\/strong>, ordenada, regular y humana, durante la visita al pa\u00eds de la nueva directora general del organismo, Amy Pope.<\/p>\n<p>La Secretar\u00eda de Relaciones Exteriores (SRE) precis\u00f3 en un\u00a0<a href=\"https:\/\/www.gob.mx\/sre\/prensa\/mexico-y-la-oim-acuerdan-vias-de-colaboracion-a-favor-de-una-migracion-segura-ordenada-regular-y-humana\" target=\"_blank\" rel=\"noopener noreferrer\">comunicado<\/a>\u00a0que en la primera visita de Pope a M\u00e9xico y a Latinoam\u00e9rica, desde que tom\u00f3 posesi\u00f3n en el cargo en octubre de 2023, las delegaciones dialogaron sobre \u201clas oportunidades y desaf\u00edos que supone la movilidad humana\u201d.<\/p>\n<p>\u201cAl tiempo que reconocieron la importancia de las alianzas multiactor, incluyendo el sector privado, en el contexto actual\u201d, expuso la Canciller\u00eda.<\/p>\n<p>En el encuentro, encabezado por la titular de la SRE, Alicia B\u00e1rcena, acordaron cinco mesas de trabajo entre el Gobierno de M\u00e9xico y la OIM que iniciar\u00e1n de manera inmediata y cuyos resultados se reportar\u00e1n a la\u00a0<strong>Comisi\u00f3n Intersecretarial de Atenci\u00f3n Integral en Materia Migratoria<\/strong>\u00a0(Ciaimm).<\/p>\n<p>Los ejes de dichas mesas, abund\u00f3 la Canciller\u00eda mexicana, ser\u00e1n las v\u00edas regulares para la\u00a0<strong>migraci\u00f3n laboral<\/strong>\u00a0mexicana en\u00a0<strong>Estados<\/strong>\u00a0<strong>Unidos<\/strong>, la identificaci\u00f3n de necesidades y los servicios en puntos de internaci\u00f3n fronterizos.<\/p>\n<p>Tambi\u00e9n estar\u00e1n la agilizaci\u00f3n de procedimientos para\u00a0<strong>inserci\u00f3n<\/strong>\u00a0de\u00a0<strong>migrantes<\/strong>\u00a0al\u00a0<strong>mercado<\/strong>\u00a0<strong>laboral<\/strong>, la apertura de nuevos\u00a0<strong>centros multiservicios<\/strong>\u00a0en\u00a0<strong>Chiapas<\/strong>, en el sur de M\u00e9xico, y la conferencia regional de v\u00edas regulares para la migraci\u00f3n laboral.<\/p>\n<blockquote class=\"twitter-tweet\" data-width=\"550\" data-dnt=\"true\">\n<p lang=\"en\" dir=\"ltr\">Pleased to present <a href=\"https:\/\/twitter.com\/UNmigration?ref_src=twsrc%5Etfw\">@UNMigration<\/a> strategic vision to private sector leaders in <a href=\"https:\/\/twitter.com\/hashtag\/Mexico?src=hash&amp;ref_src=twsrc%5Etfw\">#Mexico<\/a>, focused on two key ideas:<\/p>\n<p>1. That <a href=\"https:\/\/twitter.com\/hashtag\/migration?src=hash&amp;ref_src=twsrc%5Etfw\">#migration<\/a> is not a problem to solve but an opportunity to seize.<\/p>\n<p>2. That supporting safe and regular pathways to meet job demand provides immense benefits. <a href=\"https:\/\/t.co\/L8pFG6bjmL\">pic.twitter.com\/L8pFG6bjmL<\/a><\/p>\n<p>&mdash; Amy Pope (@IOMchief) <a href=\"https:\/\/twitter.com\/IOMchief\/status\/1755270218547441968?ref_src=twsrc%5Etfw\">February 7, 2024<\/a><\/p><\/blockquote>\n<p><script async src=\"https:\/\/platform.twitter.com\/widgets.js\" charset=\"utf-8\"><\/script><\/p>\n<p>Pope expres\u00f3 en su cuenta de X que tuvo un franco y constructivo di\u00e1logo en el complejo escenario migratorio en M\u00e9xico en la regi\u00f3n.<\/p>\n<p>\u201cAbordamos los desaf\u00edos y las oportunidades que enfrentamos y acordamos los pr\u00f3ximos pasos para mejorar nuestra colaboraci\u00f3n\u201d, expres\u00f3 la titular de la OIM.<\/p>\n<p>La reuni\u00f3n ocurre despu\u00e9s de que M\u00e9xico y Centroam\u00e9rica afrontaran en 2023 un flujo migratorio \u201csin precedentes\u201d hacia Norteam\u00e9rica, seg\u00fan la OIM, con hasta 6 mil migrantes diarios que llegaban a la frontera del sur mexicano en el punto m\u00e1s \u00e1lgido, de acuerdo con el presidente Andr\u00e9s Manuel L\u00f3pez Obrador.<\/p>\n<p>Con informaci\u00f3n de EFE<\/p>\n","protected":false},"excerpt":{"rendered":"<p>La nueva directora de la OIM, Amy Pope, visit\u00f3 M\u00e9xico donde se reuni\u00f3 con autoridades a fin de abordar una migraci\u00f3n segura y ordenada hacia EE.UU. M\u00e9xico\u00a0y la\u00a0Organizaci\u00f3n Internacional para las Migraciones\u00a0(OIM) acordaron colaborar a favor de una\u00a0migraci\u00f3n\u00a0segura, ordenada, regular y humana, durante la visita al pa\u00eds de la nueva directora general del organismo, Amy Pope. La Secretar\u00eda de Relaciones Exteriores (SRE) precis\u00f3 en un\u00a0comunicado\u00a0que en la primera visita de Pope a M\u00e9xico y a Latinoam\u00e9rica, desde que tom\u00f3 posesi\u00f3n en el cargo en octubre de 2023, las delegaciones dialogaron sobre \u201clas oportunidades y desaf\u00edos que supone la movilidad humana\u201d. [&hellip;]<\/p>\n","protected":false},"author":3,"featured_media":89886,"comment_status":"open","ping_status":"open","sticky":false,"template":"","format":"standard","meta":{"_jetpack_newsletter_access":"","_jetpack_dont_email_post_to_subs":false,"_jetpack_newsletter_tier_id":0,"_jetpack_memberships_contains_paywalled_content":false,"_jetpack_feature_clip_id":0,"_jetpack_memberships_contains_paid_content":false,"footnotes":"","jetpack_publicize_message":"","jetpack_publicize_feature_enabled":true,"jetpack_social_post_already_shared":true,"jetpack_social_options":{"image_generator_settings":{"template":"highway","default_image_id":0,"font":"","enabled":false},"version":2},"jetpack_post_was_ever_published":false},"categories":[75,72],"tags":[],"class_list":["post-89885","post","type-post","status-publish","format-standard","has-post-thumbnail","hentry","category-nacional","category-portada","post--single"],"jetpack_publicize_connections":[],"jetpack_featured_media_url":"https:\/\/ovelanalista.com\/wp-content\/uploads\/2024\/02\/migrantes-en-tapachula.webp","jetpack_sharing_enabled":true,"_links":{"self":[{"href":"https:\/\/ovelanalista.com\/index.php?rest_route=\/wp\/v2\/posts\/89885","targetHints":{"allow":["GET"]}}],"collection":[{"href":"https:\/\/ovelanalista.com\/index.php?rest_route=\/wp\/v2\/posts"}],"about":[{"href":"https:\/\/ovelanalista.com\/index.php?rest_route=\/wp\/v2\/types\/post"}],"author":[{"embeddable":true,"href":"https:\/\/ovelanalista.com\/index.php?rest_route=\/wp\/v2\/users\/3"}],"replies":[{"embeddable":true,"href":"https:\/\/ovelanalista.com\/index.php?rest_route=%2Fwp%2Fv2%2Fcomments&post=89885"}],"version-history":[{"count":1,"href":"https:\/\/ovelanalista.com\/index.php?rest_route=\/wp\/v2\/posts\/89885\/revisions"}],"predecessor-version":[{"id":89887,"href":"https:\/\/ovelanalista.com\/index.php?rest_route=\/wp\/v2\/posts\/89885\/revisions\/89887"}],"wp:featuredmedia":[{"embeddable":true,"href":"https:\/\/ovelanalista.com\/index.php?rest_route=\/wp\/v2\/media\/89886"}],"wp:attachment":[{"href":"https:\/\/ovelanalista.com\/index.php?rest_route=%2Fwp%2Fv2%2Fmedia&parent=89885"}],"wp:term":[{"taxonomy":"category","embeddable":true,"href":"https:\/\/ovelanalista.com\/index.php?rest_route=%2Fwp%2Fv2%2Fcategories&post=89885"},{"taxonomy":"post_tag","embeddable":true,"href":"https:\/\/ovelanalista.com\/index.php?rest_route=%2Fwp%2Fv2%2Ftags&post=89885"}],"curies":[{"name":"wp","href":"https:\/\/api.w.org\/{rel}","templated":true}]}}