{"id":89894,"date":"2024-02-08T09:27:53","date_gmt":"2024-02-08T16:27:53","guid":{"rendered":"https:\/\/ovelanalista.com\/?p=89894"},"modified":"2024-02-08T09:27:53","modified_gmt":"2024-02-08T16:27:53","slug":"reanudan-operaciones-en-aduanas-tras-fallas-servicio-estara-lento","status":"publish","type":"post","link":"https:\/\/ovelanalista.com\/?p=89894","title":{"rendered":"Reanudan operaciones en aduanas tras fallas; servicio estar\u00e1 lento"},"content":{"rendered":"<p>Las aduanas de diversos estados informaron fallas para procesar el despacho de mercanc\u00edas, lo que llev\u00f3 a suspender operaciones.<\/p>\n<p>Las 50\u00a0<strong>aduanas<\/strong>\u00a0del pa\u00eds\u00a0<strong>reanudaron<\/strong>\u00a0sus\u00a0<strong>operaciones<\/strong>\u00a0tras un par de d\u00edas con\u00a0<strong>fallas<\/strong>\u00a0que las llevaron a activar la\u00a0<strong>fase de contingencia<\/strong>.<\/p>\n<p>Sin embargo, el validador estar\u00e1 lento mientras se cargan las operaciones realizadas a mano durante la suspensi\u00f3n.<\/p>\n<p>La\u00a0<strong>Aduana de Nuevo Laredo<\/strong>\u00a0hab\u00eda informado la\u00a0<strong>suspensi\u00f3n<\/strong>\u00a0en su totalidad de las\u00a0<strong>operaciones<\/strong>\u00a0en el\u00a0<strong>\u00e1rea de carga<\/strong>.<\/p>\n<div id=\"ros-inread-b96jvi\" class=\"ad-container dfp-ad-unit ad-inread ad-main-inread ad-slot\" data-ad-type=\"inread\" data-slot=\"inread\" data-ad-loaded=\"1\" data-ad-setup=\"{&quot;postID&quot;:1594497,&quot;canRefresh&quot;:false,&quot;infinitescroll&quot;:false}\" data-google-query-id=\"CMT9grOUnIQDFa-j0QQdM_gOhA\"><\/div>\n<div data-ad-type=\"inread\" data-slot=\"inread\" data-ad-loaded=\"1\" data-ad-setup=\"{&quot;postID&quot;:1594497,&quot;canRefresh&quot;:false,&quot;infinitescroll&quot;:false}\" data-google-query-id=\"CMT9grOUnIQDFa-j0QQdM_gOhA\">\n<p>Atribuy\u00f3 la situaci\u00f3n a las \u201c<strong>fallas constantes<\/strong>\u00a0registradas a nivel nacional en los\u00a0<strong>aplicativos<\/strong>\u00a0para procesar el\u00a0<strong>despacho de mercanc\u00edas<\/strong>\u00a0en este Puente Internacional III de Comercio Mundial Nuevo Laredo, Tamaulipas\u201d.<\/p>\n<p class=\"post--content--img \"><img loading=\"lazy\" decoding=\"async\" class=\"alignnone size-large wp-image-1594500 img-responsive perfmatters-lazy entered pmloaded\" title=\"\" src=\"https:\/\/i0.wp.com\/lopezdoriga.com\/wp-content\/uploads\/2024\/02\/aduana-de-nuevo-laredo.jpg?resize=795%2C1024&amp;ssl=1\" sizes=\"auto, (max-width: 795px) 100vw, 795px\" srcset=\"https:\/\/i0.wp.com\/lopezdoriga.com\/wp-content\/uploads\/2024\/02\/aduana-de-nuevo-laredo.jpg?resize=795%2C1024&amp;ssl=1 795w, https:\/\/i0.wp.com\/lopezdoriga.com\/wp-content\/uploads\/2024\/02\/aduana-de-nuevo-laredo.jpg?resize=233%2C300&amp;ssl=1 233w, https:\/\/i0.wp.com\/lopezdoriga.com\/wp-content\/uploads\/2024\/02\/aduana-de-nuevo-laredo.jpg?resize=768%2C989&amp;ssl=1 768w, https:\/\/i0.wp.com\/lopezdoriga.com\/wp-content\/uploads\/2024\/02\/aduana-de-nuevo-laredo.jpg?w=1079&amp;ssl=1 1079w\" alt=\"Reanudan operaciones en aduanas tras fallas; servicio estar\u00e1 lento - aduana-de-nuevo-laredo-795x1024\" width=\"683\" height=\"880\" data-src=\"https:\/\/i0.wp.com\/lopezdoriga.com\/wp-content\/uploads\/2024\/02\/aduana-de-nuevo-laredo.jpg?resize=795%2C1024&amp;ssl=1\" data-srcset=\"https:\/\/i0.wp.com\/lopezdoriga.com\/wp-content\/uploads\/2024\/02\/aduana-de-nuevo-laredo.jpg?resize=795%2C1024&amp;ssl=1 795w, https:\/\/i0.wp.com\/lopezdoriga.com\/wp-content\/uploads\/2024\/02\/aduana-de-nuevo-laredo.jpg?resize=233%2C300&amp;ssl=1 233w, https:\/\/i0.wp.com\/lopezdoriga.com\/wp-content\/uploads\/2024\/02\/aduana-de-nuevo-laredo.jpg?resize=768%2C989&amp;ssl=1 768w, https:\/\/i0.wp.com\/lopezdoriga.com\/wp-content\/uploads\/2024\/02\/aduana-de-nuevo-laredo.jpg?w=1079&amp;ssl=1 1079w\" data-sizes=\"(max-width: 795px) 100vw, 795px\" data-ll-status=\"loaded\" \/><\/p>\n<p>Por su parte, la Aduana de Veracruz detall\u00f3 que las fallas eran en el aplicativo del\u00a0<strong>Modelo de Administraci\u00f3n Tributaria de Comercio Exterior<\/strong>.<\/p>\n<p>Dado que el aplicativo trabajaba con lentitud se presentaron retrasos en el despacho aduanero.<\/p>\n<p class=\"post--content--img \"><img loading=\"lazy\" decoding=\"async\" class=\"alignnone size-full wp-image-1594501 img-responsive perfmatters-lazy entered pmloaded\" title=\"\" src=\"https:\/\/i0.wp.com\/lopezdoriga.com\/wp-content\/uploads\/2024\/02\/aduana-de-veracruz.jpg?resize=696%2C472&amp;ssl=1\" sizes=\"auto, (max-width: 696px) 100vw, 696px\" srcset=\"https:\/\/i0.wp.com\/lopezdoriga.com\/wp-content\/uploads\/2024\/02\/aduana-de-veracruz.jpg?w=696&amp;ssl=1 696w, https:\/\/i0.wp.com\/lopezdoriga.com\/wp-content\/uploads\/2024\/02\/aduana-de-veracruz.jpg?resize=300%2C203&amp;ssl=1 300w\" alt=\"Reanudan operaciones en aduanas tras fallas; servicio estar\u00e1 lento - aduana-de-veracruz\" width=\"683\" height=\"463\" data-src=\"https:\/\/i0.wp.com\/lopezdoriga.com\/wp-content\/uploads\/2024\/02\/aduana-de-veracruz.jpg?resize=696%2C472&amp;ssl=1\" data-srcset=\"https:\/\/i0.wp.com\/lopezdoriga.com\/wp-content\/uploads\/2024\/02\/aduana-de-veracruz.jpg?w=696&amp;ssl=1 696w, https:\/\/i0.wp.com\/lopezdoriga.com\/wp-content\/uploads\/2024\/02\/aduana-de-veracruz.jpg?resize=300%2C203&amp;ssl=1 300w\" data-sizes=\"(max-width: 696px) 100vw, 696px\" data-ll-status=\"loaded\" \/><\/p>\n<p>Actualmente el Servicio de Administraci\u00f3n Tributaria (SAT) es el encargado del control de los sistemas de aduanas, pero ante la problem\u00e1tica indic\u00f3 que la situaci\u00f3n debe validarse con la Agencia Nacional de Aduanas de M\u00e9xico.<\/p>\n<blockquote class=\"twitter-tweet\" data-width=\"550\" data-dnt=\"true\">\n<p lang=\"es\" dir=\"ltr\">Buen d\u00eda, esta situaci\u00f3n debes validarla con la autoridad correspondiente, la Agencia Nacional de Aduanas de M\u00e9xico, saludos.<\/p>\n<p>&mdash; SATMX (@SATMX) <a href=\"https:\/\/twitter.com\/SATMX\/status\/1755316659714154890?ref_src=twsrc%5Etfw\">February 7, 2024<\/a><\/p><\/blockquote>\n<p><script async src=\"https:\/\/platform.twitter.com\/widgets.js\" charset=\"utf-8\"><\/script><\/p>\n<p>Con informaci\u00f3n de L\u00f3pez-D\u00f3riga Digital<\/p>\n<\/div>\n","protected":false},"excerpt":{"rendered":"<p>Las aduanas de diversos estados informaron fallas para procesar el despacho de mercanc\u00edas, lo que llev\u00f3 a suspender operaciones. Las 50\u00a0aduanas\u00a0del pa\u00eds\u00a0reanudaron\u00a0sus\u00a0operaciones\u00a0tras un par de d\u00edas con\u00a0fallas\u00a0que las llevaron a activar la\u00a0fase de contingencia. Sin embargo, el validador estar\u00e1 lento mientras se cargan las operaciones realizadas a mano durante la suspensi\u00f3n. La\u00a0Aduana de Nuevo Laredo\u00a0hab\u00eda informado la\u00a0suspensi\u00f3n\u00a0en su totalidad de las\u00a0operaciones\u00a0en el\u00a0\u00e1rea de carga. Atribuy\u00f3 la situaci\u00f3n a las \u201cfallas constantes\u00a0registradas a nivel nacional en los\u00a0aplicativos\u00a0para procesar el\u00a0despacho de mercanc\u00edas\u00a0en este Puente Internacional III de Comercio Mundial Nuevo Laredo, Tamaulipas\u201d. Por su parte, la Aduana de Veracruz detall\u00f3 que las [&hellip;]<\/p>\n","protected":false},"author":3,"featured_media":89895,"comment_status":"open","ping_status":"open","sticky":false,"template":"","format":"standard","meta":{"_jetpack_newsletter_access":"","_jetpack_dont_email_post_to_subs":false,"_jetpack_newsletter_tier_id":0,"_jetpack_memberships_contains_paywalled_content":false,"_jetpack_feature_clip_id":0,"_jetpack_memberships_contains_paid_content":false,"footnotes":"","jetpack_publicize_message":"","jetpack_publicize_feature_enabled":true,"jetpack_social_post_already_shared":true,"jetpack_social_options":{"image_generator_settings":{"template":"highway","default_image_id":0,"font":"","enabled":false},"version":2},"jetpack_post_was_ever_published":false},"categories":[75,72],"tags":[],"class_list":["post-89894","post","type-post","status-publish","format-standard","has-post-thumbnail","hentry","category-nacional","category-portada","post--single"],"jetpack_publicize_connections":[],"jetpack_featured_media_url":"https:\/\/ovelanalista.com\/wp-content\/uploads\/2024\/02\/mexico-ciudad-juarez-texas-frontera-mercancias.webp","jetpack_sharing_enabled":true,"_links":{"self":[{"href":"https:\/\/ovelanalista.com\/index.php?rest_route=\/wp\/v2\/posts\/89894","targetHints":{"allow":["GET"]}}],"collection":[{"href":"https:\/\/ovelanalista.com\/index.php?rest_route=\/wp\/v2\/posts"}],"about":[{"href":"https:\/\/ovelanalista.com\/index.php?rest_route=\/wp\/v2\/types\/post"}],"author":[{"embeddable":true,"href":"https:\/\/ovelanalista.com\/index.php?rest_route=\/wp\/v2\/users\/3"}],"replies":[{"embeddable":true,"href":"https:\/\/ovelanalista.com\/index.php?rest_route=%2Fwp%2Fv2%2Fcomments&post=89894"}],"version-history":[{"count":1,"href":"https:\/\/ovelanalista.com\/index.php?rest_route=\/wp\/v2\/posts\/89894\/revisions"}],"predecessor-version":[{"id":89896,"href":"https:\/\/ovelanalista.com\/index.php?rest_route=\/wp\/v2\/posts\/89894\/revisions\/89896"}],"wp:featuredmedia":[{"embeddable":true,"href":"https:\/\/ovelanalista.com\/index.php?rest_route=\/wp\/v2\/media\/89895"}],"wp:attachment":[{"href":"https:\/\/ovelanalista.com\/index.php?rest_route=%2Fwp%2Fv2%2Fmedia&parent=89894"}],"wp:term":[{"taxonomy":"category","embeddable":true,"href":"https:\/\/ovelanalista.com\/index.php?rest_route=%2Fwp%2Fv2%2Fcategories&post=89894"},{"taxonomy":"post_tag","embeddable":true,"href":"https:\/\/ovelanalista.com\/index.php?rest_route=%2Fwp%2Fv2%2Ftags&post=89894"}],"curies":[{"name":"wp","href":"https:\/\/api.w.org\/{rel}","templated":true}]}}