{"id":92429,"date":"2024-03-22T19:43:33","date_gmt":"2024-03-23T02:43:33","guid":{"rendered":"https:\/\/ovelanalista.com\/?p=92429"},"modified":"2024-03-22T19:43:33","modified_gmt":"2024-03-23T02:43:33","slug":"rinden-protesta-169-docentes-como-nuevos-representantes-del-consejo-general-de-delegados-del-suntuas-academicos-para-el-periodo-2024-2027","status":"publish","type":"post","link":"https:\/\/ovelanalista.com\/?p=92429","title":{"rendered":"Rinden protesta 169 docentes como nuevos representantes del Consejo General de Delegados del SUNTUAS Acad\u00e9micos, para el periodo 2024-2027"},"content":{"rendered":"<div><\/div>\n<div>En sesi\u00f3n solemne, el Secretario General del Sindicato \u00danico de Trabajadores de la Universidad Aut\u00f3noma de Sinaloa (SUNTUAS), secci\u00f3n Acad\u00e9micos, el maestro Jos\u00e9 Carlos Aceves Tamayo tom\u00f3 protesta a 169 docentes como los nuevos representantes del Consejo General de Delegados (C.G.D.), para el periodo 2024-2027.<\/div>\n<div><\/div>\n<div>Luego de dar a conocer el n\u00famero de votantes en la jornada realizada el pasado 20 de marzo, en 120 unidades acad\u00e9micas de la instituci\u00f3n, ubicadas a lo largo del estado para la elecci\u00f3n de los Comit\u00e9s Delegacionales, Comisiones Mixtas Locales y representantes al Consejo General de Delegados y donde se ponder\u00f3 la certeza del voto libre, secreto y directo, el l\u00edder sindical felicit\u00f3 a la comunidad docente por dicho proceso con el que se busca mantener vigente el quehacer sindical.<\/div>\n<div><\/div>\n<div>\u201cParticip\u00f3 en este proceso de renovaci\u00f3n de comit\u00e9s delegacionales, comisiones mixtas y representantes al C.G.D. un total de 4 mil 662 trabajadores, lo cual representa el 81 por ciento del padr\u00f3n general de sindicalizados acad\u00e9micos activos\u201d, indic\u00f3.<\/div>\n<div><\/div>\n<div>Asimismo, Aceves Tamayo dio un informe de las actividades y estrategias que desde el sindicato se impulsa para beneficio del gremio, entre ellas la reciente firma de documento con la Direcci\u00f3n General de Recursos Humanos, por Contralor\u00eda Acad\u00e9mica, por las comisiones mixtas y por el sindicato donde se establece la directriz para la asignaci\u00f3n de cargas acad\u00e9micas de forma adecuada; de igual manera, invit\u00f3 a los delegados a continuar cohesionados y sumando esfuerzos para seguir siendo un sindicato de resultados.<\/div>\n<div><\/div>\n<div>\u201cPara poder alcanzar este tipo de solicitudes que nos hacen desde nuestra base los compa\u00f1eros, tenemos que seguir cerrando filas, tenemos que seguir trabajando con mucha unidad, con mucha cohesi\u00f3n donde nosotros podamos ponderar como nuestra principal carta de presentaci\u00f3n sea el di\u00e1logo y que podamos justificar, a partir de la normativa todo nuestro actuar (\u2026) el SUNTUAS, compa\u00f1eras y compa\u00f1eros, hoy, en su secci\u00f3n acad\u00e9micos creo que est\u00e1 cumpliendo ciertos objetivos y creo que sobretodo le est\u00e1 cumpliendo a la base trabajadora\u201d, manifest\u00f3.<\/div>\n<div><\/div>\n<div>Por su parte, el Secretario de Organizaci\u00f3n de la secci\u00f3n de Acad\u00e9micos, maestro Juan Xicot\u00e9ncatl Ru\u00edz, habl\u00f3 sobre el desarrollo del proceso de renovaci\u00f3n, el cual dijo, inici\u00f3 el pasado 29 de febrero con la publicaci\u00f3n de la convocatoria y concluy\u00f3 el 20 de marzo con la jornada de votaciones en la que los docentes participaron de manera democr\u00e1tica, activa y respetuosa, haciendo que este proceso se realizar\u00e1 de manera exitosa.<\/div>\n<div><\/div>\n<div>Cabe decir que, en el marco del evento tambi\u00e9n se reconoci\u00f3 el valioso trabajo de los representantes de cada unidad acad\u00e9mica ante el Consejo General de Delegados, en el periodo 2021-2024, quienes en su gesti\u00f3n se desempe\u00f1aron respetando en todo momento los estatutos y el reglamento vigente de la organizaci\u00f3n, enalteciendo con su labor las siglas del SUNTUAS Acad\u00e9micos.<\/div>\n","protected":false},"excerpt":{"rendered":"<p>En sesi\u00f3n solemne, el Secretario General del Sindicato \u00danico de Trabajadores de la Universidad Aut\u00f3noma de Sinaloa (SUNTUAS), secci\u00f3n Acad\u00e9micos, el maestro Jos\u00e9 Carlos Aceves Tamayo tom\u00f3 protesta a 169 docentes como los nuevos representantes del Consejo General de Delegados (C.G.D.), para el periodo 2024-2027. Luego de dar a conocer el n\u00famero de votantes en la jornada realizada el pasado 20 de marzo, en 120 unidades acad\u00e9micas de la instituci\u00f3n, ubicadas a lo largo del estado para la elecci\u00f3n de los Comit\u00e9s Delegacionales, Comisiones Mixtas Locales y representantes al Consejo General de Delegados y donde se ponder\u00f3 la certeza del [&hellip;]<\/p>\n","protected":false},"author":3,"featured_media":92434,"comment_status":"open","ping_status":"open","sticky":false,"template":"","format":"gallery","meta":{"_jetpack_newsletter_access":"","_jetpack_dont_email_post_to_subs":false,"_jetpack_newsletter_tier_id":0,"_jetpack_memberships_contains_paywalled_content":false,"_jetpack_feature_clip_id":0,"_jetpack_memberships_contains_paid_content":false,"footnotes":"","jetpack_publicize_message":"","jetpack_publicize_feature_enabled":true,"jetpack_social_post_already_shared":true,"jetpack_social_options":{"image_generator_settings":{"template":"highway","default_image_id":0,"font":"","enabled":false},"version":2},"jetpack_post_was_ever_published":false},"categories":[90,72],"tags":[],"class_list":["post-92429","post","type-post","status-publish","format-gallery","has-post-thumbnail","hentry","category-estatal","category-portada","post_format-post-format-gallery","post--single"],"jetpack_publicize_connections":[],"jetpack_featured_media_url":"https:\/\/ovelanalista.com\/wp-content\/uploads\/2024\/03\/WhatsApp-Image-2024-03-22-at-17.18.14.jpeg","jetpack_sharing_enabled":true,"_links":{"self":[{"href":"https:\/\/ovelanalista.com\/index.php?rest_route=\/wp\/v2\/posts\/92429","targetHints":{"allow":["GET"]}}],"collection":[{"href":"https:\/\/ovelanalista.com\/index.php?rest_route=\/wp\/v2\/posts"}],"about":[{"href":"https:\/\/ovelanalista.com\/index.php?rest_route=\/wp\/v2\/types\/post"}],"author":[{"embeddable":true,"href":"https:\/\/ovelanalista.com\/index.php?rest_route=\/wp\/v2\/users\/3"}],"replies":[{"embeddable":true,"href":"https:\/\/ovelanalista.com\/index.php?rest_route=%2Fwp%2Fv2%2Fcomments&post=92429"}],"version-history":[{"count":1,"href":"https:\/\/ovelanalista.com\/index.php?rest_route=\/wp\/v2\/posts\/92429\/revisions"}],"predecessor-version":[{"id":92438,"href":"https:\/\/ovelanalista.com\/index.php?rest_route=\/wp\/v2\/posts\/92429\/revisions\/92438"}],"wp:featuredmedia":[{"embeddable":true,"href":"https:\/\/ovelanalista.com\/index.php?rest_route=\/wp\/v2\/media\/92434"}],"wp:attachment":[{"href":"https:\/\/ovelanalista.com\/index.php?rest_route=%2Fwp%2Fv2%2Fmedia&parent=92429"}],"wp:term":[{"taxonomy":"category","embeddable":true,"href":"https:\/\/ovelanalista.com\/index.php?rest_route=%2Fwp%2Fv2%2Fcategories&post=92429"},{"taxonomy":"post_tag","embeddable":true,"href":"https:\/\/ovelanalista.com\/index.php?rest_route=%2Fwp%2Fv2%2Ftags&post=92429"}],"curies":[{"name":"wp","href":"https:\/\/api.w.org\/{rel}","templated":true}]}}