{"id":92440,"date":"2024-03-22T19:44:43","date_gmt":"2024-03-23T02:44:43","guid":{"rendered":"https:\/\/ovelanalista.com\/?p=92440"},"modified":"2024-03-22T19:44:43","modified_gmt":"2024-03-23T02:44:43","slug":"de-nueva-cuenta-juez-de-control-difiere-audiencia-contra-funcionarios-universitarios-ya-que-la-fiscalia-no-hizo-entrega-de-la-carpeta-de-investigacion","status":"publish","type":"post","link":"https:\/\/ovelanalista.com\/?p=92440","title":{"rendered":"De nueva cuenta juez de control difiere audiencia contra funcionarios universitarios, ya que la Fiscal\u00eda no hizo entrega de la carpeta de investigaci\u00f3n"},"content":{"rendered":"<div><\/div>\n<div>Dentro de la persecuci\u00f3n pol\u00edtica que encabeza el Gobernador del Estado, Rub\u00e9n Rocha Moya, en contra de la Universidad Aut\u00f3noma de Sinaloa (UAS), el\u00a0 juez de control Ad\u00e1n Alberto Salazar Gast\u00e9lum, difiri\u00f3 para el pr\u00f3ximo 16 de Mayo una de las dos audiencias programadas este viernes para los universitarios implicados, ya que de nuevo la Fiscal\u00eda General del Estado no hizo entrega de la carpeta de investigaci\u00f3n, sostuvo el doctor Jes\u00fas Madue\u00f1a Molina, Rector Titular de la Universidad, tras su salida de las instalaciones de la Sede de Justicia Penal.<\/div>\n<div><\/div>\n<div>Manifest\u00f3 que la primera de las citaciones atendida a las 10:00 horas era imposible que se realizara por no contar con la carpeta de investigaci\u00f3n, as\u00ed tambi\u00e9n la segunda de ellas programada a las 11:00 horas , derivada de una nueva carpeta de investigaci\u00f3n, fue aplazada puesto que contiene informaci\u00f3n que debe correr traslado a la defensa Universitaria, la cual a\u00fan no se cuenta con ella, ya que se les notific\u00f3 el d\u00eda mi\u00e9rcoles acudir a recibirla, sin embargo les fue imposible asistir ya que se encontraban atendiendo la serie de audiencias a las que fueron solicitados.<\/div>\n<div><\/div>\n<div>\u201cEn esta audiencia de las 11 es muy significativa por lo siguiente, en la audiencia que se llev\u00f3 a cabo d\u00edas anteriores el Juez Ad\u00e1n Alberto Salazar Gast\u00e9lum, destituy\u00f3 a Ram\u00f3n Bonilla Rojas como asesor jur\u00eddico de la UAS, es decir le quitan a la Universidad la representaci\u00f3n de estar en las audiencias como v\u00edctima y le nombran a un asesor que desconoce totalmente\u201d, declar\u00f3.<\/div>\n<div><\/div>\n<div>Denunci\u00f3 que es lamentable ver c\u00f3mo el juez y la Fiscal\u00eda conciliaron quitarle a la Universidad la representaci\u00f3n de estar presente en las carpetas de investigaci\u00f3n que se siguen en torno a los funcionarios de la Universidad; as\u00ed tambi\u00e9n explic\u00f3 que su reciente petici\u00f3n a que los rosalinos ya no acudan en apoyo a las instalaciones de la sede judicial, es para que se comience a trabajar de manera interna en cada uno de los espacios de la Universidad, para as\u00ed cuidar el tema de la unidad y evitar que personas externas intenten dividir a la comunidad universitaria.<\/div>\n<div><\/div>\n<div>\u201cYo le agradezco al Consejo Universitario, a la comunidad universitaria, al pueblo de Sinaloa por seguir creyendo en nuestra inocencia, estamos muy firmes en este tema, en la convicci\u00f3n que tenemos de defender la Autonom\u00eda Universitaria\u201d, destac\u00f3.<\/div>\n<div><\/div>\n<div>Se\u00f1al\u00f3 que el actuar de la Universidad siempre ha sido honesto y con la ley en la mano, prueba de ello la sentencia del juez primero de distrito que confirm\u00f3 que la ley de educaci\u00f3n superior violaba la Autonom\u00eda Universitaria, asimismo las siete resoluciones del tribunal colegiado administrativo donde indican que la ASE no tiene competencia para fiscalizar los ingresos propios de la Universidad.<\/div>\n<div><\/div>\n<div>\u201cEn el tema de las denuncias penales que ya van seis carpetas de investigaci\u00f3n sobre el tema de los proveedores, les vamos a demostrar con la ley en la mano que nosotros tenemos la raz\u00f3n y que siempre vamos a actuar con la verdad y siempre seremos honestos con el pueblo de Sinaloa y con la comunidad Universitaria\u201d, afirm\u00f3.<\/div>\n","protected":false},"excerpt":{"rendered":"<p>Dentro de la persecuci\u00f3n pol\u00edtica que encabeza el Gobernador del Estado, Rub\u00e9n Rocha Moya, en contra de la Universidad Aut\u00f3noma de Sinaloa (UAS), el\u00a0 juez de control Ad\u00e1n Alberto Salazar Gast\u00e9lum, difiri\u00f3 para el pr\u00f3ximo 16 de Mayo una de las dos audiencias programadas este viernes para los universitarios implicados, ya que de nuevo la Fiscal\u00eda General del Estado no hizo entrega de la carpeta de investigaci\u00f3n, sostuvo el doctor Jes\u00fas Madue\u00f1a Molina, Rector Titular de la Universidad, tras su salida de las instalaciones de la Sede de Justicia Penal. Manifest\u00f3 que la primera de las citaciones atendida a las [&hellip;]<\/p>\n","protected":false},"author":3,"featured_media":92442,"comment_status":"open","ping_status":"open","sticky":false,"template":"","format":"standard","meta":{"_jetpack_newsletter_access":"","_jetpack_dont_email_post_to_subs":false,"_jetpack_newsletter_tier_id":0,"_jetpack_memberships_contains_paywalled_content":false,"_jetpack_feature_clip_id":0,"_jetpack_memberships_contains_paid_content":false,"footnotes":"","jetpack_publicize_message":"","jetpack_publicize_feature_enabled":true,"jetpack_social_post_already_shared":true,"jetpack_social_options":{"image_generator_settings":{"template":"highway","default_image_id":0,"font":"","enabled":false},"version":2},"jetpack_post_was_ever_published":false},"categories":[90,72],"tags":[],"class_list":["post-92440","post","type-post","status-publish","format-standard","has-post-thumbnail","hentry","category-estatal","category-portada","post--single"],"jetpack_publicize_connections":[],"jetpack_featured_media_url":"https:\/\/ovelanalista.com\/wp-content\/uploads\/2024\/03\/WhatsApp-Image-2024-03-22-at-17.47.18.jpeg","jetpack_sharing_enabled":true,"_links":{"self":[{"href":"https:\/\/ovelanalista.com\/index.php?rest_route=\/wp\/v2\/posts\/92440","targetHints":{"allow":["GET"]}}],"collection":[{"href":"https:\/\/ovelanalista.com\/index.php?rest_route=\/wp\/v2\/posts"}],"about":[{"href":"https:\/\/ovelanalista.com\/index.php?rest_route=\/wp\/v2\/types\/post"}],"author":[{"embeddable":true,"href":"https:\/\/ovelanalista.com\/index.php?rest_route=\/wp\/v2\/users\/3"}],"replies":[{"embeddable":true,"href":"https:\/\/ovelanalista.com\/index.php?rest_route=%2Fwp%2Fv2%2Fcomments&post=92440"}],"version-history":[{"count":1,"href":"https:\/\/ovelanalista.com\/index.php?rest_route=\/wp\/v2\/posts\/92440\/revisions"}],"predecessor-version":[{"id":92443,"href":"https:\/\/ovelanalista.com\/index.php?rest_route=\/wp\/v2\/posts\/92440\/revisions\/92443"}],"wp:featuredmedia":[{"embeddable":true,"href":"https:\/\/ovelanalista.com\/index.php?rest_route=\/wp\/v2\/media\/92442"}],"wp:attachment":[{"href":"https:\/\/ovelanalista.com\/index.php?rest_route=%2Fwp%2Fv2%2Fmedia&parent=92440"}],"wp:term":[{"taxonomy":"category","embeddable":true,"href":"https:\/\/ovelanalista.com\/index.php?rest_route=%2Fwp%2Fv2%2Fcategories&post=92440"},{"taxonomy":"post_tag","embeddable":true,"href":"https:\/\/ovelanalista.com\/index.php?rest_route=%2Fwp%2Fv2%2Ftags&post=92440"}],"curies":[{"name":"wp","href":"https:\/\/api.w.org\/{rel}","templated":true}]}}