{"id":92452,"date":"2024-03-24T11:03:20","date_gmt":"2024-03-24T18:03:20","guid":{"rendered":"https:\/\/ovelanalista.com\/?p=92452"},"modified":"2024-03-24T11:03:20","modified_gmt":"2024-03-24T18:03:20","slug":"mujeres-sinaloenses-cierran-filas-en-apoyo-a-claudia-sheinbaum","status":"publish","type":"post","link":"https:\/\/ovelanalista.com\/?p=92452","title":{"rendered":"Mujeres sinaloenses cierran filas en apoyo a Claudia Sheinbaum"},"content":{"rendered":"<div>Imelda Castro y Enrique Inzunza dialogan con mujeres del estado*_<\/div>\n<div><\/div>\n<div>Organizaci\u00f3n \u2018Si Llega Ella Llegamos Todas\u2019 convoca a erradicar la violencia contra las mujeres.<\/div>\n<div><\/div>\n<div>Mazatl\u00e1n, Sinaloa; 23 de marzo de 2024.- Bajo la premisa de estar dispuestas a ser el ej\u00e9rcito que recorrer\u00e1 Sinaloa, para que la Dra. Claudia Sheinbaum sea la primer Presidenta de M\u00e9xico, m\u00e1s de 900 mujeres se dieron cita en el encuentro, &#8220;Si llega ella, llegamos todas&#8221;. Teniendo como invitados a los candidatos al Senado por Morena Imelda Castro y Enrique Inzunza.<\/div>\n<div><\/div>\n<div>Por su parte Mariana Ben\u00edtez, cofundadora de la organizaci\u00f3n dijo que hoy como nunca ha tenido visibilidad la agenda de los derechos de las mujeres, pues anteriormente eran s\u00f3lo un rubro m\u00e1s en las campa\u00f1as. \u201cEs tiempo de las mujeres que impulsan derechos, mujeres libres de violencia, que toman decisiones, trabajan y buscan la igualdad\u201d.<\/div>\n<div><\/div>\n<div>Lorena Villavicencio, tambi\u00e9n cofundadora de la organizaci\u00f3n, afirma que las mujeres vienen por el estacionamiento que les corresponde hist\u00f3ricamente y a construir una nueva forma de relaci\u00f3n en la vida familiar y feminizar la pol\u00edtica y el poder en el pa\u00eds. &#8220;Est\u00e1 en manos de las mujeres el futuro de este. Tenemos que romper el c\u00edrculo de la desigualdad. Que ninguna mujer est\u00e9 al margen de la seguridad social, dando prioridad a las jefas de familia\u201d.<\/div>\n<div><\/div>\n<div>La candidata a Diputada Federal por el distrito 1, sentenci\u00f3; \u201cEn los gobiernos de izquierda ya hay paridad, tenemos mucho que decir en los hechos, no son palabras\u201d.<\/div>\n<div><\/div>\n<div>Enrique Inzunza, candidato al senado de la rep\u00fablica, se mostr\u00f3 muy contento de poder saludar a mujeres de todo el estado. Expres\u00f3 su compromiso con la agenda de las mujeres y su disposici\u00f3n a escuchar, aprender y sumarse a dicha agenda.<\/div>\n<div><\/div>\n<div>Enrique Inzunza recalc\u00f3; \u201cel \u00fanico feminismo aut\u00e9ntico es el de la izquierda porque la derecha no tiene feminismo\u201d.<\/div>\n<div>Agreg\u00f3 que estamos en el proceso de construir el Estado Constitucional del Bienestar poniendo en el centro de la agenda al estado e instituciones para garantizar derechos para todas y todos.<\/div>\n<div><\/div>\n<div>&#8220;Este pa\u00eds requiere continuar en esa senda de derechos para todas y todos, pero especialmente donde convergen muchas desigualdades para las mujeres de los pueblos originarios&#8221;, y continu\u00f3 \u201cen los Gobiernos de Morena buscamos romper los techos de cristal con todas las mujeres caminando a la par con pol\u00edticas p\u00fablicas que permitan dar igualdad sustantiva a hombres y mujeres\u201d. Puntualiz\u00f3.<\/div>\n<div><\/div>\n<div>La candidata de Morena al Senado de la Rep\u00fablica en primera f\u00f3rmula, Imelda Castro, destac\u00f3 que lo mejor para los mujeres est\u00e1 por venir, pues \u201ccon Claudia Sheinbaum ser\u00e1n primero las mujeres\u201d.<\/div>\n<div><\/div>\n<div>Coment\u00f3 que Sinaloa se ha ubicado a la vanguardia en hacer realidad las luchas de las mujeres, y para ilustrar su argumento cit\u00f3 la creaci\u00f3n de la Secretar\u00eda de las Mujeres por parte del gobernador Rub\u00e9n Rocha Moya.<\/div>\n<div><\/div>\n<div>\u201cM\u00e1s all\u00e1 de que hay una brecha salarial m\u00faltiple entre hombres y mujeres, ya estamos observando fen\u00f3menos en distintos estados del pa\u00eds\u201d extern\u00f3.<\/div>\n<div><\/div>\n<div>Comparti\u00f3 que, en Sinaloa, las mujeres representan el 57% de la matr\u00edcula de nuevo ingreso a universidad y el 60% del total de graduados universitarios en un a\u00f1o. Mientras que, en el periodo 2022-2023, el 60% de los nuevos empleos inscritos ante el IMSS en la entidad fueron para mujeres. \u201cLas mujeres se est\u00e1n preparando y generan sus propias oportunidades de emprendimiento. Y de esta manera est\u00e1n construyendo el perfil de una sociedad totalmente distinta\u201d, afirm\u00f3.<\/div>\n<div><\/div>\n<div>Retom\u00f3 la afirmaci\u00f3n, expresada en encuentros sostenidos a lo largo de Sinaloa en estas primeras semanas de campa\u00f1a, que la pol\u00edtica de cuidados va a ser la pol\u00edtica p\u00fablica m\u00e1s trascendental del denominado segundo piso de la Cuarta Transformaci\u00f3n.<\/div>\n<div><\/div>\n<div>\u201cEn nuestro pa\u00eds, 22 millones de personas, 87% de las cuales son mujeres, se dedican a labores de cuidado, mientras que 57 millones requieren de esos cuidados. Imag\u00ednense la potencia econ\u00f3mica en que se va a convertir M\u00e9xico cuando se empiecen a remunerar estos servicios. Cuando el Estado diga \u2018vamos a pagar\u2019. Eso es libertad, eso es desarrollo. Sin la remuneraci\u00f3n de los cuidados, no puede hablarse de un Estado de bienestar pleno\u201d, agreg\u00f3.<\/div>\n<div><\/div>\n<div>Finaliz\u00f3 con una frase que se volver\u00e1 el mantra de esta era pol\u00edtica en M\u00e9xico: \u201cla Cuarta Transformaci\u00f3n ser\u00e1 feminista o no ser\u00e1\u201d.<\/div>\n<div><\/div>\n<div>Durante el evento, tom\u00f3 protesta la Dra. Mar\u00eda Teresa Guerra, como coordinadora estatal de la asociaci\u00f3n \u2018Por Ella y Por Todas\u2019,\u00a0 junto a un grupo de mujeres que coordinar\u00e1n la organizaci\u00f3n en cada municipio del estado. Reconociendo el compromiso de las mujeres sinaloenses y unir esfuerzos para apoyar a una mujer de izquierda que apoyar\u00e1 a todas las mujeres.<\/div>\n<div>\u2014-<\/div>\n","protected":false},"excerpt":{"rendered":"<p>Imelda Castro y Enrique Inzunza dialogan con mujeres del estado*_ Organizaci\u00f3n \u2018Si Llega Ella Llegamos Todas\u2019 convoca a erradicar la violencia contra las mujeres. Mazatl\u00e1n, Sinaloa; 23 de marzo de 2024.- Bajo la premisa de estar dispuestas a ser el ej\u00e9rcito que recorrer\u00e1 Sinaloa, para que la Dra. Claudia Sheinbaum sea la primer Presidenta de M\u00e9xico, m\u00e1s de 900 mujeres se dieron cita en el encuentro, &#8220;Si llega ella, llegamos todas&#8221;. Teniendo como invitados a los candidatos al Senado por Morena Imelda Castro y Enrique Inzunza. Por su parte Mariana Ben\u00edtez, cofundadora de la organizaci\u00f3n dijo que hoy como nunca [&hellip;]<\/p>\n","protected":false},"author":3,"featured_media":92453,"comment_status":"open","ping_status":"open","sticky":false,"template":"","format":"gallery","meta":{"_jetpack_newsletter_access":"","_jetpack_dont_email_post_to_subs":false,"_jetpack_newsletter_tier_id":0,"_jetpack_memberships_contains_paywalled_content":false,"_jetpack_feature_clip_id":0,"_jetpack_memberships_contains_paid_content":false,"footnotes":"","jetpack_publicize_message":"","jetpack_publicize_feature_enabled":true,"jetpack_social_post_already_shared":true,"jetpack_social_options":{"image_generator_settings":{"template":"highway","default_image_id":0,"font":"","enabled":false},"version":2},"jetpack_post_was_ever_published":false},"categories":[90,72,88],"tags":[],"class_list":["post-92452","post","type-post","status-publish","format-gallery","has-post-thumbnail","hentry","category-estatal","category-portada","category-sinaloa-sur","post_format-post-format-gallery","post--single"],"jetpack_publicize_connections":[],"jetpack_featured_media_url":"https:\/\/ovelanalista.com\/wp-content\/uploads\/2024\/03\/WhatsApp-Image-2024-03-23-at-18.48.57-1.jpeg","jetpack_sharing_enabled":true,"_links":{"self":[{"href":"https:\/\/ovelanalista.com\/index.php?rest_route=\/wp\/v2\/posts\/92452","targetHints":{"allow":["GET"]}}],"collection":[{"href":"https:\/\/ovelanalista.com\/index.php?rest_route=\/wp\/v2\/posts"}],"about":[{"href":"https:\/\/ovelanalista.com\/index.php?rest_route=\/wp\/v2\/types\/post"}],"author":[{"embeddable":true,"href":"https:\/\/ovelanalista.com\/index.php?rest_route=\/wp\/v2\/users\/3"}],"replies":[{"embeddable":true,"href":"https:\/\/ovelanalista.com\/index.php?rest_route=%2Fwp%2Fv2%2Fcomments&post=92452"}],"version-history":[{"count":1,"href":"https:\/\/ovelanalista.com\/index.php?rest_route=\/wp\/v2\/posts\/92452\/revisions"}],"predecessor-version":[{"id":92487,"href":"https:\/\/ovelanalista.com\/index.php?rest_route=\/wp\/v2\/posts\/92452\/revisions\/92487"}],"wp:featuredmedia":[{"embeddable":true,"href":"https:\/\/ovelanalista.com\/index.php?rest_route=\/wp\/v2\/media\/92453"}],"wp:attachment":[{"href":"https:\/\/ovelanalista.com\/index.php?rest_route=%2Fwp%2Fv2%2Fmedia&parent=92452"}],"wp:term":[{"taxonomy":"category","embeddable":true,"href":"https:\/\/ovelanalista.com\/index.php?rest_route=%2Fwp%2Fv2%2Fcategories&post=92452"},{"taxonomy":"post_tag","embeddable":true,"href":"https:\/\/ovelanalista.com\/index.php?rest_route=%2Fwp%2Fv2%2Ftags&post=92452"}],"curies":[{"name":"wp","href":"https:\/\/api.w.org\/{rel}","templated":true}]}}