{"id":92477,"date":"2024-03-24T11:06:37","date_gmt":"2024-03-24T18:06:37","guid":{"rendered":"https:\/\/ovelanalista.com\/?p=92477"},"modified":"2024-03-24T11:18:33","modified_gmt":"2024-03-24T18:18:33","slug":"grave-acontecimiento-el-de-los-secuestros-masivos-los-30-anos-de-luis-donaldo-colosio-adios-a-don-juan-higuera-mariscal","status":"publish","type":"post","link":"https:\/\/ovelanalista.com\/?p=92477","title":{"rendered":"Grave acontecimiento el de los secuestros masivos; los 30 a\u00f1os de Luis Donaldo Colosio; adi\u00f3s a don Juan Higuera Mariscal"},"content":{"rendered":"<p><strong>DOMINGRILLA<\/strong><\/p>\n<p><strong>FRANCISCO CHIQUETE<\/strong><\/p>\n<p>Nuestra historia reciente est\u00e1 llena de desgracias cotidianas, pero la que ocurri\u00f3 este viernes en Culiac\u00e1n no s\u00f3lo es dolorosa, sino excepcionalmente grave. El secuestro de familias enteras en sus propios domicilios es una demostraci\u00f3n de fuerza que el crimen organizado no necesita y que tiene afectos muy fuertes sobre la moral de la poblaci\u00f3n.<br \/>\nNo hay informaci\u00f3n de ning\u00fan tipo, salvo datos aislados que han recopilado los medios y que ha soltado la autoridad, pero a estas alturas no hay una versi\u00f3n completa de la historia lamentable que si bien no ha costado vidas (o no lo sabemos) ha sido por decisi\u00f3n de la propia delincuencia.<br \/>\nDespu\u00e9s del desconcierto inicial en que todos trataron de minimizar el hecho y luego se contradijeron ante lo impactante de la realidad, nos hemos enterado de que una buena parte de los \u201clevantados\u201d est\u00e1n ya en libertad, aunque nadie nos informa si lo fueron gracias a la intervenci\u00f3n de las fuerzas polic\u00edacas o por decisi\u00f3n de los captores. Como no hay detenidos ni precisi\u00f3n sobre los lugares en que ocurri\u00f3 cada liberaci\u00f3n, la conclusi\u00f3n es f\u00e1cil: la polic\u00eda ni cuenta se dio.<br \/>\nCada vez que el tema de la inseguridad sale al debate nacional, las autoridades esgrimen las cifras en que se acredita un marcado descenso en la tendencia estad\u00edstica de los asesinatos. Es un argumento t\u00e9cnicamente correcto pero dif\u00edcil de defender, cuando el n\u00famero total de cr\u00edmenes durante el sexenio supera con creces al anterior y sobre todo, porque en este periodo se ha disparado tambi\u00e9n el problema de los desaparecidos.<br \/>\nEn muchas ocasiones hemos comentado que la reducci\u00f3n de asesinatos se debe m\u00e1s a la din\u00e1mica de los grupos del crimen organizado que a la acci\u00f3n de la autoridad. Basta ver los impresionantes despliegues de su ej\u00e9rcito particular, que hizo el cartel de Sinaloa durante los dos culiacanazos, aquellos operativos ejecutados para detener a Ovidio Guzm\u00e1n.<br \/>\nEn ambas ocasiones se dio un despliegue inusitado de elementos fuertemente armados, con veh\u00edculos blindados y en muchos casos a cara descubierta. Tanto del norte como del sur, debieron pasar por casetas que se abrieron m\u00e1gicamente, y quienes bajaron de la sierra pasaron como Pedro por su casa. \u00bfQu\u00e9 acci\u00f3n polic\u00edaca puede ser efectiva cuando la parte contraria tiene tal cantidad de elementos, tal capacidad de fuego y esa indiscutible capacidad de movilizaci\u00f3n?<br \/>\nLos medios informativos del pa\u00eds y del mundo apuntaron hacia nosotros y \u201cnuestra noticia\u201d fue muy destacada, opacada solamente por el deleznable atentado terrorista que ocurri\u00f3 en Rusia contra poblaci\u00f3n civil tan inerme como la nuestra. Por supuesto, las conclusiones fueron indignadas, denunciadoras y hasta disparatadas.<br \/>\nA decir verdad, al gobernador se le fue la onda cuando dijo que son cosas que lamentablemente pasan. Suena en efecto, a normalizaci\u00f3n de algo que no puede ser aceptado.<br \/>\nPero cuando se habla de que \u201cesto pasa en Sinaloa\u201d, tendr\u00eda que verse que en realidad se trata de un problema nacional. En cada regi\u00f3n ocurren cosas condenables. Cuando no son levantones (tambi\u00e9n los hubo en Chiapas, casi simult\u00e1neamente), es el asesinato de polic\u00edas, o ataques a poblaci\u00f3n civil sin relaci\u00f3n con los hechos delictivos.<br \/>\nEl problema m\u00e1s grave es sin duda la impunidad, que alienta a la comisi\u00f3n y repetici\u00f3n de los delitos. En este gobierno que casi acaba, no s\u00f3lo ha habido impunidad, sino falta de acci\u00f3n. caracterizada en el slogan \u201cabrazos, no balazos\u201d. Los gobiernos anteriores tampoco sirvieron para mucho y por eso heredaron un M\u00e9xico tan violento, pero al menos hac\u00edan la faramalla, le daban a la poblaci\u00f3n la fugaz satisfacci\u00f3n de anunciar acciones, que luego no serv\u00edan o de plano no se hac\u00edan.<br \/>\nPero hoy ni siquiera eso. El presidente Andr\u00e1s Manuel L\u00f3pez Obrador acaba de declarar que no van a combatir a los c\u00e1rteles porque lo ordene Estados Unidos, que aqu\u00ed se opera en atenci\u00f3n a las necesidades nacionales, sin injerencias extranjeras. Suena bonito, pero lo que necesita la poblaci\u00f3n es que se act\u00fae sin l\u00edmites ni prejuicios. A quienes m\u00e1s satisface esa esa declaraci\u00f3n es a los grupos delictivos, que pueden encontrar ah\u00ed una especie de certificado de impunidad.<br \/>\nLa reacci\u00f3n concreta, no sabemos si efectiva, pero espec\u00edfica, fue el env\u00edo de seiscientos elementos del Ej\u00e9rcito o de la Guardia Nacional, para reforzar la vigilancia. Por desgracia esas acciones nunca han sido efectivas. Lo vemos en Acapulco, donde los miles y miles de elementos han sido in\u00fatiles frente a la persistencia del crimen organizado o no organizado.<br \/>\nLo vimos tambi\u00e9n aqu\u00ed en Sinaloa, cuando naci\u00f3 la intervenci\u00f3n militar en la lucha contra la delincuencia. Cuando Fox, se crearon las Bases de Operaci\u00f3n Mixta Urbana, las largu\u00edsimas filas de veh\u00edculos oficiales con decenas de soldados y agentes civiles que s\u00f3lo se paseaban por las ciudades del estado, mientras los delincuentes esperaban a que pasara el desfile para asaltar, asesinar o despojar de su carro a los transe\u00fantes. Las Bomu, por cierto, terminaban sus recorridos a las seis y media 0de la tarde, quiz\u00e1 porque era muy peligroso andar en la calle despu\u00e9s de esa hora.<br \/>\nNO HAY PELIGRO<br \/>\nCuando se le pregunta a un pol\u00edtico sobre la seguridad, tendr\u00eda que estar muy alerta para no ser optimista, porque precisamente en el momento en que diga que todo est\u00e1 bajo control, ocurre una desgracia que impacta a todos. Pero no, puede m\u00e1s la compulsi\u00f3n por garantizar al mundo que \u00e9l y los suyos han sido \u00fatiles en ese rengl\u00f3n.<br \/>\nLe acaba de pasar al candidato a senador por Morena, Enrique Inzunza C\u00e1zares, quien dijo que en Sinaloa no hay violencia pol\u00edtica, por lo que los ciudadanos pueden acudir a votar tranquilamente el pr\u00f3ximo dos de junio. Si quieren podemos olvidarnos de que en Mocorito un aspirante a la Presidencia Municipal prefiri\u00f3 bajarse de la candidatura opositora porque recibi\u00f3 presiones nunca precisadas, pero que lo hicieron alejarse de lo que se ve\u00eda como una posible victoria; podremos olvidarnos tambi\u00e9n de que en El Rosario, un aspirante que ya fue alcalde y aparece con amplias posibilidades de triunfo, sigui\u00f3 el mismo camino de la renuncia, por aquello del \u201cno te entumas\u201d.<br \/>\nPero pensar que la gente puede salir tranquilamente a votar en una ciudad en la que los delincuentes se pueden dar el lujo de entrar a las casas a sacar a decenas de personas y llev\u00e1rselas secuestrada, ya es una utop\u00eda mayor.<br \/>\nCada quien habla de la feria seg\u00fan le va en ella. A don Enrique le ha ido bien.<br \/>\nEl caso fue asunto a nivel nacional, por lo que las candidatas presidenciales X\u00f3chitl G\u00e1lvez y Claudia Sheinbaum externaron sus opiniones.<br \/>\nX\u00f3chitl, por supuesto, fue muy cr\u00edtica y advirti\u00f3 que en su gobierno (que espera ocurra en el presente relevo sexenal) no se permitir\u00e1 la impunidad, que se combatir\u00e1 al crimen organizado y se har\u00e1 justicia en todos los casos. Por supuest0o, su papel como opositora es condenar la ineficacia de quienes gobiernan.<br \/>\nLa doctora Sheinbaum empez\u00f3 sentenciando que se deben combatir las causas para evitar estos acontecimientos, pero luego ech\u00f3 mano de un equivalente al c\u00e9lebre \u201cel PRI rob\u00f3 m\u00e1s\u201d y advirti\u00f3 que habr\u00eda que medir lo que ocurr\u00eda en esa materia hasta 2018. No estoy de acuerdo con que hoy existan m\u00e1s casos, dijo con esa frescura con que se niegan o minimizan los problemas del pa\u00eds.<br \/>\nEL CRIMEN DE LOMAS<br \/>\nTAURINAS, A 30 A\u00d1OS<br \/>\nEste s\u00e1bado 23 se conmemoraron treinta a\u00f1os del asesinato de Luis Donaldo Colosio, candidato presidencial pri\u00edsta cuya desaparici\u00f3n impact\u00f3 a todo el pa\u00eds y aceler\u00f3 los cambios pol\u00edticos que ya se hab\u00edan manifestado con tanta fuerza en la elecci\u00f3n de 1988, cuando Cuauht\u00e9moc C\u00e1rdenas puso a temblar al sistema.<br \/>\nEntre todos los trabajos period\u00edsticos que se desplegaron con esa fecha, el peri\u00f3dico Excelsior entrevist\u00f3 al sinaloense Heriberto Galindo, quien fue un hombre muy cercano al candidato asesinado. En la entrevista, Galindo recuerda con lujo de detalle todos los acontecimientos de la v\u00edspera, destacando la llamada en que el presidente le ordena agradecer a Manuel Camacho Sol\u00eds el respaldo que dio a la candid&lt;tura colosista, aunque hubiese sido tan tard\u00eda.<br \/>\nLa entrevista es muy reveladora y muy sentida, muestra las condiciones pol\u00edticas que privaban en el pa\u00eds, las impresiones de la gira de Colosio por el estado de Sinaloa, donde podr\u00eda decirse, goz\u00f3 de su mejor d\u00eda de campa\u00f1a, el \u00fanico en que pudo trabajar a sus anchas, sintiendo que la Presidencia de la Rep\u00fablica estaba verdaderamente al alcance de su mano.<br \/>\nLos detalles de la entrevista muestran efectivamente, su cercan\u00eda con el hombre de Sonora, quien le hab\u00eda ofrecido que encabezar\u00eda la CNOP nacional. Aunque no lo dice ah\u00ed, durante la despedida en el aeropuerto de Culiac\u00e1n, de donde volar\u00eda a La Paz y despu\u00e9s a Tijuana, Cokosio le adelant\u00f3 que ser\u00eda candidato al Congreso: \u201cque no se te haga mucho una senadur\u00eda y que no se te haga poco una diputaci\u00f3n federal\u201d. Algunos encargos le cumpli\u00f3 ese d\u00eda, antes de enterarse, v\u00eda la televisi\u00f3n, del atentado y luego de la muerte de Colosio.<br \/>\nDurante la jornada en Mazatl\u00e1n, nos toc\u00f3 viajar con Colosio del Estero del Infiernillo al aeropuerto, platicamos con \u00e9l, le escuchamos algunos conceptos, pregunt\u00f3 sobre los asuntos de nuestra ciudad, y cuando circul\u00e1bamos a la altura de Ur\u00edas, Ramiro Pineda, su auxiliar en el \u00e1rea de prensa, le inform\u00f3 que en esos momentos Manuel Ca acho Sol+is, el aspirante derrotado y rejego en la contienda interna pro\u00edsta, acababa de anunciar formal y expl\u00edcitamente que no buscar\u00eda ser candidato ni por el PRI ni por otro partido, que respaldaba la postulaci\u00f3n de Colosio (m\u00e1s de dos meses despu\u00e9s de iniciada la campa\u00f1a) y que entre una candidatura y la paz, prefer\u00eda la paz, por lo que seguir\u00eda coordinando la mesa de di\u00e1logo con el Ej\u00e9rcito Zapatista de Liberaci\u00f3n Nacional.<br \/>\nA Colosio se le ilumin\u00f3 la cara. Si al principio del viaje se hab\u00eda quejado contra los que descalificaban sus giras (\u201cno s\u00e9 por qu\u00e9 chingados dicen que no funciona, mi campa\u00f1a es alegre, nutrida, la gente participa\u201d) tras la noticia estuvo radiante, sin recibir a\u00fan la instrucci\u00f3n presidencial referida por Galindo, habl\u00f3 maravillas de Camacho Sol\u00eds, desech\u00f3 cualquier rencor por su actitud de disidencia agresiva. Es un cuate a todo dar que le est\u00e1 sirviendo mucho al pa\u00eds, sostuvo.<br \/>\nAfuera del aeropuerto fue recibido con premura, como narra Heriberto Galindo, y se le llev\u00f3 a la torre de control. Lo vimos apresurarse, aunque ya no lo vimos hablar por tel\u00e9fono. Es fue privilegio de Heriberto.<br \/>\nEn la pl\u00e1tica con nosotros (iba yo de copiloto y atr\u00e1s Fernando Zepeda, Ramiro Pineda y el general Domiro Garc\u00eda Reyes), se toc\u00f3 el tema del discurso del seis de marzo, cuando como si fuera opositor, dijo que ve\u00eda un M\u00e9xico con hambre y sed de justicia, y se pronunci\u00f3 contra los abusos de quienes utilizan el poder para beneficiarse.<br \/>\nPero lpo que m\u00e1s se le grab\u00f3 a este reportero fue su reacci\u00f3n ante una pinta colocada en el segundo piso de una casa del Estero del Infiernillo \u201chasta cu\u00e1ndo vamos a tener que aguantar el abandono y las injusticias de los gobiernos hacia los pobres\u2026\u201d ley\u00f3 en voz alta, trabajosamente, porque el letrero estaba pintado en una tabla relativamente peque\u00f1a y con una caligraf\u00eda ape\u00f1uscada.<br \/>\nTermin\u00f3 la lectura, siempre manejando la blazer en que se desplazaba por todo el pa\u00eds, y exclam\u00f3 inconforme: \u00a1Pues d\u00e9jenme llegar a la Presidencia, chingado!<br \/>\nNo lo dejaron. AL d\u00eda siguiente por la tarde, caer\u00eda asesinado en Lomas Taurinas.<br \/>\nDON JUAN HIGUERA<br \/>\nEste s\u00e1bado falleci\u00f3 un personaje de nuestro puerto, don Juan Higuera Mariscal, conductor de la hora municipal por varios a\u00f1os, locutor comercial y cafetero de tiempo completo en la Panam\u00e1 Juan Carrasco. Reposar\u00e1 seguramente al lado de su hermano Miguel Higuera Mariscal, El Cafetero Asoleado, a quien seguimos extra\u00f1ando. Nuestras condolencias a su hermano Fernando Higuera, y nuestra despedida a este hombre alegre, modesto, optimista, ocurrente y due\u00f1o de un vozarr\u00f3n, que siempre deseaba y ofrec\u00eda \u00a1\u00e1nimo!<\/p>\n","protected":false},"excerpt":{"rendered":"<p>DOMINGRILLA FRANCISCO CHIQUETE Nuestra historia reciente est\u00e1 llena de desgracias cotidianas, pero la que ocurri\u00f3 este viernes en Culiac\u00e1n no s\u00f3lo es dolorosa, sino excepcionalmente grave. El secuestro de familias enteras en sus propios domicilios es una demostraci\u00f3n de fuerza que el crimen organizado no necesita y que tiene afectos muy fuertes sobre la moral de la poblaci\u00f3n. No hay informaci\u00f3n de ning\u00fan tipo, salvo datos aislados que han recopilado los medios y que ha soltado la autoridad, pero a estas alturas no hay una versi\u00f3n completa de la historia lamentable que si bien no ha costado vidas (o no [&hellip;]<\/p>\n","protected":false},"author":3,"featured_media":92502,"comment_status":"open","ping_status":"open","sticky":false,"template":"","format":"standard","meta":{"_jetpack_newsletter_access":"","_jetpack_dont_email_post_to_subs":false,"_jetpack_newsletter_tier_id":0,"_jetpack_memberships_contains_paywalled_content":false,"_jetpack_feature_clip_id":0,"_jetpack_memberships_contains_paid_content":false,"footnotes":"","jetpack_publicize_message":"","jetpack_publicize_feature_enabled":true,"jetpack_social_post_already_shared":true,"jetpack_social_options":{"image_generator_settings":{"template":"highway","default_image_id":0,"font":"","enabled":false},"version":2},"jetpack_post_was_ever_published":false},"categories":[79],"tags":[],"class_list":["post-92477","post","type-post","status-publish","format-standard","has-post-thumbnail","hentry","category-columnistas-nacionales","post--single"],"jetpack_publicize_connections":[],"jetpack_featured_media_url":"https:\/\/ovelanalista.com\/wp-content\/uploads\/2024\/03\/1DOMINGRILLA-1-300x188-1.png","jetpack_sharing_enabled":true,"_links":{"self":[{"href":"https:\/\/ovelanalista.com\/index.php?rest_route=\/wp\/v2\/posts\/92477","targetHints":{"allow":["GET"]}}],"collection":[{"href":"https:\/\/ovelanalista.com\/index.php?rest_route=\/wp\/v2\/posts"}],"about":[{"href":"https:\/\/ovelanalista.com\/index.php?rest_route=\/wp\/v2\/types\/post"}],"author":[{"embeddable":true,"href":"https:\/\/ovelanalista.com\/index.php?rest_route=\/wp\/v2\/users\/3"}],"replies":[{"embeddable":true,"href":"https:\/\/ovelanalista.com\/index.php?rest_route=%2Fwp%2Fv2%2Fcomments&post=92477"}],"version-history":[{"count":1,"href":"https:\/\/ovelanalista.com\/index.php?rest_route=\/wp\/v2\/posts\/92477\/revisions"}],"predecessor-version":[{"id":92495,"href":"https:\/\/ovelanalista.com\/index.php?rest_route=\/wp\/v2\/posts\/92477\/revisions\/92495"}],"wp:featuredmedia":[{"embeddable":true,"href":"https:\/\/ovelanalista.com\/index.php?rest_route=\/wp\/v2\/media\/92502"}],"wp:attachment":[{"href":"https:\/\/ovelanalista.com\/index.php?rest_route=%2Fwp%2Fv2%2Fmedia&parent=92477"}],"wp:term":[{"taxonomy":"category","embeddable":true,"href":"https:\/\/ovelanalista.com\/index.php?rest_route=%2Fwp%2Fv2%2Fcategories&post=92477"},{"taxonomy":"post_tag","embeddable":true,"href":"https:\/\/ovelanalista.com\/index.php?rest_route=%2Fwp%2Fv2%2Ftags&post=92477"}],"curies":[{"name":"wp","href":"https:\/\/api.w.org\/{rel}","templated":true}]}}