{"id":92490,"date":"2024-03-24T11:07:21","date_gmt":"2024-03-24T18:07:21","guid":{"rendered":"https:\/\/ovelanalista.com\/?p=92490"},"modified":"2024-03-24T11:17:31","modified_gmt":"2024-03-24T18:17:31","slug":"efectos-positivos-y-negativos-de-la-reduccion-de-la-tasa-de-interes-objetivo","status":"publish","type":"post","link":"https:\/\/ovelanalista.com\/?p=92490","title":{"rendered":"Efectos positivos y negativos de la reducci\u00f3n de la tasa de inter\u00e9s objetivo"},"content":{"rendered":"<div><strong>Alguien tiene que Decirlo<\/strong><\/div>\n<div><\/div>\n<div><\/div>\n<div><strong>Samuel Sarmiento<\/strong><\/div>\n<div><\/div>\n<div>Desde su creaci\u00f3n en 1925, el responsable de la Pol\u00edtica Monetaria ha sido el Banco de M\u00e9xico, que es aut\u00f3nomo en sus funciones y administraci\u00f3n y cuyo objetivo es proveer y controlar la oferta monetaria (el dinero), procurando la estabilidad del poder adquisitivo, funciones que est\u00e1n plasmadas en el art\u00edculo 28 de la Constituci\u00f3n Pol\u00edtica de los Estados Unidos Mexicanos.<\/div>\n<div>Hay que recordar que por el mal manejo de la Pandemia del Covid-19 en el 2020 la econom\u00eda nacional se desplom\u00f3 -8.6% y se perdieran 12.5 millones de empleos, entre formales e informales.<\/div>\n<div>Para corregirlo, el Banco de M\u00e9xico implement\u00f3 una pol\u00edtica monetaria expansiva, que consist\u00eda en reducir la tasa de inter\u00e9s objetivo y ampliar la oferta de dinero, de esta manera, en menos de un a\u00f1o, la tasa de inter\u00e9s objetivo baj\u00f3 del 7% al 4%, lo que estimul\u00f3 la econom\u00eda y gener\u00f3 un crecimiento del 5.7% para el 2021.<\/div>\n<div>Sin embargo, como consecuencia, se gener\u00f3 una espiral inflacionaria, debido al aumento del gasto de los consumidores, el incremento de los precios internacionales por la guerra entre Rusia y Ucrania (2 pa\u00edses productores de alimentos y energ\u00e9ticos) y el aumento del precio del petr\u00f3leo que alcanz\u00f3 los 125 d\u00f3lares por barril en marzo del 2022.<\/div>\n<div>Para controlar ahora la inflaci\u00f3n, el Banco de M\u00e9xico inici\u00f3 el 25 de junio del 2021 un aumento paulatino de la tasa de inter\u00e9s, que consisti\u00f3 en 15 ajustes alcista, al pasar del 4% al 11.25%.<\/div>\n<div>Y con una tasa de inter\u00e9s tan atractiva, fluyeron capitales internacionales y se fortaleci\u00f3 nuestra moneda, al pasar de $19.9 por d\u00f3lar a $16.7 al d\u00eda de hoy.<\/div>\n<div>Lo anterior, como una pol\u00edtica espejo de las decisiones del Sistema de Reserva Federal de Estados Unidos (FED), quien aument\u00f3 su tasa de referencia del 0% en el 2021 al 5.25% al d\u00eda de hoy.<\/div>\n<div>Cabe se\u00f1alar que en la \u00faltima revisi\u00f3n que hizo el FED a la tasa de inter\u00e9s el 20 de marzo del presente a\u00f1o, mantuvo la tasa de inter\u00e9s en el rango de 5.25% a 5.50%, mientras que aqu\u00ed en M\u00e9xico se decidi\u00f3 bajar 25 puntos base, del 11.25% al 11.00%.<\/div>\n<div>Pero, la pregunta es: a los ciudadanos, \u00bfnos beneficia o nos perjudica la reducci\u00f3n de la Tasa de Inter\u00e9s Objetivo?<\/div>\n<div>La reducci\u00f3n de la tasa de inter\u00e9s objetivo har\u00e1 m\u00e1s baratos los cr\u00e9ditos para las familias y las empresas, es decir, se estimula el financiamiento, que es una palanca del desarrollo del pa\u00eds y con ello, se incentivan nuevas inversiones y los empleos.<\/div>\n<div>Sin embargo, en el otro lado de la moneda, la reducci\u00f3n de las tasas de inter\u00e9s provocar\u00e1 una ca\u00edda en el ahorro y por lo tanto, aumentar\u00e1 el gasto, lo que podr\u00eda desencadenar un incremento de los precios de los bienes y servicios (inflaci\u00f3n).<\/div>\n<div>Cabe se\u00f1alar que, en la primera quincena del mes de marzo la inflaci\u00f3n anual se ubic\u00f3 en 4.48%, que si bien es cierto, es casi la mitad del a\u00f1o pasado (7.12%) si se observa un ligero incremento respecto de la inflaci\u00f3n de febrero de 2024 (4.40%).<\/div>\n<div>Habr\u00e1 que darle seguimiento a los precios de las frutas y verduras que tiene una inflaci\u00f3n del 11.74% (casi el triple de la inflaci\u00f3n general), as\u00ed como a los alimentos, bebidas y tabaco, y educaci\u00f3n, que tambi\u00e9n se ubican arriba de la inflaci\u00f3n general (5.08% y 6.36%, respectivamente).<\/div>\n<div>Como se observa, el Banco de M\u00e9xico siempre tiene que elegir entre controlar la inflaci\u00f3n, aumentando la tasa de inter\u00e9s o estimular el crecimiento econ\u00f3mico, reduciendo la tasa de inter\u00e9s objetivo.<\/div>\n<div>Por eso, le pregunto estimado lector: \u00bfqu\u00e9 es m\u00e1s importante, controlar la inflaci\u00f3n o impulsar el crecimiento econ\u00f3mico y los empleos?<\/div>\n","protected":false},"excerpt":{"rendered":"<p>Alguien tiene que Decirlo Samuel Sarmiento Desde su creaci\u00f3n en 1925, el responsable de la Pol\u00edtica Monetaria ha sido el Banco de M\u00e9xico, que es aut\u00f3nomo en sus funciones y administraci\u00f3n y cuyo objetivo es proveer y controlar la oferta monetaria (el dinero), procurando la estabilidad del poder adquisitivo, funciones que est\u00e1n plasmadas en el art\u00edculo 28 de la Constituci\u00f3n Pol\u00edtica de los Estados Unidos Mexicanos. Hay que recordar que por el mal manejo de la Pandemia del Covid-19 en el 2020 la econom\u00eda nacional se desplom\u00f3 -8.6% y se perdieran 12.5 millones de empleos, entre formales e informales. Para [&hellip;]<\/p>\n","protected":false},"author":3,"featured_media":92501,"comment_status":"open","ping_status":"open","sticky":false,"template":"","format":"standard","meta":{"_jetpack_newsletter_access":"","_jetpack_dont_email_post_to_subs":false,"_jetpack_newsletter_tier_id":0,"_jetpack_memberships_contains_paywalled_content":false,"_jetpack_feature_clip_id":0,"_jetpack_memberships_contains_paid_content":false,"footnotes":"","jetpack_publicize_message":"","jetpack_publicize_feature_enabled":true,"jetpack_social_post_already_shared":true,"jetpack_social_options":{"image_generator_settings":{"template":"highway","default_image_id":0,"font":"","enabled":false},"version":2},"jetpack_post_was_ever_published":false},"categories":[79],"tags":[],"class_list":["post-92490","post","type-post","status-publish","format-standard","has-post-thumbnail","hentry","category-columnistas-nacionales","post--single"],"jetpack_publicize_connections":[],"jetpack_featured_media_url":"https:\/\/ovelanalista.com\/wp-content\/uploads\/2024\/03\/1SAMUEL-SARMIENTO-300x150-1.png","jetpack_sharing_enabled":true,"_links":{"self":[{"href":"https:\/\/ovelanalista.com\/index.php?rest_route=\/wp\/v2\/posts\/92490","targetHints":{"allow":["GET"]}}],"collection":[{"href":"https:\/\/ovelanalista.com\/index.php?rest_route=\/wp\/v2\/posts"}],"about":[{"href":"https:\/\/ovelanalista.com\/index.php?rest_route=\/wp\/v2\/types\/post"}],"author":[{"embeddable":true,"href":"https:\/\/ovelanalista.com\/index.php?rest_route=\/wp\/v2\/users\/3"}],"replies":[{"embeddable":true,"href":"https:\/\/ovelanalista.com\/index.php?rest_route=%2Fwp%2Fv2%2Fcomments&post=92490"}],"version-history":[{"count":1,"href":"https:\/\/ovelanalista.com\/index.php?rest_route=\/wp\/v2\/posts\/92490\/revisions"}],"predecessor-version":[{"id":92496,"href":"https:\/\/ovelanalista.com\/index.php?rest_route=\/wp\/v2\/posts\/92490\/revisions\/92496"}],"wp:featuredmedia":[{"embeddable":true,"href":"https:\/\/ovelanalista.com\/index.php?rest_route=\/wp\/v2\/media\/92501"}],"wp:attachment":[{"href":"https:\/\/ovelanalista.com\/index.php?rest_route=%2Fwp%2Fv2%2Fmedia&parent=92490"}],"wp:term":[{"taxonomy":"category","embeddable":true,"href":"https:\/\/ovelanalista.com\/index.php?rest_route=%2Fwp%2Fv2%2Fcategories&post=92490"},{"taxonomy":"post_tag","embeddable":true,"href":"https:\/\/ovelanalista.com\/index.php?rest_route=%2Fwp%2Fv2%2Ftags&post=92490"}],"curies":[{"name":"wp","href":"https:\/\/api.w.org\/{rel}","templated":true}]}}