{"id":92491,"date":"2024-03-24T11:09:46","date_gmt":"2024-03-24T18:09:46","guid":{"rendered":"https:\/\/ovelanalista.com\/?p=92491"},"modified":"2024-03-24T11:13:58","modified_gmt":"2024-03-24T18:13:58","slug":"para-quien-y-para-que-fue-el-mensaje-del-violento-secuestro-de-familias-completas-el-viernes-pasado-en-culiacan","status":"publish","type":"post","link":"https:\/\/ovelanalista.com\/?p=92491","title":{"rendered":"Para quien y para qu\u00e9 fue el mensaje del violento secuestro de familias completas el viernes pasado en Culiac\u00e1n"},"content":{"rendered":"<p class=\"entry-title\"><strong>En el blanco por Fernando Zepeda H<\/strong><\/p>\n<p>*Para quien y para qu\u00e9 fue el mensaje del violento secuestro de familias completas el viernes pasado en Culiac\u00e1n<br \/>\n*Los criminales dejan en libertad a 42 de los 66 secuestrados oficialmente, ninguno fue rescatado por el gobierno<br \/>\n*Los errores del Gobernador en el momento de la crisis lo exhiben como falto de informaci\u00f3n precisa y de sensibilidad pues hasta responsabiliz\u00f3 a los medios<br \/>\n*Los culichis podr\u00edan abarrotar las playas de Mazatl\u00e1n esta Semana Santa ante los hechos violentos en la capital<br \/>\n*El incendio del basur\u00f3n provoc\u00f3 que Mazatl\u00e1n quedara atrapado en una nube contaminante que por fortuna se disip\u00f3 conforme pasaron las horas<br \/>\n*En corto Melesio Cuen asegura que a \u00e9l el Gobierno del Estado ya no puede amenazarlo m\u00e1s, est\u00e1 firme como candidato a diputado federal<br \/>\n*Asume \u201cPity\u201d Velarde la titularidad de Sectur en relevo de Estrella Palacios que ser\u00e1 interesante saber si pidi\u00f3 permiso o present\u00f3 su renuncia para convertirse en candidata a la alcald\u00eda de Mazatl\u00e1n<\/p>\n<p>Para quien y para qu\u00e9.\u00a0Lo sucedido el pasado viernes en Culiac\u00e1n tiene un \u201cdestinatario\u201d. Y tambi\u00e9n tiene un \u201cpara qu\u00e9\u201d. A 48 horas de los sucesos que estremecieron no solo a Sinaloa, sino a todo el pa\u00eds y atrajo la atenci\u00f3n nacional e internacional, el Gobierno no ha establecido el m\u00f3vil. Lo que si ha quedado en evidencia es la fuerza de los criminales. Su efectiva forma de operar sin que ninguna autoridad los haya detectado antes y despu\u00e9s del secuestro masivo de familias enteras. Y lo peor, a pesar de la presencia de 600 efectivos militares que llegaron de emergencia para sofocar la virulenta violencia jam\u00e1s vista en Sinaloa, ni ellos, ni las polic\u00edas estatales fueron quienes lograron rescatar a los secuestrados. Fueron los mismos delincuentes los que decidieron liberarlos\u2026Y no a todos, faltan oficialmente por lo menos 24 que a\u00fan no son liberados y tampoco rescatados.<\/p>\n<p><img loading=\"lazy\" decoding=\"async\" class=\"alignright size-large wp-image-176529 td-animation-stack-type0-2\" src=\"https:\/\/sinaloaenlinea.com\/wp-content\/uploads\/2024\/03\/434028846_914322410694733_6821295096827841653_n-1-1024x740.jpeg\" sizes=\"auto, (max-width: 696px) 100vw, 696px\" srcset=\"https:\/\/sinaloaenlinea.com\/wp-content\/uploads\/2024\/03\/434028846_914322410694733_6821295096827841653_n-1-1024x740.jpeg 1024w, https:\/\/sinaloaenlinea.com\/wp-content\/uploads\/2024\/03\/434028846_914322410694733_6821295096827841653_n-1-300x217.jpeg 300w, https:\/\/sinaloaenlinea.com\/wp-content\/uploads\/2024\/03\/434028846_914322410694733_6821295096827841653_n-1-768x555.jpeg 768w, https:\/\/sinaloaenlinea.com\/wp-content\/uploads\/2024\/03\/434028846_914322410694733_6821295096827841653_n-1-150x108.jpeg 150w, https:\/\/sinaloaenlinea.com\/wp-content\/uploads\/2024\/03\/434028846_914322410694733_6821295096827841653_n-1-696x503.jpeg 696w, https:\/\/sinaloaenlinea.com\/wp-content\/uploads\/2024\/03\/434028846_914322410694733_6821295096827841653_n-1-1068x772.jpeg 1068w, https:\/\/sinaloaenlinea.com\/wp-content\/uploads\/2024\/03\/434028846_914322410694733_6821295096827841653_n-1-581x420.jpeg 581w, https:\/\/sinaloaenlinea.com\/wp-content\/uploads\/2024\/03\/434028846_914322410694733_6821295096827841653_n-1-324x235.jpeg 324w, https:\/\/sinaloaenlinea.com\/wp-content\/uploads\/2024\/03\/434028846_914322410694733_6821295096827841653_n-1.jpeg 1079w\" alt=\"\" width=\"696\" height=\"503\" \/><\/p>\n<p>Todo esto debe de tener forzosamente un destinatario. \u00bfPara qui\u00e9n o qui\u00e9nes fue el mensaje?. Se menciona una posible incisi\u00f3n en el C\u00e1rtel de Sinaloa. Y tambi\u00e9n que el secuestro masivo tuvo su origen en la balacera registrada en Badiraguato entre sujetos que supuestamente iban contra Aureliano Guzm\u00e1n (a) El Guano, hermano de Joaqu\u00edn \u201cEl Chapo\u201d Guzm\u00e1n. Las dos especulaciones son para preocupar a todos, pues convertir\u00edan a Sinaloa en un verdadero campo de batalla. Y el \u201cpara qu\u00e9\u201d de esa acci\u00f3n criminal impresionante, es otra de las interrogantes. Porque en el argot criminal los mismos delincuentes estar\u00edan \u201ccalentando la plaza\u201d.<\/p>\n<p><img loading=\"lazy\" decoding=\"async\" class=\"alignright size-large wp-image-176463 td-animation-stack-type0-2\" src=\"https:\/\/sinaloaenlinea.com\/wp-content\/uploads\/2024\/03\/433622318_430062722870465_4575261998835787325_n-1024x461.jpeg\" sizes=\"auto, (max-width: 696px) 100vw, 696px\" srcset=\"https:\/\/sinaloaenlinea.com\/wp-content\/uploads\/2024\/03\/433622318_430062722870465_4575261998835787325_n-1024x461.jpeg 1024w, https:\/\/sinaloaenlinea.com\/wp-content\/uploads\/2024\/03\/433622318_430062722870465_4575261998835787325_n-300x135.jpeg 300w, https:\/\/sinaloaenlinea.com\/wp-content\/uploads\/2024\/03\/433622318_430062722870465_4575261998835787325_n-768x346.jpeg 768w, https:\/\/sinaloaenlinea.com\/wp-content\/uploads\/2024\/03\/433622318_430062722870465_4575261998835787325_n-150x68.jpeg 150w, https:\/\/sinaloaenlinea.com\/wp-content\/uploads\/2024\/03\/433622318_430062722870465_4575261998835787325_n-696x313.jpeg 696w, https:\/\/sinaloaenlinea.com\/wp-content\/uploads\/2024\/03\/433622318_430062722870465_4575261998835787325_n-1068x481.jpeg 1068w, https:\/\/sinaloaenlinea.com\/wp-content\/uploads\/2024\/03\/433622318_430062722870465_4575261998835787325_n-933x420.jpeg 933w, https:\/\/sinaloaenlinea.com\/wp-content\/uploads\/2024\/03\/433622318_430062722870465_4575261998835787325_n.jpeg 1422w\" alt=\"\" width=\"696\" height=\"313\" \/><\/p>\n<p>Llamar la atenci\u00f3n de esa forma, por m\u00e1s fuertes que sean y por m\u00e1s impunidad que gocen, tiene sus consecuencias. Decir que fue un mensaje para el Gobierno, es no ir al fondo del tema. Decir que los delincuentes estar\u00edan enviando un mensaje para sembrar el temor entre los ciudadanos con una intenci\u00f3n electoral, ser\u00eda una cuesti\u00f3n inconsistente y temeraria. Pero de que los hechos violentos del pasado viernes en Culiac\u00e1n llevan un \u201cdestinatario\u201d es claro. Y que han tenido un \u201cpara qu\u00e9\u201d, tambi\u00e9n lo es. El Gobierno a estas alturas ya deber\u00eda de tener sus l\u00edneas de investigaci\u00f3n y el posible m\u00f3vil. \u00bfLo har\u00e1n p\u00fablico\u201d. Esa es otra cuesti\u00f3n.<\/p>\n<p>Los hierros del Gobernador.\u00a0En plena crisis provocada por el secuestro masivo de familias enteras en la jornada negra del viernes pasado en Culiac\u00e1n, el Gobernador Rub\u00e9n Rocha Moya resbal\u00f3 en sus declaraciones. Primero dijo no estar confirmado los hechos. Y eso que ya hab\u00edan pasado por lo menos seis horas de los primeros reportes. Luego lanz\u00f3 las desafortunadas (por decir lo menos) declaraciones en el sentido de que \u201cson cosas que lamentablemente suceden\u201d. Y tercero, responsabiliz\u00f3 a los medios de comunicaci\u00f3n de buscar el amarillismo exagerando notas, cuando se hablaba de 15 personas \u201clevantadas\u201d y al final el propio Gobernador ayer tuvo que reconocer que fueron 66 las personas secuestradas y confirmar que 42 ya hab\u00edan sido liberadas por los criminales.<\/p>\n<p><img loading=\"lazy\" decoding=\"async\" class=\"alignright size-large wp-image-176053 td-animation-stack-type0-2\" src=\"https:\/\/sinaloaenlinea.com\/wp-content\/uploads\/2024\/03\/c52de16a-666b-451d-a073-fb9d64ad38b3-1024x683.jpeg\" sizes=\"auto, (max-width: 696px) 100vw, 696px\" srcset=\"https:\/\/sinaloaenlinea.com\/wp-content\/uploads\/2024\/03\/c52de16a-666b-451d-a073-fb9d64ad38b3-1024x683.jpeg 1024w, https:\/\/sinaloaenlinea.com\/wp-content\/uploads\/2024\/03\/c52de16a-666b-451d-a073-fb9d64ad38b3-300x200.jpeg 300w, https:\/\/sinaloaenlinea.com\/wp-content\/uploads\/2024\/03\/c52de16a-666b-451d-a073-fb9d64ad38b3-768x512.jpeg 768w, https:\/\/sinaloaenlinea.com\/wp-content\/uploads\/2024\/03\/c52de16a-666b-451d-a073-fb9d64ad38b3-150x100.jpeg 150w, https:\/\/sinaloaenlinea.com\/wp-content\/uploads\/2024\/03\/c52de16a-666b-451d-a073-fb9d64ad38b3-696x464.jpeg 696w, https:\/\/sinaloaenlinea.com\/wp-content\/uploads\/2024\/03\/c52de16a-666b-451d-a073-fb9d64ad38b3-1068x713.jpeg 1068w, https:\/\/sinaloaenlinea.com\/wp-content\/uploads\/2024\/03\/c52de16a-666b-451d-a073-fb9d64ad38b3-630x420.jpeg 630w, https:\/\/sinaloaenlinea.com\/wp-content\/uploads\/2024\/03\/c52de16a-666b-451d-a073-fb9d64ad38b3.jpeg 1280w\" alt=\"\" width=\"696\" height=\"464\" \/><\/p>\n<p>Faltan 24 que a\u00fan est\u00e1n en calidad de desaparecidos. Y dependiendo del \u201cporqu\u00e9\u201d se los llevaron podr\u00edan aparecer con vida. En momentos de crisis como la vivida el viernes en Culiac\u00e1n, es cuando un Gobernador debe de mantenerse ecu\u00e1nime y no hablar si no cuenta con la informaci\u00f3n precisa de los hechos.<\/p>\n<p>Los focos amarillos en Mazatl\u00e1n.\u00a0Indudablemente Mazatl\u00e1n se \u201ccuece\u201d aparte del resto del estado. Su vida normal contin\u00faa sin contratiempos y muy alejada a lo que sacude la capital del estado. Sin embargo, el Alcalde Edgar Gonz\u00e1lez tiene claro que ante los hechos violentos suscitados en Culiac\u00e1n y previo a la celebraci\u00f3n de Semana Santa, es muy probable que los culichis decidan venirse masivamente a Mazatl\u00e1n, en lugar de acudir a las playas de Altata.<\/p>\n<p><img loading=\"lazy\" decoding=\"async\" class=\"alignright size-large wp-image-176496 td-animation-stack-type0-2\" src=\"https:\/\/sinaloaenlinea.com\/wp-content\/uploads\/2024\/03\/Imagen-de-WhatsApp-2024-03-23-a-las-10.53.37_fbb3ef62-1024x682.jpg\" sizes=\"auto, (max-width: 696px) 100vw, 696px\" srcset=\"https:\/\/sinaloaenlinea.com\/wp-content\/uploads\/2024\/03\/Imagen-de-WhatsApp-2024-03-23-a-las-10.53.37_fbb3ef62-1024x682.jpg 1024w, https:\/\/sinaloaenlinea.com\/wp-content\/uploads\/2024\/03\/Imagen-de-WhatsApp-2024-03-23-a-las-10.53.37_fbb3ef62-300x200.jpg 300w, https:\/\/sinaloaenlinea.com\/wp-content\/uploads\/2024\/03\/Imagen-de-WhatsApp-2024-03-23-a-las-10.53.37_fbb3ef62-768x512.jpg 768w, https:\/\/sinaloaenlinea.com\/wp-content\/uploads\/2024\/03\/Imagen-de-WhatsApp-2024-03-23-a-las-10.53.37_fbb3ef62-150x100.jpg 150w, https:\/\/sinaloaenlinea.com\/wp-content\/uploads\/2024\/03\/Imagen-de-WhatsApp-2024-03-23-a-las-10.53.37_fbb3ef62-696x464.jpg 696w, https:\/\/sinaloaenlinea.com\/wp-content\/uploads\/2024\/03\/Imagen-de-WhatsApp-2024-03-23-a-las-10.53.37_fbb3ef62-1068x712.jpg 1068w, https:\/\/sinaloaenlinea.com\/wp-content\/uploads\/2024\/03\/Imagen-de-WhatsApp-2024-03-23-a-las-10.53.37_fbb3ef62-630x420.jpg 630w, https:\/\/sinaloaenlinea.com\/wp-content\/uploads\/2024\/03\/Imagen-de-WhatsApp-2024-03-23-a-las-10.53.37_fbb3ef62.jpg 1280w\" alt=\"\" width=\"696\" height=\"464\" \/><\/p>\n<p>Las medidas de seguridad ya han comenzado a reforzarse. Incluso se adelant\u00f3 los operativos de presencia en diversos puntos de Mazatl\u00e1n con elementos de la Guardia Nacional.<\/p>\n<p>Consecuencias del incendio.\u00a0Pr\u00e1cticamente todo Mazatl\u00e1n amaneci\u00f3 ayer en medio de una inmensa nube. No se trataba de un banco de neblina, de esos que en estas \u00e9pocas aparecen. Tampoco una inusual brisa marina. Se trat\u00f3 de una nube ocasionada por el gigantesco incendio que se registr\u00f3 en la zona del basur\u00f3n municipal. El incendio se prolong\u00f3 por muchas horas desde el viernes al medio d\u00eda hasta ayer s\u00e1bado cuando a\u00fan sal\u00edan fumarolas de humo.<\/p>\n<blockquote class=\"instagram-media\" data-instgrm-captioned data-instgrm-permalink=\"https:\/\/www.instagram.com\/p\/C41R-uEOZpL\/?utm_source=ig_embed&amp;utm_campaign=loading\" data-instgrm-version=\"14\" style=\" background:#FFF; border:0; border-radius:3px; box-shadow:0 0 1px 0 rgba(0,0,0,0.5),0 1px 10px 0 rgba(0,0,0,0.15); margin: 1px; max-width:658px; min-width:326px; padding:0; width:99.375%; width:-webkit-calc(100% - 2px); width:calc(100% - 2px);\">\n<div style=\"padding:16px;\"> <a href=\"https:\/\/www.instagram.com\/p\/C41R-uEOZpL\/?utm_source=ig_embed&amp;utm_campaign=loading\" style=\" background:#FFFFFF; line-height:0; padding:0 0; text-align:center; text-decoration:none; width:100%;\" target=\"_blank\"> <\/p>\n<div style=\" display: flex; flex-direction: row; align-items: center;\">\n<div style=\"background-color: #F4F4F4; border-radius: 50%; flex-grow: 0; height: 40px; margin-right: 14px; width: 40px;\"><\/div>\n<div style=\"display: flex; flex-direction: column; flex-grow: 1; justify-content: center;\">\n<div style=\" background-color: #F4F4F4; border-radius: 4px; flex-grow: 0; height: 14px; margin-bottom: 6px; width: 100px;\"><\/div>\n<div style=\" background-color: #F4F4F4; border-radius: 4px; flex-grow: 0; height: 14px; width: 60px;\"><\/div>\n<\/div>\n<\/div>\n<div style=\"padding: 19% 0;\"><\/div>\n<div style=\"display:block; height:50px; margin:0 auto 12px; width:50px;\"><svg width=\"50px\" height=\"50px\" viewBox=\"0 0 60 60\" version=\"1.1\" xmlns=\"https:\/\/www.w3.org\/2000\/svg\" xmlns:xlink=\"https:\/\/www.w3.org\/1999\/xlink\"><g stroke=\"none\" stroke-width=\"1\" fill=\"none\" fill-rule=\"evenodd\"><g transform=\"translate(-511.000000, -20.000000)\" fill=\"#000000\"><g><path d=\"M556.869,30.41 C554.814,30.41 553.148,32.076 553.148,34.131 C553.148,36.186 554.814,37.852 556.869,37.852 C558.924,37.852 560.59,36.186 560.59,34.131 C560.59,32.076 558.924,30.41 556.869,30.41 M541,60.657 C535.114,60.657 530.342,55.887 530.342,50 C530.342,44.114 535.114,39.342 541,39.342 C546.887,39.342 551.658,44.114 551.658,50 C551.658,55.887 546.887,60.657 541,60.657 M541,33.886 C532.1,33.886 524.886,41.1 524.886,50 C524.886,58.899 532.1,66.113 541,66.113 C549.9,66.113 557.115,58.899 557.115,50 C557.115,41.1 549.9,33.886 541,33.886 M565.378,62.101 C565.244,65.022 564.756,66.606 564.346,67.663 C563.803,69.06 563.154,70.057 562.106,71.106 C561.058,72.155 560.06,72.803 558.662,73.347 C557.607,73.757 556.021,74.244 553.102,74.378 C549.944,74.521 548.997,74.552 541,74.552 C533.003,74.552 532.056,74.521 528.898,74.378 C525.979,74.244 524.393,73.757 523.338,73.347 C521.94,72.803 520.942,72.155 519.894,71.106 C518.846,70.057 518.197,69.06 517.654,67.663 C517.244,66.606 516.755,65.022 516.623,62.101 C516.479,58.943 516.448,57.996 516.448,50 C516.448,42.003 516.479,41.056 516.623,37.899 C516.755,34.978 517.244,33.391 517.654,32.338 C518.197,30.938 518.846,29.942 519.894,28.894 C520.942,27.846 521.94,27.196 523.338,26.654 C524.393,26.244 525.979,25.756 528.898,25.623 C532.057,25.479 533.004,25.448 541,25.448 C548.997,25.448 549.943,25.479 553.102,25.623 C556.021,25.756 557.607,26.244 558.662,26.654 C560.06,27.196 561.058,27.846 562.106,28.894 C563.154,29.942 563.803,30.938 564.346,32.338 C564.756,33.391 565.244,34.978 565.378,37.899 C565.522,41.056 565.552,42.003 565.552,50 C565.552,57.996 565.522,58.943 565.378,62.101 M570.82,37.631 C570.674,34.438 570.167,32.258 569.425,30.349 C568.659,28.377 567.633,26.702 565.965,25.035 C564.297,23.368 562.623,22.342 560.652,21.575 C558.743,20.834 556.562,20.326 553.369,20.18 C550.169,20.033 549.148,20 541,20 C532.853,20 531.831,20.033 528.631,20.18 C525.438,20.326 523.257,20.834 521.349,21.575 C519.376,22.342 517.703,23.368 516.035,25.035 C514.368,26.702 513.342,28.377 512.574,30.349 C511.834,32.258 511.326,34.438 511.181,37.631 C511.035,40.831 511,41.851 511,50 C511,58.147 511.035,59.17 511.181,62.369 C511.326,65.562 511.834,67.743 512.574,69.651 C513.342,71.625 514.368,73.296 516.035,74.965 C517.703,76.634 519.376,77.658 521.349,78.425 C523.257,79.167 525.438,79.673 528.631,79.82 C531.831,79.965 532.853,80.001 541,80.001 C549.148,80.001 550.169,79.965 553.369,79.82 C556.562,79.673 558.743,79.167 560.652,78.425 C562.623,77.658 564.297,76.634 565.965,74.965 C567.633,73.296 568.659,71.625 569.425,69.651 C570.167,67.743 570.674,65.562 570.82,62.369 C570.966,59.17 571,58.147 571,50 C571,41.851 570.966,40.831 570.82,37.631\"><\/path><\/g><\/g><\/g><\/svg><\/div>\n<div style=\"padding-top: 8px;\">\n<div style=\" color:#3897f0; font-family:Arial,sans-serif; font-size:14px; font-style:normal; font-weight:550; line-height:18px;\">View this post on Instagram<\/div>\n<\/div>\n<div style=\"padding: 12.5% 0;\"><\/div>\n<div style=\"display: flex; flex-direction: row; margin-bottom: 14px; align-items: center;\">\n<div>\n<div style=\"background-color: #F4F4F4; border-radius: 50%; height: 12.5px; width: 12.5px; transform: translateX(0px) translateY(7px);\"><\/div>\n<div style=\"background-color: #F4F4F4; height: 12.5px; transform: rotate(-45deg) translateX(3px) translateY(1px); width: 12.5px; flex-grow: 0; margin-right: 14px; margin-left: 2px;\"><\/div>\n<div style=\"background-color: #F4F4F4; border-radius: 50%; height: 12.5px; width: 12.5px; transform: translateX(9px) translateY(-18px);\"><\/div>\n<\/div>\n<div style=\"margin-left: 8px;\">\n<div style=\" background-color: #F4F4F4; border-radius: 50%; flex-grow: 0; height: 20px; width: 20px;\"><\/div>\n<div style=\" width: 0; height: 0; border-top: 2px solid transparent; border-left: 6px solid #f4f4f4; border-bottom: 2px solid transparent; transform: translateX(16px) translateY(-4px) rotate(30deg)\"><\/div>\n<\/div>\n<div style=\"margin-left: auto;\">\n<div style=\" width: 0px; border-top: 8px solid #F4F4F4; border-right: 8px solid transparent; transform: translateY(16px);\"><\/div>\n<div style=\" background-color: #F4F4F4; flex-grow: 0; height: 12px; width: 16px; transform: translateY(-4px);\"><\/div>\n<div style=\" width: 0; height: 0; border-top: 8px solid #F4F4F4; border-left: 8px solid transparent; transform: translateY(-4px) translateX(8px);\"><\/div>\n<\/div>\n<\/div>\n<div style=\"display: flex; flex-direction: column; flex-grow: 1; justify-content: center; margin-bottom: 24px;\">\n<div style=\" background-color: #F4F4F4; border-radius: 4px; flex-grow: 0; height: 14px; margin-bottom: 6px; width: 224px;\"><\/div>\n<div style=\" background-color: #F4F4F4; border-radius: 4px; flex-grow: 0; height: 14px; width: 144px;\"><\/div>\n<\/div>\n<p><\/a><\/p>\n<p style=\" color:#c9c8cd; font-family:Arial,sans-serif; font-size:14px; line-height:17px; margin-bottom:0; margin-top:8px; overflow:hidden; padding:8px 0 7px; text-align:center; text-overflow:ellipsis; white-space:nowrap;\"><a href=\"https:\/\/www.instagram.com\/p\/C41R-uEOZpL\/?utm_source=ig_embed&amp;utm_campaign=loading\" style=\" color:#c9c8cd; font-family:Arial,sans-serif; font-size:14px; font-style:normal; font-weight:normal; line-height:17px; text-decoration:none;\" target=\"_blank\">A post shared by Sinaloa en L\u00ednea (@sinaloa_en_linea)<\/a><\/p>\n<\/div>\n<\/blockquote>\n<p><script async src=\"\/\/platform.instagram.com\/en_US\/embeds.js\"><\/script><\/p>\n<p>De acuerdo con el Alcalde Edgar Gonz\u00e1lez el incendio fue controlado por los diversos cuerpos de auxilio. Pero el humo continu\u00f3. Por la ma\u00f1ana de ayer Gonz\u00e1lez le confirm\u00f3 a este reportero que se hab\u00eda solicitado la opini\u00f3n de expertos para que midieran la calidad del aire en Mazatl\u00e1n y en caso necesario emitir una alerta si eso significaba un riesgo para la salud. El problema se recrudeci\u00f3 cuando ayer los vientos que se hab\u00edan presentado en los \u00faltimos d\u00edas, no aparecieron. Sin embargo, poco a poco el cielo se fue aclarando, la nube disipando y el olor desagradable desapareci\u00f3.<\/p>\n<p>No pueden amenazarme m\u00e1s.\u00a0El candidato a diputado federal y fundador del Partido Sinaloense Melesio Cuen le dedic\u00f3 dos d\u00edas seguidos a Mazatl\u00e1n en su gira de proselitismo con miras a la elecci\u00f3n del 2 de junio. El viernes encabez\u00f3 un encuentro con j\u00f3venes y ayer con representantes del sector salud. En corto habl\u00f3 sobre lo que est\u00e1 viendo en su corrido por todo el estado. Con la renuncia de dos aspirantes a candidatos por \u201cpresiones y amenazas\u201d que recibieron, la pregunta obligada a Cuen fue si \u00e9l ha recibido esas presiones para dejar la candidatura.<\/p>\n<p><img loading=\"lazy\" decoding=\"async\" class=\"alignright size-large wp-image-176479 td-animation-stack-type0-2\" src=\"https:\/\/sinaloaenlinea.com\/wp-content\/uploads\/2024\/03\/Imagen-de-WhatsApp-2024-03-23-a-las-09.02.23_3431cf38-1024x576.jpg\" sizes=\"auto, (max-width: 696px) 100vw, 696px\" srcset=\"https:\/\/sinaloaenlinea.com\/wp-content\/uploads\/2024\/03\/Imagen-de-WhatsApp-2024-03-23-a-las-09.02.23_3431cf38-1024x576.jpg 1024w, https:\/\/sinaloaenlinea.com\/wp-content\/uploads\/2024\/03\/Imagen-de-WhatsApp-2024-03-23-a-las-09.02.23_3431cf38-300x169.jpg 300w, https:\/\/sinaloaenlinea.com\/wp-content\/uploads\/2024\/03\/Imagen-de-WhatsApp-2024-03-23-a-las-09.02.23_3431cf38-768x432.jpg 768w, https:\/\/sinaloaenlinea.com\/wp-content\/uploads\/2024\/03\/Imagen-de-WhatsApp-2024-03-23-a-las-09.02.23_3431cf38-150x84.jpg 150w, https:\/\/sinaloaenlinea.com\/wp-content\/uploads\/2024\/03\/Imagen-de-WhatsApp-2024-03-23-a-las-09.02.23_3431cf38-696x392.jpg 696w, https:\/\/sinaloaenlinea.com\/wp-content\/uploads\/2024\/03\/Imagen-de-WhatsApp-2024-03-23-a-las-09.02.23_3431cf38-1068x601.jpg 1068w, https:\/\/sinaloaenlinea.com\/wp-content\/uploads\/2024\/03\/Imagen-de-WhatsApp-2024-03-23-a-las-09.02.23_3431cf38-747x420.jpg 747w, https:\/\/sinaloaenlinea.com\/wp-content\/uploads\/2024\/03\/Imagen-de-WhatsApp-2024-03-23-a-las-09.02.23_3431cf38.jpg 1280w\" alt=\"\" width=\"696\" height=\"392\" \/><\/p>\n<p>El fundador del PAS nos dijo que ya lo han acusado de todo. Que le han buscado de todas formas como da\u00f1arlo. Y nada han probado. De las denuncias que presentaron en su contra, ya poco se habla. Pero hay una denuncia en contra del Gobierno del Estado por hechos de corrupci\u00f3n documentados que se encuentra en la Auditor\u00eda Federal. \u201cPorque en Sinaloa la justicia est\u00e1 en manos del Gobernador\u201d, apunt\u00f3. Cuen trae careada personal con el Gobernador. Pero adem\u00e1s est\u00e1 convencido que las autoridades judiciales en Sinaloa y la \u201cFiscal carnal\u201d est\u00e1n actuando por consigna. El fundador del PAS est\u00e1 metido con todo para sacar adelante la elecci\u00f3n del 2 de junio. Y se le ve optimista.<\/p>\n<p>\u00bfRenuncia o permiso?.\u00a0Ser\u00e1 interesante conocer si Estrella Palacios present\u00f3 un \u201cpermiso\u201d o renunci\u00f3 al cargo de Secretaria de Turismo en Sinaloa para asumir la candidatura a la alcald\u00eda de Mazatl\u00e1n. El relevo le cay\u00f3 a Ricardo Velarde que fue nombrado \u201cencargado del despacho\u201d y no como nuevo titular de la Sectur. Velarde se desempe\u00f1aba como Subsecretario de Promoci\u00f3n y Operaci\u00f3n Tur\u00edstica de la Sectur. Y era uno de los aspirantes a la candidatura por la alcald\u00eda de Mazatl\u00e1n.<\/p>\n<p><img loading=\"lazy\" decoding=\"async\" class=\"alignright size-large wp-image-176526 td-animation-stack-type0-2\" src=\"https:\/\/sinaloaenlinea.com\/wp-content\/uploads\/2024\/03\/IMG-20240323-WA0109-1024x576.jpg\" sizes=\"auto, (max-width: 696px) 100vw, 696px\" srcset=\"https:\/\/sinaloaenlinea.com\/wp-content\/uploads\/2024\/03\/IMG-20240323-WA0109-1024x576.jpg 1024w, https:\/\/sinaloaenlinea.com\/wp-content\/uploads\/2024\/03\/IMG-20240323-WA0109-300x169.jpg 300w, https:\/\/sinaloaenlinea.com\/wp-content\/uploads\/2024\/03\/IMG-20240323-WA0109-768x432.jpg 768w, https:\/\/sinaloaenlinea.com\/wp-content\/uploads\/2024\/03\/IMG-20240323-WA0109-1536x864.jpg 1536w, https:\/\/sinaloaenlinea.com\/wp-content\/uploads\/2024\/03\/IMG-20240323-WA0109-150x84.jpg 150w, https:\/\/sinaloaenlinea.com\/wp-content\/uploads\/2024\/03\/IMG-20240323-WA0109-696x392.jpg 696w, https:\/\/sinaloaenlinea.com\/wp-content\/uploads\/2024\/03\/IMG-20240323-WA0109-1068x601.jpg 1068w, https:\/\/sinaloaenlinea.com\/wp-content\/uploads\/2024\/03\/IMG-20240323-WA0109-747x420.jpg 747w, https:\/\/sinaloaenlinea.com\/wp-content\/uploads\/2024\/03\/IMG-20240323-WA0109.jpg 1600w\" alt=\"\" width=\"696\" height=\"392\" \/><\/p>\n<p>El premio podr\u00eda consider\u00e1rsele como de \u201cconsolaci\u00f3n\u201d pero a medias, pues es solo \u201cencargado del despacho\u201d. Otro de los Subsecretarios de turismo, Alejandro Higuera que hab\u00eda sido aspirante a la candidatura por la alcald\u00eda, se qued\u00f3 con su supuesto de que a la salida de Estrella Palacios ser\u00eda otra mujer la que la suplir\u00eda, \u201cpara mantener la equidad de g\u00e9nero\u201d en el gabinete\u201d. Pues le fall\u00f3 nuevamente.<\/p>\n","protected":false},"excerpt":{"rendered":"<p>En el blanco por Fernando Zepeda H *Para quien y para qu\u00e9 fue el mensaje del violento secuestro de familias completas el viernes pasado en Culiac\u00e1n *Los criminales dejan en libertad a 42 de los 66 secuestrados oficialmente, ninguno fue rescatado por el gobierno *Los errores del Gobernador en el momento de la crisis lo exhiben como falto de informaci\u00f3n precisa y de sensibilidad pues hasta responsabiliz\u00f3 a los medios *Los culichis podr\u00edan abarrotar las playas de Mazatl\u00e1n esta Semana Santa ante los hechos violentos en la capital *El incendio del basur\u00f3n provoc\u00f3 que Mazatl\u00e1n quedara atrapado en una nube [&hellip;]<\/p>\n","protected":false},"author":3,"featured_media":92500,"comment_status":"open","ping_status":"open","sticky":false,"template":"","format":"standard","meta":{"_jetpack_newsletter_access":"","_jetpack_dont_email_post_to_subs":false,"_jetpack_newsletter_tier_id":0,"_jetpack_memberships_contains_paywalled_content":false,"_jetpack_feature_clip_id":0,"_jetpack_memberships_contains_paid_content":false,"footnotes":"","jetpack_publicize_message":"","jetpack_publicize_feature_enabled":true,"jetpack_social_post_already_shared":true,"jetpack_social_options":{"image_generator_settings":{"template":"highway","default_image_id":0,"font":"","enabled":false},"version":2},"jetpack_post_was_ever_published":false},"categories":[79],"tags":[],"class_list":["post-92491","post","type-post","status-publish","format-standard","has-post-thumbnail","hentry","category-columnistas-nacionales","post--single"],"jetpack_publicize_connections":[],"jetpack_featured_media_url":"https:\/\/ovelanalista.com\/wp-content\/uploads\/2024\/03\/Fernando-Zepeda-Hurtado-300x150-1.png","jetpack_sharing_enabled":true,"_links":{"self":[{"href":"https:\/\/ovelanalista.com\/index.php?rest_route=\/wp\/v2\/posts\/92491","targetHints":{"allow":["GET"]}}],"collection":[{"href":"https:\/\/ovelanalista.com\/index.php?rest_route=\/wp\/v2\/posts"}],"about":[{"href":"https:\/\/ovelanalista.com\/index.php?rest_route=\/wp\/v2\/types\/post"}],"author":[{"embeddable":true,"href":"https:\/\/ovelanalista.com\/index.php?rest_route=\/wp\/v2\/users\/3"}],"replies":[{"embeddable":true,"href":"https:\/\/ovelanalista.com\/index.php?rest_route=%2Fwp%2Fv2%2Fcomments&post=92491"}],"version-history":[{"count":1,"href":"https:\/\/ovelanalista.com\/index.php?rest_route=\/wp\/v2\/posts\/92491\/revisions"}],"predecessor-version":[{"id":92497,"href":"https:\/\/ovelanalista.com\/index.php?rest_route=\/wp\/v2\/posts\/92491\/revisions\/92497"}],"wp:featuredmedia":[{"embeddable":true,"href":"https:\/\/ovelanalista.com\/index.php?rest_route=\/wp\/v2\/media\/92500"}],"wp:attachment":[{"href":"https:\/\/ovelanalista.com\/index.php?rest_route=%2Fwp%2Fv2%2Fmedia&parent=92491"}],"wp:term":[{"taxonomy":"category","embeddable":true,"href":"https:\/\/ovelanalista.com\/index.php?rest_route=%2Fwp%2Fv2%2Fcategories&post=92491"},{"taxonomy":"post_tag","embeddable":true,"href":"https:\/\/ovelanalista.com\/index.php?rest_route=%2Fwp%2Fv2%2Ftags&post=92491"}],"curies":[{"name":"wp","href":"https:\/\/api.w.org\/{rel}","templated":true}]}}