{"id":95170,"date":"2024-03-23T17:13:58","date_gmt":"2024-03-24T00:13:58","guid":{"rendered":"https:\/\/ovelanalista.com\/?p=95170"},"modified":"2024-05-10T17:16:00","modified_gmt":"2024-05-10T23:16:00","slug":"la-uas-gana-amparo-para-que-se-respete-la-autonomia-universitaria-obliga-al-gobierno-del-estado-y-al-congreso-a-respetarla","status":"publish","type":"post","link":"https:\/\/ovelanalista.com\/?p=95170","title":{"rendered":"La UAS gana amparo para que se respete la autonom\u00eda universitaria; obliga al Gobierno del Estado y al Congreso a respetarla"},"content":{"rendered":"<p>El Juez Primero de Distrito declar\u00f3 inconstitucional la Ley de Educaci\u00f3n Superior del Estado de Sinaloa en los art\u00edculos impugnados por la Universidad Aut\u00f3noma de Sinaloa (UAS) ya que resolvi\u00f3 que viola la Autonom\u00eda universitaria, lo que representa un gran logro para la comunidad rosalina a 10 meses de haber iniciado este proceso legal.<\/p>\n<p>En Sesi\u00f3n Extraordinaria del H. Consejo Universitario realizada en modo virtual, el Abogado defensor y consejero doctor Ramon Bonilla Rojas, detall\u00f3 la resoluci\u00f3n del Juez federal sobre el amparo 262\/2023 que como instituci\u00f3n la UAS interpuso cuando se public\u00f3 la Ley antes citada.<\/p>\n<p>En dicho fallo se establece que: \u201cla protecci\u00f3n de la Justicia de la Uni\u00f3n es para los efectos de que el Gobernador Constitucional, Congreso, y Secretar\u00eda de Educaci\u00f3n P\u00fablica y Cultura, todos del Estado de Sinaloa, no apliquen en el presente ni con posterioridad a la Universidad Aut\u00f3noma de Sinaloa, los art\u00edculos 3, p\u00e1rrafos tercero y cuarto, 19, 51, fracci\u00f3n VIII, 59 y 69 fracciones IX y X, de la Ley de Educaci\u00f3n Superior del Estado de Sinaloa, publicada mediante Decreto 407, el veintiocho de febrero de dos mil veintitr\u00e9s, en el Peri\u00f3dico Oficial &#8220;El Estado de Sinaloa&#8221;\u201d.<\/p>\n<p>El Juez remata el documento estableciendo que \u201ccomo se analiz\u00f3, transgreden la autonom\u00eda universitaria\u201d.<\/p>\n<p>Tanto el Encargado del Despacho de Rector\u00eda, doctor Robespierre Liz\u00e1rraga Otero como el Rector Titular, separado temporalmente del cargo, doctor Jes\u00fas Madue\u00f1a Molina, coincidieron en que esta resoluci\u00f3n representa un momento hist\u00f3rico y confirma lo que siempre dijeron los universitarios de que se estaba violando flagrantemente la Autonom\u00eda Universitaria, por lo que se informar\u00e1 de este logro a las autoridades de la SEP y a todos los organismos e instituciones que se hermanaron con la UAS en esta lucha.<\/p>\n<p>La UAS a trav\u00e9s de un equipo de abogados mandatados por el H. Consejo Universitario impugn\u00f3 cuatro art\u00edculos de la Ley Estatal de Educaci\u00f3n Superior: el art\u00edculo 3ro en sus p\u00e1rrafos tercero y cuarto, el primero establec\u00eda que la consulta para reformar la Ley Org\u00e1nica de la Universidad deb\u00eda ser por el Congreso del Estado y el segundo que el Congreso Estatal pod\u00eda llamar a rendir cuentas al Rector y el Juez Federal declar\u00f3 inconstitucional esos p\u00e1rrafos, por ser violatorios del autogobierno.<\/p>\n<p>El art\u00edculo 19 tambi\u00e9n fue impugnado y declarado inconstitucional porque le quita facultades a la Universidad en cuanto a revalidaci\u00f3n de estudios y es violatorio al principio de autonormaci\u00f3n; el art\u00edculo 51 fracci\u00f3n VIII dice que los recursos que se le van a ministrar a las universidades p\u00fablicas aut\u00f3noma ser\u00e1n por conducto de la SEPyC cuando la UAS no es una dependencia de la SEPyC; el art\u00edculo 59 somete a valoraci\u00f3n y supedita los programas de estudio a la SEPyC lo que viola la libertad de c\u00e1tedra, y el art\u00edculo 69 en sus fracciones IX y X establece que los ingresos propios deben tener el visto bueno de la SEPyC para ser autogenerados y el Juez Federal tambi\u00e9n lo declar\u00f3 inconstitucional porque invade la Autonom\u00eda Universitaria en su vertiente de libre administraci\u00f3n del patrimonio.<\/p>\n<p>Bonilla Rojas se\u00f1al\u00f3 que \u201choy un juez federal le da la raz\u00f3n jur\u00eddica a la Universidad\u201d en esta lucha que le est\u00e1 costando un proceso penal al Rector y otros funcionarios, que esta sentencia le servir\u00e1 a otras universidades para defenderse de ataques gubernamentales y consider\u00f3 que los diputados locales incluido Feliciano Castro Mel\u00e9ndrez le deben una disculpa al doctor Madue\u00f1a Molina, al Encargado de Rector\u00eda, a los consejeros universitarios.<\/p>\n<p>\u201cHoy la Universidad y la gesti\u00f3n heroica del doctor Madue\u00f1a Molina est\u00e1 demostrando que hist\u00f3ricamente tenemos la raz\u00f3n, porque ante expertos en materia jur\u00eddica se demostr\u00f3 los que tenemos la raz\u00f3n somos nosotros, y que este amparo que hoy se est\u00e1 ganando es el motivo principal de la persecuci\u00f3n pol\u00edtica contra funcionarios universitarios, el doctor Madue\u00f1a Molina y el Encargado del Despacho de Rector\u00eda\u201d, dijo.<\/p>\n<p>Madue\u00f1a Molina agradeci\u00f3 y reconoci\u00f3 el apoyo de todos los consejeros universitarios y de la comunidad rosalina en general por su firmeza y determinaci\u00f3n sin dar un paso atr\u00e1s en la defensa de la Autonom\u00eda y al cuerpo de abogados que permiti\u00f3 que un Juez Federal le diga al Congreso y al Gobierno del Estado que la UAS tiene la raz\u00f3n.<\/p>\n<p>\u201cHoy debe ser un d\u00eda hist\u00f3rico (\u2026) a diez meses hoy la UAS demuestra con la Ley en la mano que tenemos la raz\u00f3n jur\u00eddica, el juez federal dice claramente que la Autonom\u00eda Universitaria en esa Ley est\u00e1 viol\u00e1ndose flagrantemente (\u2026) esto es un triunfo de la lucha de todos, no es un triunfo de una persona, es un triunfo de la Universidad Aut\u00f3noma de Sinaloa que tiene dignidad, que se planta con dignidad y que no nos van a poner de rodillas nunca, porque tenemos la raz\u00f3n y el derecho de nuestro lado, enhorabuena y felicidades\u201d, expres\u00f3.<\/p>\n<p>El responsable del Comit\u00e9 para la Defensa de la Autonom\u00eda, maestro Jos\u00e9 Carlos Aceves Tamayo, opin\u00f3 que este resolutivo es motivo de orgullo y una motivaci\u00f3n en la lucha de los universitarios y deja en evidencia cuatro aspectos: la eminente violaci\u00f3n a la Autonom\u00eda; que la instituci\u00f3n es transparente y rinde cuentas a la autoridad competente; queda documentado que hay persecuci\u00f3n pol\u00edtica y que la raz\u00f3n y protecci\u00f3n de la Justicia Federal le corresponde a los universitarios, y advirti\u00f3 que se puede multiplicar el odio y obsesi\u00f3n en contra la Universidad por lo que exhort\u00f3 a seguir unidos y cohesionaros para continuar con la defensa de la Autonom\u00eda.<\/p>\n<p>Tambi\u00e9n el Encargado del Despacho de Rector\u00eda, Robespierre Liz\u00e1rraga Otero, agreg\u00f3 que la lucha sigue porque contin\u00faan abiertos procesos legales contra universitarios, pero esta resoluci\u00f3n es un aliciente, de ah\u00ed que no cesar\u00e1n en la defensa de la Autonom\u00eda y reiter\u00f3 que como desde un principio \u201cla mano est\u00e1 extendida\u201d para entablar un di\u00e1logo.<\/p>\n","protected":false},"excerpt":{"rendered":"<p>El Juez Primero de Distrito declar\u00f3 inconstitucional la Ley de Educaci\u00f3n Superior del Estado de Sinaloa en los art\u00edculos impugnados por la Universidad Aut\u00f3noma de Sinaloa (UAS) ya que resolvi\u00f3 que viola la Autonom\u00eda universitaria, lo que representa un gran logro para la comunidad rosalina a 10 meses de haber iniciado este proceso legal. En Sesi\u00f3n Extraordinaria del H. Consejo Universitario realizada en modo virtual, el Abogado defensor y consejero doctor Ramon Bonilla Rojas, detall\u00f3 la resoluci\u00f3n del Juez federal sobre el amparo 262\/2023 que como instituci\u00f3n la UAS interpuso cuando se public\u00f3 la Ley antes citada. En dicho fallo [&hellip;]<\/p>\n","protected":false},"author":3,"featured_media":95171,"comment_status":"open","ping_status":"open","sticky":false,"template":"","format":"standard","meta":{"_jetpack_newsletter_access":"","_jetpack_dont_email_post_to_subs":false,"_jetpack_newsletter_tier_id":0,"_jetpack_memberships_contains_paywalled_content":false,"_jetpack_feature_clip_id":0,"_jetpack_memberships_contains_paid_content":false,"footnotes":"","jetpack_publicize_message":"","jetpack_publicize_feature_enabled":true,"jetpack_social_post_already_shared":true,"jetpack_social_options":{"image_generator_settings":{"template":"highway","default_image_id":0,"font":"","enabled":false},"version":2},"jetpack_post_was_ever_published":false},"categories":[90,72],"tags":[],"class_list":["post-95170","post","type-post","status-publish","format-standard","has-post-thumbnail","hentry","category-estatal","category-portada","post--single"],"jetpack_publicize_connections":[],"jetpack_featured_media_url":"https:\/\/ovelanalista.com\/wp-content\/uploads\/2024\/05\/grande_591111001711233244.jpeg","jetpack_sharing_enabled":true,"_links":{"self":[{"href":"https:\/\/ovelanalista.com\/index.php?rest_route=\/wp\/v2\/posts\/95170","targetHints":{"allow":["GET"]}}],"collection":[{"href":"https:\/\/ovelanalista.com\/index.php?rest_route=\/wp\/v2\/posts"}],"about":[{"href":"https:\/\/ovelanalista.com\/index.php?rest_route=\/wp\/v2\/types\/post"}],"author":[{"embeddable":true,"href":"https:\/\/ovelanalista.com\/index.php?rest_route=\/wp\/v2\/users\/3"}],"replies":[{"embeddable":true,"href":"https:\/\/ovelanalista.com\/index.php?rest_route=%2Fwp%2Fv2%2Fcomments&post=95170"}],"version-history":[{"count":1,"href":"https:\/\/ovelanalista.com\/index.php?rest_route=\/wp\/v2\/posts\/95170\/revisions"}],"predecessor-version":[{"id":95172,"href":"https:\/\/ovelanalista.com\/index.php?rest_route=\/wp\/v2\/posts\/95170\/revisions\/95172"}],"wp:featuredmedia":[{"embeddable":true,"href":"https:\/\/ovelanalista.com\/index.php?rest_route=\/wp\/v2\/media\/95171"}],"wp:attachment":[{"href":"https:\/\/ovelanalista.com\/index.php?rest_route=%2Fwp%2Fv2%2Fmedia&parent=95170"}],"wp:term":[{"taxonomy":"category","embeddable":true,"href":"https:\/\/ovelanalista.com\/index.php?rest_route=%2Fwp%2Fv2%2Fcategories&post=95170"},{"taxonomy":"post_tag","embeddable":true,"href":"https:\/\/ovelanalista.com\/index.php?rest_route=%2Fwp%2Fv2%2Ftags&post=95170"}],"curies":[{"name":"wp","href":"https:\/\/api.w.org\/{rel}","templated":true}]}}