{"id":96885,"date":"2024-06-10T14:55:39","date_gmt":"2024-06-10T20:55:39","guid":{"rendered":"https:\/\/ovelanalista.com\/?p=96885"},"modified":"2024-06-10T14:55:39","modified_gmt":"2024-06-10T20:55:39","slug":"inai-y-mas-de-20-organismos-estatales-de-transparencia-solicitan-audiencia-con-sheinbaum-para-abrir-dialogo-amplio","status":"publish","type":"post","link":"https:\/\/ovelanalista.com\/?p=96885","title":{"rendered":"INAI y m\u00e1s de 20 organismos estatales de transparencia solicitan audiencia con Sheinbaum para abrir \u201cdi\u00e1logo amplio\u201d"},"content":{"rendered":"<div class=\"text-[19px] font-Lora-Regular mb-[30px]\">Esta petici\u00f3n de di\u00e1logo ocurre tras los resultados obtenidos en las elecciones que abrieron la puerta a que el llamado \u201cplan C\u201d de AMLO se pueda ejecutar y puedan desaparecer algunos organismos aut\u00f3nomos como el INAI.<\/div>\n<div class=\"flex justify-between text-[15px] font-Inter-Regular mb-[30px]\"><\/div>\n<div>\n<div class=\"post-details\">\n<p>El Instituto Nacional de Transparencia y Acceso a la Informaci\u00f3n\u00a0<a href=\"https:\/\/animalpolitico.com\/politica\/suprema-corte-declara-desacato-senado-inai\" target=\"_blank\" rel=\"noopener\"><strong>(INAI)<\/strong><\/a>\u00a0y m\u00e1s de 20\u00a0<strong>organismos estatales de transparencia<\/strong>\u00a0solicitaron una\u00a0<strong>audiencia con\u00a0<a href=\"https:\/\/animalpolitico.com\/elecciones-2024\/presidencia\/ine-confirma-triunfo-sheinbaum-computos-distritales\" target=\"_blank\" rel=\"noopener\">Claudia Sheinbaum,<\/a><\/strong>\u00a0virtual presidenta electa, para entablar un di\u00e1logo honesto y productivo en beneficio de M\u00e9xico.<\/p>\n<\/div>\n<div class=\"post-details\">\n<p>En una<a href=\"https:\/\/home.inai.org.mx\/wp-content\/documentos\/SalaDePrensa\/Comunicados\/Comunicado%20INAI-148-24.pdf\" target=\"_blank\" rel=\"noopener\">\u00a0carta<\/a>\u00a0que hicieron p\u00fablica, los organismos destacaron la necesidad de conversar sobre los avances y retos de la transparencia, el acceso a la informaci\u00f3n y la protecci\u00f3n de datos personales.<\/p>\n<div class=\"post-details\">\n<p>Esta petici\u00f3n de di\u00e1logo ocurre tras los resultados obtenidos en las elecciones que abrieron la puerta a que el llamado\u00a0<strong>\u201cplan C\u201d<\/strong>\u00a0del presidente Andr\u00e9s Manuel L\u00f3pez Obrador \u2212el cual consist\u00eda en esperar a obtener mayor\u00eda calificada en el Congreso\u2013 se pueda ejecutar cuando inicie la nueva legislatura, el pr\u00f3ximo 1 de septiembre.<\/p>\n<\/div>\n<div class=\"post-details\">\n<p>El llamado \u201cplan C\u201d es un paquete de reformas que incluye la\u00a0<strong>desaparici\u00f3n de algunos organismos aut\u00f3nomos como el INAI,<\/strong>\u00a0la elecci\u00f3n por voto popular de ministros de la Corte, jueces y magistrados, entre otras cosas.<\/p>\n<\/div>\n<div>\n<div class=\"post-details\">\n<figure id=\"attachment_1411906\" class=\"wp-caption alignnone\" aria-describedby=\"caption-attachment-1411906\">\n<div id=\"standard_4\" class=\"st-placement standard_4 inImage\">\n<div class=\"st-adunit st-adunit-tagged st-reset st-show\"><\/div>\n<\/div>\n<p><img loading=\"lazy\" decoding=\"async\" class=\"size-full wp-image-1411906\" src=\"https:\/\/ap-cdn.sfo3.cdn.digitaloceanspaces.com\/uploads\/2024\/06\/inai-sheinbaum-1.jpg\" sizes=\"auto, (max-width: 1200px) 100vw, 1200px\" srcset=\"https:\/\/ap-cdn.sfo3.cdn.digitaloceanspaces.com\/uploads\/2024\/06\/inai-sheinbaum-1.jpg 1200w, https:\/\/ap-cdn.sfo3.cdn.digitaloceanspaces.com\/uploads\/2024\/06\/inai-sheinbaum-1-600x400.jpg 600w, https:\/\/ap-cdn.sfo3.cdn.digitaloceanspaces.com\/uploads\/2024\/06\/inai-sheinbaum-1-1024x683.jpg 1024w, https:\/\/ap-cdn.sfo3.cdn.digitaloceanspaces.com\/uploads\/2024\/06\/inai-sheinbaum-1-768x512.jpg 768w\" alt=\"inai sheinbaum\" width=\"1200\" height=\"800\" \/><figcaption id=\"caption-attachment-1411906\" class=\"wp-caption-text\">Comisionados del INAI. Foto: Cuartoscuro Archivo.<\/figcaption><\/figure>\n<\/div>\n<div class=\"w-full  \">\n<div class=\"grid mx-auto \">\n<div class=\"flex\">\n<div id=\"nap-notas-body-p6\" class=\"mx-auto my-[10px] py-[10px]\" data-google-query-id=\"CPTopIP10YYDFeo9RAgdiSwFTw\">\n<div><\/div>\n<div id=\"google_ads_iframe_\/22075143846\/nap-notas-body-p6_0__container__\"><\/div>\n<\/div>\n<\/div>\n<\/div>\n<\/div>\n<\/div>\n<div class=\"post-details\">\n<h2><strong>INAI felicita a Sheinbaum y reitera necesidad de abrir un di\u00e1logo\u00a0<\/strong><\/h2>\n<\/div>\n<div class=\"post-details\">\n<p>Quienes suscriben la carta manifestaron sus felicitaciones a Sheinbaum por ser la primera presidenta electa \u201cen una contienda hist\u00f3rica en la que qued\u00f3 de manifiesto la voluntad de millones de mexicanos\u201d; y reiteraron la necesidad de abrir un di\u00e1logo.<\/p>\n<\/div>\n<div>\n<div class=\"post-details\">\n<p>\u201cLas y los firmantes de esta carta creemos firmemente en que en esta nueva etapa de vida democr\u00e1tica de M\u00e9xico\u00a0<strong>es fundamental disponer de instituciones s\u00f3lidas y transparentes<\/strong>\u00a0que rindan cuentas a la sociedad y que contribuyan al ejercicio pleno de los derechos para mejorar las condiciones de vida de las y los mexicanos. Para lograrlo es necesario abrir un di\u00e1logo amplio y constructivo que incluya a todos los sectores de la sociedad, ya que la esencia de la transparencia en el actuar del gobierno surge de la misma ciudadan\u00eda como un<strong>\u00a0contrapeso necesario para garantizar un estado abierto y responsable\u201d.<\/strong><\/p>\n<p>Asimismo, el INAI y el resto de organismos estatales le recuerdan en la misiva a Sheinbaum la importancia de los valores que ha defendido a lo largo de toda su trayectoria como el respeto los derechos humanos, la rendici\u00f3n de cuentas, la transparencia gubernamental y la honestidad.<\/p>\n<div>\n<div class=\"post-details\">\n<p>El pasado 6 de junio, trabajadoras y trabajadores del<a href=\"https:\/\/animalpolitico.com\/politica\/trabajadores-del-poder-judicial-piden-a-sheinbaum-considerarlos-ante-inminente-reforma\" target=\"_blank\" rel=\"noopener\">\u00a0Poder Judicial de la Federaci\u00f3n (PJF) tambi\u00e9n enviaron una carta a Sheinbaum<\/a> donde piden ser considerados ante la \u201cinminente reforma\u201d judicial impulsada por L\u00f3pez Obrador.<\/p>\n<\/div>\n<\/div>\n<div class=\"post-details\">\n<p>En la misiva se indica que m\u00e1s de 32 mil trabajadores de base sindicalizados sienten incertidumbre laboral y econ\u00f3mica ante esta situaci\u00f3n.<\/p>\n<\/div>\n<\/div>\n<p>&nbsp;<\/p>\n<p>Con informaci\u00f3n de Animal Pl\u00edtico<\/p>\n<\/div>\n<\/div>\n<\/div>\n","protected":false},"excerpt":{"rendered":"<p>Esta petici\u00f3n de di\u00e1logo ocurre tras los resultados obtenidos en las elecciones que abrieron la puerta a que el llamado \u201cplan C\u201d de AMLO se pueda ejecutar y puedan desaparecer algunos organismos aut\u00f3nomos como el INAI. El Instituto Nacional de Transparencia y Acceso a la Informaci\u00f3n\u00a0(INAI)\u00a0y m\u00e1s de 20\u00a0organismos estatales de transparencia\u00a0solicitaron una\u00a0audiencia con\u00a0Claudia Sheinbaum,\u00a0virtual presidenta electa, para entablar un di\u00e1logo honesto y productivo en beneficio de M\u00e9xico. En una\u00a0carta\u00a0que hicieron p\u00fablica, los organismos destacaron la necesidad de conversar sobre los avances y retos de la transparencia, el acceso a la informaci\u00f3n y la protecci\u00f3n de datos personales. Esta petici\u00f3n [&hellip;]<\/p>\n","protected":false},"author":3,"featured_media":96889,"comment_status":"open","ping_status":"open","sticky":false,"template":"","format":"standard","meta":{"_jetpack_newsletter_access":"","_jetpack_dont_email_post_to_subs":false,"_jetpack_newsletter_tier_id":0,"_jetpack_memberships_contains_paywalled_content":false,"_jetpack_feature_clip_id":0,"_jetpack_memberships_contains_paid_content":false,"footnotes":"","jetpack_publicize_message":"","jetpack_publicize_feature_enabled":true,"jetpack_social_post_already_shared":true,"jetpack_social_options":{"image_generator_settings":{"template":"highway","default_image_id":0,"font":"","enabled":false},"version":2},"jetpack_post_was_ever_published":false},"categories":[75,72],"tags":[],"class_list":["post-96885","post","type-post","status-publish","format-standard","has-post-thumbnail","hentry","category-nacional","category-portada","post--single"],"jetpack_publicize_connections":[],"jetpack_featured_media_url":"https:\/\/ovelanalista.com\/wp-content\/uploads\/2024\/06\/inai-sheinbaum-1.jpeg","jetpack_sharing_enabled":true,"_links":{"self":[{"href":"https:\/\/ovelanalista.com\/index.php?rest_route=\/wp\/v2\/posts\/96885","targetHints":{"allow":["GET"]}}],"collection":[{"href":"https:\/\/ovelanalista.com\/index.php?rest_route=\/wp\/v2\/posts"}],"about":[{"href":"https:\/\/ovelanalista.com\/index.php?rest_route=\/wp\/v2\/types\/post"}],"author":[{"embeddable":true,"href":"https:\/\/ovelanalista.com\/index.php?rest_route=\/wp\/v2\/users\/3"}],"replies":[{"embeddable":true,"href":"https:\/\/ovelanalista.com\/index.php?rest_route=%2Fwp%2Fv2%2Fcomments&post=96885"}],"version-history":[{"count":1,"href":"https:\/\/ovelanalista.com\/index.php?rest_route=\/wp\/v2\/posts\/96885\/revisions"}],"predecessor-version":[{"id":96890,"href":"https:\/\/ovelanalista.com\/index.php?rest_route=\/wp\/v2\/posts\/96885\/revisions\/96890"}],"wp:featuredmedia":[{"embeddable":true,"href":"https:\/\/ovelanalista.com\/index.php?rest_route=\/wp\/v2\/media\/96889"}],"wp:attachment":[{"href":"https:\/\/ovelanalista.com\/index.php?rest_route=%2Fwp%2Fv2%2Fmedia&parent=96885"}],"wp:term":[{"taxonomy":"category","embeddable":true,"href":"https:\/\/ovelanalista.com\/index.php?rest_route=%2Fwp%2Fv2%2Fcategories&post=96885"},{"taxonomy":"post_tag","embeddable":true,"href":"https:\/\/ovelanalista.com\/index.php?rest_route=%2Fwp%2Fv2%2Ftags&post=96885"}],"curies":[{"name":"wp","href":"https:\/\/api.w.org\/{rel}","templated":true}]}}