{"id":96894,"date":"2024-06-11T08:47:26","date_gmt":"2024-06-11T14:47:26","guid":{"rendered":"https:\/\/ovelanalista.com\/?p=96894"},"modified":"2024-06-11T08:51:45","modified_gmt":"2024-06-11T14:51:45","slug":"sheinbaum-confirma-que-reforma-al-poder-judicial-va-a-parlamento-abierto-y-se-votara-en-septiembre","status":"publish","type":"post","link":"https:\/\/ovelanalista.com\/?p=96894","title":{"rendered":"Sheinbaum confirma que reforma al Poder Judicial va a Parlamento Abierto y se votar\u00e1 en septiembre"},"content":{"rendered":"<div class=\"row\">\n<div class=\"col-sm-xl-12 layout-section wrap-bottom\">\n<p class=\"primary-font__PrimaryFontStyles-o56yd5-0 heuGTu h4-primary sub-headline\">Claudia Sheinbaum dijo que espera una gran discusi\u00f3n en torno a la reforma al Poder Judicial, que incluya a profesionales y trabajadores.<\/p>\n<div class=\"default__StyledDiv-cj38t1-0 gCPfDm share-bar\">Tras su primera\u00a0<a href=\"https:\/\/www.elfinanciero.com.mx\/elecciones-mexico-2024\/2024\/06\/09\/sheinbaum-y-amlo-inician-transicion-de-gobierno-este-10-de-junio\/\" target=\"_blank\" rel=\"noopener\">reuni\u00f3n con el presidente Andr\u00e9s Manuel L\u00f3pez Obrador, Claudia Sheinbaum<\/a>, ganadora de las elecciones presidenciales del pasado 2 de junio, anunci\u00f3 que la reforma al Poder Judicial,<b>\u00a0as\u00ed como otras iniciativas del \u2018plan C\u2019<\/b>, comenzar\u00e1n parlamentos abiertos y consultas amplias antes de su votaci\u00f3n en septiembre.<\/div>\n<div>\n<p class=\"default__StyledText-kkhi2r-0 cGAawy body-paragraph\">\u2014 Entonces, por lo que dice, van a discutirlo todav\u00eda lo que queda de este periodo (de junio a septiembre) que ya ser\u00eda con la (sesi\u00f3n) permanente&#8230;<b>\u00a0\u00bfser\u00eda parlamento abierto?<\/b>, cuestion\u00f3 un reportero.<\/p>\n<p>\u2014\u00a0<b>S\u00ed, parlamento abierto, pero no solamente ah\u00ed<\/b>, que lo discuta el pueblo de M\u00e9xico y tambi\u00e9n los profesionistas vinculados con el Derecho y la Justicia, respondi\u00f3 Sheinbaum.<\/p>\n<p class=\"default__StyledText-kkhi2r-0 cGAawy body-paragraph\">Aunque reconoci\u00f3 la volatilidad a la que se ha enfrentado el peso mexicano en las \u00faltimas semanas tras los resultados de las elecciones en el Congreso, Sheinbaum asegur\u00f3 que\u00a0<b>no hay preocupaciones<\/b>, y que las finanzas mexicanas son saludables.<\/p>\n<div id=\"lazy_4\">\n<div id=\"taboola-mid-article-thumbnails\" class=\"trc_related_container trc_spotlight_widget tbl-trecs-container trc_elastic trc_elastic_rec-reel-3n4-a tbl-reco-reel-desktop tbl-story-desktop\" data-placement-name=\"Mid Article Thumbnails\">\n<div class=\"trc_rbox_container tbl-reco-reel story-widget tbl-trecs-reco-reel tbl-reco-reel-desktop tbl-story-desktop tbl-reco-reel-text-under-slide-in story-widget-text-under-slide-in\">\n<div>\n<div id=\"trc_wrapper_812136167\" class=\"trc_rbox rec-reel-3n4-a trc-content-sponsored\">\n<div class=\"trc_header_ext\">\n<p class=\"default__StyledText-kkhi2r-0 cGAawy body-paragraph\">Cabe destacar que no abri\u00f3 la puerta a modificaciones a la reforma al Poder Judicial,\u00a0<b>solo que permitir\u00e1 el di\u00e1logo de legisladores<\/b>, barras de abogados, y de especialistas, adem\u00e1s de que recibir\u00e1 a los trabajadores del Poder Judicial.<\/p>\n<p class=\"default__StyledText-kkhi2r-0 cGAawy body-paragraph\">Sheinbaum tambi\u00e9n dijo que\u00a0<b>la pr\u00f3xima semana presentar\u00e1 a su gabinete<\/b>, y que acompa\u00f1ar\u00e1 a L\u00f3pez Obrador en algunos de los eventos de su \u2018gira del adi\u00f3s\u2019.<\/p>\n<p>En su llegada a Palacio Nacional la tarde de este lunes 10 de junio,\u00a0<a href=\"https:\/\/www.elfinanciero.com.mx\/opinion\/eduardo-guerrero-gutierrez\/2024\/06\/10\/presidenta-sheinbaum-que-podemos-esperar-en-el-arranque-de-su-politica-de-seguridad\/\" target=\"_blank\" rel=\"noopener\">Claudia Sheinbaum fue recibida por L\u00f3pez Obrador<\/a>\u00a0con un abrazo, adem\u00e1s de que<b>\u00a0le levant\u00f3 el brazo en se\u00f1al de victoria<\/b>, para luego comenzar a dialogar y tener una comida.<\/p>\n<blockquote class=\"twitter-tweet\" data-width=\"550\" data-dnt=\"true\">\n<p lang=\"es\" dir=\"ltr\">Emocionada de entrar a Palacio Nacional con el presidente <a href=\"https:\/\/twitter.com\/lopezobrador_?ref_src=twsrc%5Etfw\">@lopezobrador_<\/a> despu\u00e9s de haber ganado la elecci\u00f3n presidencial este 2 de junio de 2024. <a href=\"https:\/\/t.co\/fMqY9R9A45\">pic.twitter.com\/fMqY9R9A45<\/a><\/p>\n<p>&mdash; Dra. Claudia Sheinbaum (@Claudiashein) <a href=\"https:\/\/twitter.com\/Claudiashein\/status\/1800288415147286912?ref_src=twsrc%5Etfw\">June 10, 2024<\/a><\/p><\/blockquote>\n<p><script async src=\"https:\/\/platform.twitter.com\/widgets.js\" charset=\"utf-8\"><\/script><\/p>\n<p class=\"default__StyledText-kkhi2r-0 cGAawy body-paragraph\">Cabe destacar que desde el mi\u00e9rcoles 5 de junio Claudia Sheinbaum ya hab\u00eda adelantado la reuni\u00f3n con L\u00f3pez Obrador, adem\u00e1s de que\u00a0<b>comparti\u00f3 un mensaje que le dio el mandatario mexicano<\/b>, que dice lo siguiente:<\/p>\n<div id=\"arcad-feature-9812\" class=\"default__StyledAdUnit-ijbiyl-0 bWigPu arcad-feature margin-md-bottom \">\n<div id=\"\" class=\"arcad-container\">\n<div id=\"lazy_5\">\n<div id=\"box_banner\" class=\"arcad ad-300x250\" data-google-query-id=\"CJLRsPXk04YDFWDMKAUd5_s8qw\">\n<div id=\"google_ads_iframe_\/77835600\/ElFinanciero__elecciones-mexico-2024\/box_banner_1__container__\"><\/div>\n<\/div>\n<\/div>\n<\/div>\n<\/div>\n<p class=\"default__StyledText-kkhi2r-0 cGAawy body-paragraph\">\u201cAunque pienso igual que t\u00fa sobre que el poder es humildad, la verdad, la verdad, estoy muy orgulloso.\u00a0<b>T\u00fa eres lo mejor que le ha pasado al pa\u00eds<\/b>\u00a0en estos tiempos. No cabe duda que M\u00e9xico y su pueblo est\u00e1n benditos.\u201d<\/p>\n<p class=\"default__StyledText-kkhi2r-0 cGAawy body-paragraph\">El presidente L\u00f3pez Obrador coment\u00f3 en su conferencia matutina la semana pasada que\u00a0<a href=\"https:\/\/www.elfinanciero.com.mx\/elecciones-mexico-2024\/2024\/06\/10\/celebra-sheinbaum-597-de-votos-y-confirma-cita-con-amlo\/\" target=\"_blank\" rel=\"noopener\">la transici\u00f3n con Claudia Sheinbaum ser\u00e1 ordenada<\/a>\u00a0y con buena disposici\u00f3n,\u00a0<b>para que tome protesta<\/b>\u00a0con normalidad al comenzar octubre.<\/p>\n<h2 class=\"heading__StyledHeading-sc-1yxtfv0-0 dQdSuo\">Sigue en vivo el mensaje de Claudia Sheinbaum<\/h2>\n<p class=\"default__StyledText-kkhi2r-0 cGAawy body-paragraph\">Luego de las 17:00 horas, la virtual\u00a0<a href=\"https:\/\/www.elfinanciero.com.mx\/food-and-drink\/2024\/06\/08\/taqueria-lanza-tacos-inspirados-en-claudia-sheinbaum-como-son-donde-los-venden\/\" target=\"_blank\" rel=\"noopener\">presidenta electa Claudia Sheinbaum<\/a>\u00a0ofreci\u00f3 su mensaje a medios de comunicaci\u00f3n y al p\u00fablico en general<\/p>\n<p class=\"default__StyledText-kkhi2r-0 cGAawy body-paragraph\"><b class=\"fi-aic_280\">tras su primera reuni\u00f3n con Andr\u00e9s Manuel L\u00f3epz Obrador<\/b>.<\/p>\n<ul class=\"list__StyledUnorderedList-bem05z-2 jyFvSK\">\n<li class=\"list__StyledListItem-bem05z-0 hzIfVR\">17:26: Termina el mensaje de Claudia Sheinbaum.<\/li>\n<li class=\"list__StyledListItem-bem05z-0 hzIfVR\">17:26: Claudia Sheinbaum confirm\u00f3 que este martes 11 de junio\u00a0<b>recibir\u00e1 a una comitiva del gobierno de Joe Biden<\/b>, adem\u00e1s de que asegur\u00f3 que las reformas se votar\u00e1n en septiembre.<\/li>\n<li class=\"list__StyledListItem-bem05z-0 hzIfVR fi-aic_280\">17:23: Asegur\u00f3 que la\u00a0<b>relaci\u00f3n con los gobiernos de otros estados ser\u00e1 \u201cmuy buena\u201d<\/b>, y que espera acercarse cu\u00e1nto antes con otros estados. Adem\u00e1s, respecto al Plan Sonora relacionado con la energ\u00eda, se\u00f1ala que tienen buenos avances, y que se seguir\u00e1 impulsando, aunque no dijo si se llevar\u00eda a otros estados.<\/li>\n<li class=\"list__StyledListItem-bem05z-0 hzIfVR\">17:22:\u00a0<b>Sheinbaum no confirma si aceptar\u00eda modificaciones a<\/b>\u00a0<b>la reforma al Poder Judicial<\/b>, solo pide que se abra el di\u00e1logo.<\/li>\n<li class=\"list__StyledListItem-bem05z-0 hzIfVR fi-aic_280\">17:22: En la reuni\u00f3n con L\u00f3pez Obrador, la exjefa de Gobierno de la Ciudad de M\u00e9xico comi\u00f3 sopa de jitomate y pescado.<\/li>\n<li class=\"list__StyledListItem-bem05z-0 hzIfVR\">17:21: Claudia Sheinbaum pide que no se adelanten en torno a qui\u00e9nes formar\u00e1n parte del gabinete. Adem\u00e1s de que se\u00f1ala que cuenta con el respaldo de L\u00f3pez Obrador, y que su conformaci\u00f3n ser\u00e1 paritaria.<\/li>\n<li class=\"list__StyledListItem-bem05z-0 hzIfVR fi-aic_280\">17:20: Sheinbaum asegura que la oposici\u00f3n est\u00e1 en su derecho de no estar de acuerdo con el \u2018plan C\u2019, por lo que considera que es importante que se conozcan las reformas, y de esta forma que el pueblo conozca la iniciativa, as\u00ed como la aprobaci\u00f3n y su importancia.<\/li>\n<li class=\"list__StyledListItem-bem05z-0 hzIfVR\">17:18: La ganadora de las elecciones presidenciales asegur\u00f3 que por el momento no prev\u00e9 la creaci\u00f3n de nuevas dependencias. Y asegura que \u201cya habr\u00e1 tiempo de hablar de las (conferencias) ma\u00f1aneras\u201d.<\/li>\n<li class=\"list__StyledListItem-bem05z-0 hzIfVR fi-aic_280\">17:18: Sheinbaum asegura que por el momento no puede confirmar si vivir\u00e1 en Palacio Nacional, y que la transici\u00f3n ser\u00e1 en su casa de campa\u00f1a.<\/li>\n<li class=\"list__StyledListItem-bem05z-0 hzIfVR\">17:17: En torno a la reforma a la desaparici\u00f3n de organismos aut\u00f3nomos, Sheinbaum dijo que por el momento no tiene planeado el di\u00e1logo con trabajadores, ya que no ser\u00e1 de las primeras en votarse.<\/li>\n<li class=\"list__StyledListItem-bem05z-0 hzIfVR fi-aic_280\">17:16: La virtual presidenta electa se\u00f1ala que recibir\u00e1 a los trabajadores del Poder Judicial, adem\u00e1s de que, a pesar de la volatilidad del peso, hay estabilidad. \u201cCreo que es importante que se conozca este proceso de di\u00e1logo&#8230; siempre ayuda esta discusi\u00f3n\u201d, dijo Sheinbaum, quien asegur\u00f3 que no hay preocupaci\u00f3n por el debilitamiento del peso.<\/li>\n<li class=\"list__StyledListItem-bem05z-0 hzIfVR\">17:15: Claudia Sheinbaum asegura que L\u00f3pez Obrador va a dejar muy buenas finanzas, y que \u201chabr\u00e1 momento\u201d para hablar de los programas y el presupuesto con el que contar\u00e1 su Gobierno al inicio.<\/li>\n<li class=\"list__StyledListItem-bem05z-0 hzIfVR fi-aic_280\">17:13: Sheinbaum dar\u00e1 a conocer a su gabinete y a su equipo de transici\u00f3n la pr\u00f3xima semana, con lo que dar\u00e1 inicio a las pl\u00e1ticas con el viejo gabinete.<\/li>\n<li class=\"list__StyledListItem-bem05z-0 hzIfVR\">17:12: Sheinbaum se\u00f1ala que adem\u00e1s de parlamentos abiertos, dar\u00e1 oportunidad de di\u00e1logo a profesionistas, aunque no abre paso a la negociaci\u00f3n o modificaciones a las iniciativas de L\u00f3pez Obrador.<\/li>\n<li class=\"list__StyledListItem-bem05z-0 hzIfVR\">17:12: Comienza la serie de preguntas y respuestas.<\/li>\n<li class=\"list__StyledListItem-bem05z-0 hzIfVR fi-aic_280\">17:10: Para la transici\u00f3n de poderes, Sheinbaum dijo que el establecimiento de di\u00e1logos en torno a las reformas del \u2018plan C\u2019, buscar\u00e1 un punto de acuerdo con la Secretar\u00eda de Gobernaci\u00f3n, as\u00ed como con instituciones que participen en los di\u00e1logos.<\/li>\n<li class=\"list__StyledListItem-bem05z-0 hzIfVR\">17:09: Sheinbaum asegura que L\u00f3pez Obrador estuvo de acuerdo con la propuesta de Sheinbaum para las consultas amplias.<\/li>\n<li class=\"list__StyledListItem-bem05z-0 hzIfVR fi-aic_280\">17:08: En torno a las reformas del \u2018plan C\u2019, Claudia Sheinbaum pide una serie de consultas amplias, para que la reforma al Poder Judicial y otras, se generen discusiones con barras de abogados, barras de derecho, ministros y magistrados, as\u00ed como trabajadores. Asegura que el objetivo es que \u201cse conozca\u201d la situaci\u00f3n y por qu\u00e9 son necesarias las reformas.<\/li>\n<li class=\"list__StyledListItem-bem05z-0 hzIfVR fi-aic_280\">17:06: Adelanta que buscar\u00e1 una reforma a la Ley del ISSSTE, pensando en las necesidades de los maestros, adem\u00e1s de que plantea que la reforma al Poder Judicial sea una de las primeras en discutirse y votarse. Otra reforma que buscar\u00e1 impulsar es una contra la reelecci\u00f3n.<\/li>\n<li class=\"list__StyledListItem-bem05z-0 hzIfVR\">17:05: La virtual presidenta electa dijo que pidi\u00f3 a L\u00f3pez Obrador que se incluyan dos programas sociales a las reformas del \u2018plan C\u2019 el apoyo a mujeres a los 60 a\u00f1os, previa a la Pensi\u00f3n del Bienestar, as\u00ed como la beca \u2018para empezar\u2019 a nivel nacional.<\/li>\n<li class=\"list__StyledListItem-bem05z-0 hzIfVR\">17:02: Claudia Sheinbaum confirma que dar\u00e1 a conocer su gabinete la pr\u00f3xima semana, adem\u00e1s de que lo acompa\u00f1ar\u00e1 en parte de su gira del adi\u00f3s.<\/li>\n<li class=\"list__StyledListItem-bem05z-0 hzIfVR\">17:01: Sheinbaum se\u00f1ala que fue una reuni\u00f3n hist\u00f3rica y muy importante. \u201cHablamos de muchos temas\u201d.<\/li>\n<li class=\"list__StyledListItem-bem05z-0 hzIfVR\">17:00: Claudia Sheinbaum aparece en Palacio Nacional.<\/li>\n<\/ul>\n<figure class=\"article-body-image-container\"><picture class=\"Image__StyledPicture-sc-8yioqf-0 iKCNis\"><source srcset=\"https:\/\/www.elfinanciero.com.mx\/resizer\/TuSQReAeHynGeQbvOQa_ffwzbS8=\/1440x0\/filters:format(jpg):quality(70)\/cloudfront-us-east-1.images.arcpublishing.com\/elfinanciero\/FBJ3ANXWNFATPKCO3KJQ4MZV2Y.jpeg\" media=\"screen and (min-width: 1024px)\" \/><source srcset=\"https:\/\/www.elfinanciero.com.mx\/resizer\/fRZZwXcbVORb-pFA240SWZN3V7o=\/1024x0\/filters:format(jpg):quality(70)\/cloudfront-us-east-1.images.arcpublishing.com\/elfinanciero\/FBJ3ANXWNFATPKCO3KJQ4MZV2Y.jpeg\" media=\"screen and (min-width: 768px)\" \/><source srcset=\"https:\/\/www.elfinanciero.com.mx\/resizer\/H_VAi2shA_SAoMLhDPW8SknUXTY=\/768x0\/filters:format(jpg):quality(70)\/cloudfront-us-east-1.images.arcpublishing.com\/elfinanciero\/FBJ3ANXWNFATPKCO3KJQ4MZV2Y.jpeg\" media=\"screen and (min-width: 0px)\" \/><img loading=\"lazy\" decoding=\"async\" src=\"https:\/\/www.elfinanciero.com.mx\/resizer\/TuSQReAeHynGeQbvOQa_ffwzbS8=\/1440x0\/filters:format(jpg):quality(70)\/cloudfront-us-east-1.images.arcpublishing.com\/elfinanciero\/FBJ3ANXWNFATPKCO3KJQ4MZV2Y.jpeg\" width=\"1440\" height=\"0\" \/><\/picture><figcaption>\n<p class=\"ImageMetadata__MetadataParagraph-sc-1gn0vty-0 hFKYPp image-metadata\">Sheinbaum y AMLO recorrieron Palacio Nacional para dialogar.\u00a0(X: Partido Morena)<\/p>\n<p>Con informaci\u00f3n de El Financiero<\/p>\n<\/figcaption><\/figure>\n<\/div>\n<\/div>\n<\/div>\n<\/div>\n<\/div>\n<\/div>\n<\/div>\n<\/div>\n<\/div>\n<div class=\"row\">\n<div class=\"col-sm-xl-12 layout-section wrap-bottom\">\n<div>\n<div>\n<div>\n<div class=\"trv-player-container\">\n<div class=\"trv-wrapper\">\n<div id=\"br_video_player_76a1df117263c4860ffe34113d00f0ccfff0ce5c\" class=\"trvd_video_player\">\n<div class=\"media-player\">\n<div><\/div>\n<\/div>\n<\/div>\n<\/div>\n<\/div>\n<\/div>\n<\/div>\n<\/div>\n<\/div>\n<\/div>\n<div class=\"row\">\n<div class=\"col-sm-md-12 col-lg-xl-8 left-article-section ie-flex-100-percent-sm layout-section\"><\/div>\n<\/div>\n","protected":false},"excerpt":{"rendered":"<p>Claudia Sheinbaum dijo que espera una gran discusi\u00f3n en torno a la reforma al Poder Judicial, que incluya a profesionales y trabajadores. Tras su primera\u00a0reuni\u00f3n con el presidente Andr\u00e9s Manuel L\u00f3pez Obrador, Claudia Sheinbaum, ganadora de las elecciones presidenciales del pasado 2 de junio, anunci\u00f3 que la reforma al Poder Judicial,\u00a0as\u00ed como otras iniciativas del \u2018plan C\u2019, comenzar\u00e1n parlamentos abiertos y consultas amplias antes de su votaci\u00f3n en septiembre. \u2014 Entonces, por lo que dice, van a discutirlo todav\u00eda lo que queda de este periodo (de junio a septiembre) que ya ser\u00eda con la (sesi\u00f3n) permanente&#8230;\u00a0\u00bfser\u00eda parlamento abierto?, cuestion\u00f3 un [&hellip;]<\/p>\n","protected":false},"author":3,"featured_media":96900,"comment_status":"open","ping_status":"open","sticky":false,"template":"","format":"standard","meta":{"_jetpack_newsletter_access":"","_jetpack_dont_email_post_to_subs":false,"_jetpack_newsletter_tier_id":0,"_jetpack_memberships_contains_paywalled_content":false,"_jetpack_feature_clip_id":0,"_jetpack_memberships_contains_paid_content":false,"footnotes":"","jetpack_publicize_message":"","jetpack_publicize_feature_enabled":true,"jetpack_social_post_already_shared":true,"jetpack_social_options":{"image_generator_settings":{"template":"highway","default_image_id":0,"font":"","enabled":false},"version":2},"jetpack_post_was_ever_published":false},"categories":[75,72],"tags":[],"class_list":["post-96894","post","type-post","status-publish","format-standard","has-post-thumbnail","hentry","category-nacional","category-portada","post--single"],"jetpack_publicize_connections":[],"jetpack_featured_media_url":"https:\/\/ovelanalista.com\/wp-content\/uploads\/2024\/06\/Captura-de-Pantalla-2024-06-11-a-las-7.46.12.png","jetpack_sharing_enabled":true,"_links":{"self":[{"href":"https:\/\/ovelanalista.com\/index.php?rest_route=\/wp\/v2\/posts\/96894","targetHints":{"allow":["GET"]}}],"collection":[{"href":"https:\/\/ovelanalista.com\/index.php?rest_route=\/wp\/v2\/posts"}],"about":[{"href":"https:\/\/ovelanalista.com\/index.php?rest_route=\/wp\/v2\/types\/post"}],"author":[{"embeddable":true,"href":"https:\/\/ovelanalista.com\/index.php?rest_route=\/wp\/v2\/users\/3"}],"replies":[{"embeddable":true,"href":"https:\/\/ovelanalista.com\/index.php?rest_route=%2Fwp%2Fv2%2Fcomments&post=96894"}],"version-history":[{"count":1,"href":"https:\/\/ovelanalista.com\/index.php?rest_route=\/wp\/v2\/posts\/96894\/revisions"}],"predecessor-version":[{"id":96901,"href":"https:\/\/ovelanalista.com\/index.php?rest_route=\/wp\/v2\/posts\/96894\/revisions\/96901"}],"wp:featuredmedia":[{"embeddable":true,"href":"https:\/\/ovelanalista.com\/index.php?rest_route=\/wp\/v2\/media\/96900"}],"wp:attachment":[{"href":"https:\/\/ovelanalista.com\/index.php?rest_route=%2Fwp%2Fv2%2Fmedia&parent=96894"}],"wp:term":[{"taxonomy":"category","embeddable":true,"href":"https:\/\/ovelanalista.com\/index.php?rest_route=%2Fwp%2Fv2%2Fcategories&post=96894"},{"taxonomy":"post_tag","embeddable":true,"href":"https:\/\/ovelanalista.com\/index.php?rest_route=%2Fwp%2Fv2%2Ftags&post=96894"}],"curies":[{"name":"wp","href":"https:\/\/api.w.org\/{rel}","templated":true}]}}