{"id":96895,"date":"2024-06-11T08:43:00","date_gmt":"2024-06-11T14:43:00","guid":{"rendered":"https:\/\/ovelanalista.com\/?p=96895"},"modified":"2024-06-11T08:43:00","modified_gmt":"2024-06-11T14:43:00","slug":"es-andres-manuel-y-no-es-claudia","status":"publish","type":"post","link":"https:\/\/ovelanalista.com\/?p=96895","title":{"rendered":"Es Andr\u00e9s Manuel y No Es Claudia"},"content":{"rendered":"<div><strong>TRANSICI\u00d3N<\/strong><\/div>\n<div><\/div>\n<div><\/div>\n<div>La tolerancia llegar\u00e1 a tal nivel que las personas inteligentes tendr\u00e1n prohibido pensar para no ofender a los imb\u00e9ciles\u201d. Frase de Fi\u00f3dor Dostoyeski.<\/div>\n<div><\/div>\n<div><strong>Oswaldo Villase\u00f1or<\/strong><\/div>\n<div><\/div>\n<div>\u00bfC\u00f3mo hay que decirlo? \u00bfQu\u00e9 pact\u00f3 Claudia y Andr\u00e9s Manuel que la reforma al Poder Judicial se presente en Septiembre o que Claudia acat\u00f3 la orden de Andr\u00e9s Manuel que la reforma al Poder Judicial se presente en septiembre?<\/div>\n<div>De la respuesta a esta simple pregunta se mandan muchas se\u00f1ales para aclarar qui\u00e9n mandar\u00e1 en el futuro inmediato. Ya no hay la menor duda que ser\u00e1 Andr\u00e9s Manuel.<\/div>\n<div>No Es Claudia; Es Andr\u00e9s Manuel.<\/div>\n<div>Muchos ven que con la puesta de la banda presidencial, Claudia se transformar\u00e1 e inmediatamente tomar\u00e1 el poder presidencial de M\u00e9xico.<\/div>\n<div>Otros ven que Claudia va tan acotada por el presidente AMLO que ocupar\u00e1 cuando menos 3 a\u00f1os para tomar el poder si es que puede tomarlo. Ocupar\u00e1 de mucha inteligencia y mucho producto de gallina.<\/div>\n<div>Por lo pronto, una vez mas, Andr\u00e9s Manuel le hizo lo que a la perra a Claudia y despej\u00f3 dudas. Claudia se encarg\u00f3 de decirlo al t\u00e9rmino de su encuentro con el todav\u00eda presidente de M\u00e9xico. No ocup\u00f3 de mucho, sino solo decir que la reforma al Poder Judicial s\u00ed va para septiembre. La reacci\u00f3n de los mercados ya no import\u00f3 aunque otra vez se devaluar\u00e1 el peso frente al d\u00f3lar en cuando dio semejante anuncio. Claudia le temi\u00f3 m\u00e1s a la reacci\u00f3n de Andr\u00e9s Manuel.<\/div>\n<div>Atr\u00e1s qued\u00f3 su postura personal expresada apenas la semana pasada de que no necesariamente se tendr\u00edan que presentar las reformas del plan B en septiembre. Andr\u00e9s la rega\u00f1\u00f3 primero en p\u00fablico en su ma\u00f1anera al d\u00eda siguiente y ayer la exhibi\u00f3.<\/div>\n<div>Ya no hay nada m\u00e1s que decir.<\/div>\n<div>1.-Mucha gente y los mercados estaban atentos a la primera reuni\u00f3n entre Andr\u00e9s Manuel como presidente en funciones y Claudia como presidente electa. El tema de la reforma judicial era la raz\u00f3n. A los mercados le inquieta que se acabe la autonom\u00eda del Poder Judicial y a muchos mexicanos que se ponga en riesgo el Estado de Derecho.<\/div>\n<div>2.-Claudia lleg\u00f3 hasta Palacio Nacional y fue el presidente quien le abri\u00f3 la puerta. La abraz\u00f3 cari\u00f1osamente y le dio un beso en la mejilla. \u00bfFue el beso del padrino con la bendici\u00f3n o fue el beso de judas? Los medios lo registraron, pero ese no era el tema importante.<\/div>\n<div>Lo importante era saber si Claudia se impondr\u00eda desde ya con su ruta propia de gobierno o seguir\u00eda bajo la tutela de Andr\u00e9s Manuel. La respuesta lleg\u00f3.<\/div>\n<div>3.-Claudia ofreci\u00f3 una conferencia de prensa y en ella dijo haber pactado con el presidente Andr\u00e9s Manuel iniciar desde ya una amplia discusi\u00f3n nacional mediante un parlamento abierto para socializar el contenido de la reforma que es un hecho se presentar\u00e1 en septiembre, en el mero mes de la patria.<\/div>\n<div>\u00bfLo pact\u00f3 o lo acat\u00f3?<\/div>\n<div>4.-Lo cierto es que Claudia habl\u00f3 de iniciar una amplia discusi\u00f3n nacional para consultar barras de abogados, profesionales de la abogac\u00eda, empresarios, intelectuales y todo aquel que quiera y pueda aportar algo a la discusi\u00f3n para luego proceder a su aprobaci\u00f3n. \u00bfY le podr\u00e1n hacer cambios a la reforma de ley planteada y ya conocida? De eso no dijo nada.<\/div>\n<div>Entonces surge otra pregunta. \u00bfSi no hay la voluntad de modificar la iniciativa de ley, entonces para que la discusi\u00f3n nacional?<\/div>\n<div>5.-Lo cierto es que para estas alturas si se discute o no ya es lo de menos. Lo importante es que la reforma al Poder Judicial va en los tiempos que lo exigi\u00f3 Andr\u00e9s Manuel y Claudia nada pudo hacer m\u00e1s que acatar su orden.<\/div>\n<div>\u00bfSe transformar\u00e1 Claudia ya que tome protesta y se ponga la banda presidencial? Ya veremos. Por lo pronto sigue siendo obediente en todo al presidente Andr\u00e9s Manuel.<\/div>\n<div>\u00bfQuien manda? Al d\u00eda de hoy Es Andr\u00e9s y no Es Claudia.<\/div>\n<div>Habr\u00e1 que estar pendientes.<\/div>\n<div>PASO A PASITO.-\u00bfPorque era tan importante para los mercados que se diera un posicionamiento sobre si va o no va la reforma al Poder Judicial? Bueno de antemano todos inversionistas buscan y exigen certidumbre legal en los pa\u00edses donde habr\u00e1n de hacer sus inversiones. Si se aprueba la reforma\u00a0 al Poder Judicial tal como lo plantea Andr\u00e9s Manuel entonces esa certidumbre se acaba.<\/div>\n<div>El impacto puede ser muy negativo en estos momentos en que la re localizaci\u00f3n de empresas que est\u00e1n en pa\u00edses asi\u00e1ticos buscan acercarse al mercado del tratado comercial del Norte de Am\u00e9rica y M\u00e9xico figuraba como la mejor opci\u00f3n.<\/div>\n<div>Con esta decisi\u00f3n m\u00e1s pol\u00edtica que permitir\u00e1 tomar el control total del poder en M\u00e9xico se le dice adi\u00f3s a la oportunidad de llegada de todas estas empresas que buscan una re localizaci\u00f3n.<\/div>\n<div>Sin garant\u00edas legales, nada m\u00e1s no se vienen.<\/div>\n<div>Miles de empleos y una s\u00faper derrama econom\u00eda en M\u00e9xico se perder\u00edan.<\/div>\n<div>Pero bueno, con la reforma al Poder Judicial Andr\u00e9s Manuel busca agarrar el poder total del pa\u00eds.<\/div>\n<div>Por lo pronto ayer el d\u00f3lar acarici\u00f3 casi los 19 pesos pero cerr\u00f3 en 18 40 pesos por d\u00f3lar.<\/div>\n<div>OTRO PASITO.-El PRI ya tiene fecha para su pr\u00f3xima asamblea nacional. Ser\u00e1 el pr\u00f3ximo 7 de julio. Ah\u00ed se definir\u00e1 qu\u00e9 hacer con el destino de este partido. Desaparece como tal, se le cambian las siglas o se une a otras expresiones de oposici\u00f3n para construir un nuevo movimiento.<\/div>\n<div>Lo cierto es que el PRI ya tiene sus d\u00edas contados tal y como se le conoce al d\u00eda de hoy.<\/div>\n<div>Es m\u00e1s grande el coraje que le tiene\u00a0 la gente a este partido que el corona que le ocasiona su propia desgracia personal por los malos resultados del actual gobierno. Eso qued\u00f3 demostrado en el pasado proceso electoral.<\/div>\n<div>PASITO CH\u00c9VERE.-<\/div>\n<div>S\u00edguenos En:<\/div>\n<div>Ovelanalista.com<\/div>\n<div>Twitteer.- @oswaldo villase<\/div>\n<div>Facebook.-OV El Analista<\/div>\n<div>Megacanal canal 151 y 1151 de lunes a viernes de 1:30 a 2 de la tarde y s\u00e1bados de 11 a 12.<\/div>\n<div>CDMX y todo el pa\u00eds.<\/div>\n<div>Indice pol\u00edtico.com.<\/div>\n<div>La Pol\u00edtica OnLine.com<\/div>\n<div>MxPolitico.net NoticiasMx<\/div>\n<div>WhatsApp. 6681640391 m\u00e1ndanos un mensaje y recibe nuestra informaci\u00f3n<\/div>\n","protected":false},"excerpt":{"rendered":"<p>TRANSICI\u00d3N La tolerancia llegar\u00e1 a tal nivel que las personas inteligentes tendr\u00e1n prohibido pensar para no ofender a los imb\u00e9ciles\u201d. Frase de Fi\u00f3dor Dostoyeski. Oswaldo Villase\u00f1or \u00bfC\u00f3mo hay que decirlo? \u00bfQu\u00e9 pact\u00f3 Claudia y Andr\u00e9s Manuel que la reforma al Poder Judicial se presente en Septiembre o que Claudia acat\u00f3 la orden de Andr\u00e9s Manuel que la reforma al Poder Judicial se presente en septiembre? De la respuesta a esta simple pregunta se mandan muchas se\u00f1ales para aclarar qui\u00e9n mandar\u00e1 en el futuro inmediato. Ya no hay la menor duda que ser\u00e1 Andr\u00e9s Manuel. No Es Claudia; Es Andr\u00e9s Manuel. [&hellip;]<\/p>\n","protected":false},"author":3,"featured_media":89745,"comment_status":"open","ping_status":"open","sticky":false,"template":"","format":"standard","meta":{"_jetpack_newsletter_access":"","_jetpack_dont_email_post_to_subs":false,"_jetpack_newsletter_tier_id":0,"_jetpack_memberships_contains_paywalled_content":false,"_jetpack_feature_clip_id":0,"_jetpack_memberships_contains_paid_content":false,"footnotes":"","jetpack_publicize_message":"","jetpack_publicize_feature_enabled":true,"jetpack_social_post_already_shared":true,"jetpack_social_options":{"image_generator_settings":{"template":"highway","default_image_id":0,"font":"","enabled":false},"version":2},"jetpack_post_was_ever_published":false},"categories":[91],"tags":[],"class_list":["post-96895","post","type-post","status-publish","format-standard","has-post-thumbnail","hentry","category-transicion","post--single"],"jetpack_publicize_connections":[],"jetpack_featured_media_url":"https:\/\/ovelanalista.com\/wp-content\/uploads\/2024\/02\/WhatsApp-Image-2024-02-06-at-1.55.35-PM.jpeg","jetpack_sharing_enabled":true,"_links":{"self":[{"href":"https:\/\/ovelanalista.com\/index.php?rest_route=\/wp\/v2\/posts\/96895","targetHints":{"allow":["GET"]}}],"collection":[{"href":"https:\/\/ovelanalista.com\/index.php?rest_route=\/wp\/v2\/posts"}],"about":[{"href":"https:\/\/ovelanalista.com\/index.php?rest_route=\/wp\/v2\/types\/post"}],"author":[{"embeddable":true,"href":"https:\/\/ovelanalista.com\/index.php?rest_route=\/wp\/v2\/users\/3"}],"replies":[{"embeddable":true,"href":"https:\/\/ovelanalista.com\/index.php?rest_route=%2Fwp%2Fv2%2Fcomments&post=96895"}],"version-history":[{"count":1,"href":"https:\/\/ovelanalista.com\/index.php?rest_route=\/wp\/v2\/posts\/96895\/revisions"}],"predecessor-version":[{"id":96898,"href":"https:\/\/ovelanalista.com\/index.php?rest_route=\/wp\/v2\/posts\/96895\/revisions\/96898"}],"wp:featuredmedia":[{"embeddable":true,"href":"https:\/\/ovelanalista.com\/index.php?rest_route=\/wp\/v2\/media\/89745"}],"wp:attachment":[{"href":"https:\/\/ovelanalista.com\/index.php?rest_route=%2Fwp%2Fv2%2Fmedia&parent=96895"}],"wp:term":[{"taxonomy":"category","embeddable":true,"href":"https:\/\/ovelanalista.com\/index.php?rest_route=%2Fwp%2Fv2%2Fcategories&post=96895"},{"taxonomy":"post_tag","embeddable":true,"href":"https:\/\/ovelanalista.com\/index.php?rest_route=%2Fwp%2Fv2%2Ftags&post=96895"}],"curies":[{"name":"wp","href":"https:\/\/api.w.org\/{rel}","templated":true}]}}