{"id":96899,"date":"2024-06-11T08:49:35","date_gmt":"2024-06-11T14:49:35","guid":{"rendered":"https:\/\/ovelanalista.com\/?p=96899"},"modified":"2024-06-11T08:49:35","modified_gmt":"2024-06-11T14:49:35","slug":"se-reavivan-los-vaivenes-en-torno-al-peso-y-comienza-a-depreciarse-tras-primera-conferencia-de-prensa-de-sheinbaum","status":"publish","type":"post","link":"https:\/\/ovelanalista.com\/?p=96899","title":{"rendered":"Se reavivan los vaivenes en torno al peso y comienza a depreciarse tras primera conferencia de prensa de Sheinbaum"},"content":{"rendered":"<p>Tras una jornada de vaivenes en la cotizaci\u00f3n del\u00a0<strong>peso<\/strong>\u00a0frente al\u00a0<strong>d\u00f3lar<\/strong>, poco dur\u00f3 la relativa estabilidad que tuvo en torno a las\u00a0<strong>18.20 unidades\u00a0<\/strong>en las horas previas a la conferencia de prensa de la virtual presidenta electa,\u00a0<strong>Claudia Sheinbaum<\/strong>, pues en cuanto concluy\u00f3, la moneda mexicana se empez\u00f3 a depreciar de nuevo.<\/p>\n<p>Pasadas las 7:00 de la noche, el\u00a0<strong>peso<\/strong>\u00a0se cotizaba en torno a las 18.40 unidades por\u00a0<strong>d\u00f3lar<\/strong>, aunque sin llegar a las 18.60 que lleg\u00f3 a tener horas antes por el nerviosismo que suscitaba el encuentro del presidente\u00a0<strong>Andr\u00e9s Manuel L\u00f3pez Obrador<\/strong>\u00a0con su sucesora, y la posterior conferencia de prensa que se program\u00f3 para ella en<strong>\u00a0Palacio Nacional<a href=\"https:\/\/x.com\/latinus_us\" target=\"_blank\" rel=\"noreferrer noopener\">.<\/a><\/strong><\/p>\n<p>A los mercados les preocupa particularmente una\u00a0<strong>reforma<\/strong>\u00a0que modificar\u00eda el\u00a0<strong>sistema de justicia<\/strong>, que entre otros cambios plantea reducir el n\u00famero de magistrados de la\u00a0<strong>Suprema Corte\u00a0<\/strong>y establece la\u00a0<strong>elecci\u00f3n<\/strong>\u00a0popular de\u00a0<strong>jueces<\/strong>, haciendo temer que se debilitar\u00eda a uno de los contrapesos del poder\u00a0<strong>presidencial<\/strong>.<\/p>\n<p>Como s\u00edntoma del nerviosismo, el\u00a0<strong>peso mexicano<\/strong>\u00a0mostr\u00f3 durante el d\u00eda fuertes vaivenes, pasando sucesivamente de negativo a positivo, despu\u00e9s de que\u00a0<strong>Mario Delgado<\/strong>, dirigente nacional de\u00a0<strong>Morena<\/strong>, dijo en una\u00a0<strong>entrevista<\/strong>\u00a0radiof\u00f3nica que la reforma al<strong>\u00a0Poder Judicial\u00a0<\/strong>generar\u00eda certidumbre al Estado de derecho y las\u00a0<strong>inversiones<\/strong>.<\/p>\n<p>En su conferencia de prensa,\u00a0<strong>Sheinbaum<\/strong>, inform\u00f3 que pidi\u00f3 al\u00a0<strong>presidente Andr\u00e9s Manuel L\u00f3pez Obrador<\/strong>\u00a0abrir la discusi\u00f3n en el tema de la\u00a0<strong>reforma<\/strong>\u00a0al\u00a0<strong>Poder Judicial<\/strong>\u00a0antes de que se aborde en el nuevo\u00a0<strong>Congreso<\/strong>\u00a0que result\u00f3 electo tras las\u00a0<strong>elecciones<\/strong>\u00a0del 2 de junio.<\/p>\n<p>\u201cEn algo en lo que coincidimos es que en todos los casos se haga una consulta amplia en estos meses antes de que entre el nuevo Congreso\u201d, dijo la presidenta electa desde el Palacio Nacional.<\/p>\n<p><strong>Sheinbaum<\/strong>\u00a0agreg\u00f3 que propuso una \u201cdiscusi\u00f3n muy amplia en todo el pa\u00eds en el caso de la reforma al\u00a0<strong>Poder Judicial,<\/strong>\u00a0que no solamente sea a partir de la apertura de la discusi\u00f3n que pueda hacer la\u00a0<strong>Comisi\u00f3n<\/strong>\u00a0<strong>Permanente<\/strong>\u201d, indic\u00f3.<\/p>\n<p>Agreg\u00f3 que busca que se discuta en las\u00a0<strong>barras<\/strong>\u00a0de abogados, las facultades de derecho, los propios ministros, magistrados, los trabajadores del Poder Judicial: \u201cQue se haga una discusi\u00f3n amplia en estos meses para que se\u00a0<strong>conozca<\/strong>\u201d, subray\u00f3.<\/p>\n<p>&nbsp;<\/p>\n<p>Con informaci\u00f3n de Latinus<\/p>\n","protected":false},"excerpt":{"rendered":"<p>Tras una jornada de vaivenes en la cotizaci\u00f3n del\u00a0peso\u00a0frente al\u00a0d\u00f3lar, poco dur\u00f3 la relativa estabilidad que tuvo en torno a las\u00a018.20 unidades\u00a0en las horas previas a la conferencia de prensa de la virtual presidenta electa,\u00a0Claudia Sheinbaum, pues en cuanto concluy\u00f3, la moneda mexicana se empez\u00f3 a depreciar de nuevo. Pasadas las 7:00 de la noche, el\u00a0peso\u00a0se cotizaba en torno a las 18.40 unidades por\u00a0d\u00f3lar, aunque sin llegar a las 18.60 que lleg\u00f3 a tener horas antes por el nerviosismo que suscitaba el encuentro del presidente\u00a0Andr\u00e9s Manuel L\u00f3pez Obrador\u00a0con su sucesora, y la posterior conferencia de prensa que se program\u00f3 para [&hellip;]<\/p>\n","protected":false},"author":3,"featured_media":96902,"comment_status":"open","ping_status":"open","sticky":false,"template":"","format":"standard","meta":{"_jetpack_newsletter_access":"","_jetpack_dont_email_post_to_subs":false,"_jetpack_newsletter_tier_id":0,"_jetpack_memberships_contains_paywalled_content":false,"_jetpack_feature_clip_id":0,"_jetpack_memberships_contains_paid_content":false,"footnotes":"","jetpack_publicize_message":"","jetpack_publicize_feature_enabled":true,"jetpack_social_post_already_shared":true,"jetpack_social_options":{"image_generator_settings":{"template":"highway","default_image_id":0,"font":"","enabled":false},"version":2},"jetpack_post_was_ever_published":false},"categories":[75,72],"tags":[],"class_list":["post-96899","post","type-post","status-publish","format-standard","has-post-thumbnail","hentry","category-nacional","category-portada","post--single"],"jetpack_publicize_connections":[],"jetpack_featured_media_url":"https:\/\/ovelanalista.com\/wp-content\/uploads\/2024\/06\/superpeso-mexico-2023.jpeg","jetpack_sharing_enabled":true,"_links":{"self":[{"href":"https:\/\/ovelanalista.com\/index.php?rest_route=\/wp\/v2\/posts\/96899","targetHints":{"allow":["GET"]}}],"collection":[{"href":"https:\/\/ovelanalista.com\/index.php?rest_route=\/wp\/v2\/posts"}],"about":[{"href":"https:\/\/ovelanalista.com\/index.php?rest_route=\/wp\/v2\/types\/post"}],"author":[{"embeddable":true,"href":"https:\/\/ovelanalista.com\/index.php?rest_route=\/wp\/v2\/users\/3"}],"replies":[{"embeddable":true,"href":"https:\/\/ovelanalista.com\/index.php?rest_route=%2Fwp%2Fv2%2Fcomments&post=96899"}],"version-history":[{"count":1,"href":"https:\/\/ovelanalista.com\/index.php?rest_route=\/wp\/v2\/posts\/96899\/revisions"}],"predecessor-version":[{"id":96903,"href":"https:\/\/ovelanalista.com\/index.php?rest_route=\/wp\/v2\/posts\/96899\/revisions\/96903"}],"wp:featuredmedia":[{"embeddable":true,"href":"https:\/\/ovelanalista.com\/index.php?rest_route=\/wp\/v2\/media\/96902"}],"wp:attachment":[{"href":"https:\/\/ovelanalista.com\/index.php?rest_route=%2Fwp%2Fv2%2Fmedia&parent=96899"}],"wp:term":[{"taxonomy":"category","embeddable":true,"href":"https:\/\/ovelanalista.com\/index.php?rest_route=%2Fwp%2Fv2%2Fcategories&post=96899"},{"taxonomy":"post_tag","embeddable":true,"href":"https:\/\/ovelanalista.com\/index.php?rest_route=%2Fwp%2Fv2%2Ftags&post=96899"}],"curies":[{"name":"wp","href":"https:\/\/api.w.org\/{rel}","templated":true}]}}