{"id":96924,"date":"2024-06-12T10:46:37","date_gmt":"2024-06-12T16:46:37","guid":{"rendered":"https:\/\/ovelanalista.com\/?p=96924"},"modified":"2024-06-12T10:46:37","modified_gmt":"2024-06-12T16:46:37","slug":"la-costumbre-del-poder-el-espejismo-de-la-democracia-como-modelo-politico-social-iii-v","status":"publish","type":"post","link":"https:\/\/ovelanalista.com\/?p=96924","title":{"rendered":"La Costumbre del Poder: El espejismo de la democracia como modelo pol\u00edtico-social III\/V"},"content":{"rendered":"<p><strong>* El problema es que en este M\u00e9xico nuestro siempre hemos pospuesto lo que, como naci\u00f3n y patria, estamos a punto de lograr. Pol\u00edticos y otros grupos de poder se solazan al conculcar las leyes que sus padres construyeron para ellos y nosotros. La democracia electoral, la transparencia del quehacer administrativo, la supervisi\u00f3n del ejercicio presupuestal, todo eso est\u00e1 a punto de desaparecer porque, dicen los que mandan, as\u00ed se decidi\u00f3 el \u00faltimo 2 de junio<\/strong><\/p>\n<p><strong>Gregorio Ortega Molina<\/strong><\/p>\n<p>&nbsp;<\/p>\n<p>El mundo est\u00e1 en crisis, por eso los l\u00edderes insisten en vendernos la panacea de la democracia y la necesidad de vivirla, defenderla, cuando nunca, ni con los griegos, se disfrut\u00f3 de ese modelo de organizaci\u00f3n pol\u00edtica-social a plenitud. La Tragedia Griega da cuenta de lo que realmente se vivi\u00f3 entre ellos y lo que se vive hoy, como lo narran algunas obras de Shakespeare.<\/p>\n<p>Mar\u00eda Zambrano lo detect\u00f3 puntualmente cuando el franquismo la obligo a andar a salto de mata en Am\u00e9rica Latina. En\u00a0<strong><em>Persona y Democracia\u00a0<\/em><\/strong>nos ofrece un panorama de lo que no cambia, o var\u00eda poco, muy poco. All\u00e1 voy.<\/p>\n<p>\u201cEn \u00e9pocas en que se produce un cambio violento o una crisis, o las dos cosas, como ahora, las generaciones son consumidas y son adem\u00e1s portadoras de nuevas esperanzas y nuevas desesperaciones. No hay continuidad. Y al no haberla, sucede que restos de generaciones ya pasadas se eternicen en el poder y que su desaparici\u00f3n produzca el efecto de una cat\u00e1strofe, porque no hay otra preparada y las que llegan, separadas como est\u00e1n de las que a\u00fan mandan, no pueden continuarlas. Esas generaciones m\u00e1s j\u00f3venes no han recibido la herencia de la inmediata anterior desaparecida, viven en una situaci\u00f3n un tanto extra\u00f1a, extranjera. Se encuentran ante una realidad a lo que no se han aproximado por sus pasos contados\u2026<\/p>\n<p>\u201c\u2026 no esperan las circunstancias sociales, pol\u00edticas, econ\u00f3micas, que nos obligan a actuar, que obligan a aquellos que son los principales ejecutores de la historia, a los que est\u00e1n en el poder, a los que solos o colectivamente mandan. En \u00e9pocas normales, en esas en que se desarrollan las consecuencias de una reforma ya planeada, en las que se vive de unas creencias que dan estabilidad\u00a0\u00a0\u00a0 -relativa siempre- a la vida de las gentes: en las que rigen unos principios reconocidos, y hasta cierto punto probados en su validez\u2026\u201d.<\/p>\n<p>El problema es que en este M\u00e9xico nuestro siempre hemos pospuesto lo que, como naci\u00f3n y patria, estamos a punto de lograr. Pol\u00edticos y otros grupos de poder se solazan al conculcar las leyes que sus padres construyeron para ellos y nosotros. La democracia electoral, la transparencia del quehacer administrativo, la supervisi\u00f3n del ejercicio presupuestal, todo eso est\u00e1 a punto de desaparecer porque, dicen los que mandan, as\u00ed se decidi\u00f3 el \u00faltimo 2 de junio.<\/p>\n<p><a href=\"http:\/\/www.gregorioortega.blog\/\">www.gregorioortega.blog<\/a><br \/>\n@OrtegaGregorio<\/p>\n","protected":false},"excerpt":{"rendered":"<p>* El problema es que en este M\u00e9xico nuestro siempre hemos pospuesto lo que, como naci\u00f3n y patria, estamos a punto de lograr. Pol\u00edticos y otros grupos de poder se solazan al conculcar las leyes que sus padres construyeron para ellos y nosotros. La democracia electoral, la transparencia del quehacer administrativo, la supervisi\u00f3n del ejercicio presupuestal, todo eso est\u00e1 a punto de desaparecer porque, dicen los que mandan, as\u00ed se decidi\u00f3 el \u00faltimo 2 de junio Gregorio Ortega Molina &nbsp; El mundo est\u00e1 en crisis, por eso los l\u00edderes insisten en vendernos la panacea de la democracia y la necesidad [&hellip;]<\/p>\n","protected":false},"author":3,"featured_media":91773,"comment_status":"open","ping_status":"open","sticky":false,"template":"","format":"standard","meta":{"_jetpack_newsletter_access":"","_jetpack_dont_email_post_to_subs":false,"_jetpack_newsletter_tier_id":0,"_jetpack_memberships_contains_paywalled_content":false,"_jetpack_feature_clip_id":0,"_jetpack_memberships_contains_paid_content":false,"footnotes":"","jetpack_publicize_message":"","jetpack_publicize_feature_enabled":true,"jetpack_social_post_already_shared":true,"jetpack_social_options":{"image_generator_settings":{"template":"highway","default_image_id":0,"font":"","enabled":false},"version":2},"jetpack_post_was_ever_published":false},"categories":[79],"tags":[],"class_list":["post-96924","post","type-post","status-publish","format-standard","has-post-thumbnail","hentry","category-columnistas-nacionales","post--single"],"jetpack_publicize_connections":[],"jetpack_featured_media_url":"https:\/\/ovelanalista.com\/wp-content\/uploads\/2024\/03\/Gregorio-Ortega-Molina.jpeg","jetpack_sharing_enabled":true,"_links":{"self":[{"href":"https:\/\/ovelanalista.com\/index.php?rest_route=\/wp\/v2\/posts\/96924","targetHints":{"allow":["GET"]}}],"collection":[{"href":"https:\/\/ovelanalista.com\/index.php?rest_route=\/wp\/v2\/posts"}],"about":[{"href":"https:\/\/ovelanalista.com\/index.php?rest_route=\/wp\/v2\/types\/post"}],"author":[{"embeddable":true,"href":"https:\/\/ovelanalista.com\/index.php?rest_route=\/wp\/v2\/users\/3"}],"replies":[{"embeddable":true,"href":"https:\/\/ovelanalista.com\/index.php?rest_route=%2Fwp%2Fv2%2Fcomments&post=96924"}],"version-history":[{"count":2,"href":"https:\/\/ovelanalista.com\/index.php?rest_route=\/wp\/v2\/posts\/96924\/revisions"}],"predecessor-version":[{"id":96926,"href":"https:\/\/ovelanalista.com\/index.php?rest_route=\/wp\/v2\/posts\/96924\/revisions\/96926"}],"wp:featuredmedia":[{"embeddable":true,"href":"https:\/\/ovelanalista.com\/index.php?rest_route=\/wp\/v2\/media\/91773"}],"wp:attachment":[{"href":"https:\/\/ovelanalista.com\/index.php?rest_route=%2Fwp%2Fv2%2Fmedia&parent=96924"}],"wp:term":[{"taxonomy":"category","embeddable":true,"href":"https:\/\/ovelanalista.com\/index.php?rest_route=%2Fwp%2Fv2%2Fcategories&post=96924"},{"taxonomy":"post_tag","embeddable":true,"href":"https:\/\/ovelanalista.com\/index.php?rest_route=%2Fwp%2Fv2%2Ftags&post=96924"}],"curies":[{"name":"wp","href":"https:\/\/api.w.org\/{rel}","templated":true}]}}