{"id":96946,"date":"2024-06-12T11:15:51","date_gmt":"2024-06-12T17:15:51","guid":{"rendered":"https:\/\/ovelanalista.com\/?p=96946"},"modified":"2024-06-12T11:15:51","modified_gmt":"2024-06-12T17:15:51","slug":"organizaciones-exigen-dignificar-a-las-infancias-trabajadoras-en-mexico","status":"publish","type":"post","link":"https:\/\/ovelanalista.com\/?p=96946","title":{"rendered":"Organizaciones exigen dignificar a las infancias trabajadoras en M\u00e9xico"},"content":{"rendered":"<p>Guerrero, Hidalgo y Jalisco registran mayores aumentos en trabajo infantil en M\u00e9xico.<\/p>\n<div>\n<p>La Red por los Derechos de la Infancia (REDIM) y el Colectivo Pro Derechos de la Ni\u00f1ez (CODENI) pidieron a las autoridades mexicanas\u00a0<strong>dignificar a las infancias trabajadoras<\/strong>, como parte de la justicia social en M\u00e9xico.<\/p>\n<\/div>\n<div>\n<p>Esto, a prop\u00f3sito del D\u00eda Internacional contra el\u00a0<strong>Trabajo Infantil<\/strong>, este 12 de junio.<\/p>\n<\/div>\n<div>\n<p>Sin embargo, sostienen que se debe\u00a0<strong>erradicar<\/strong>\u00a0el trabajo infantil\u00a0<strong>explotado<\/strong>\u00a0y que genera\u00a0<strong>condiciones no dignas<\/strong>\u00a0para las infancias.<\/p>\n<div>\n<p>Mediante un comunicado, estas organizaciones exigen el reconocimiento de las infancias trabajadoras \u201cy un abordaje del trabajo infantil en M\u00e9xico,\u00a0<strong>basado<\/strong>\u00a0en pol\u00edticas p\u00fablicas\u00a0<strong>no<\/strong>\u00a0<strong>criminalizantes<\/strong>\u201c.<\/p>\n<\/div>\n<div>\n<div id=\"attachment_1246308\" class=\"wp-caption aligncenter\"><img loading=\"lazy\" decoding=\"async\" class=\"wp-image-1246308 size-large\" src=\"https:\/\/editorial.aristeguinoticias.com\/wp-content\/uploads\/2022\/12\/trabajo-infantil-cdmx-23122022-700x438.jpg\" sizes=\"auto, (max-width: 700px) 100vw, 700px\" srcset=\"https:\/\/editorial.aristeguinoticias.com\/wp-content\/uploads\/2022\/12\/trabajo-infantil-cdmx-23122022-700x438.jpg 700w, https:\/\/editorial.aristeguinoticias.com\/wp-content\/uploads\/2022\/12\/trabajo-infantil-cdmx-23122022-250x156.jpg 250w, https:\/\/editorial.aristeguinoticias.com\/wp-content\/uploads\/2022\/12\/trabajo-infantil-cdmx-23122022-768x480.jpg 768w, https:\/\/editorial.aristeguinoticias.com\/wp-content\/uploads\/2022\/12\/trabajo-infantil-cdmx-23122022-628x393.jpg 628w, https:\/\/editorial.aristeguinoticias.com\/wp-content\/uploads\/2022\/12\/trabajo-infantil-cdmx-23122022-298x186.jpg 298w, https:\/\/editorial.aristeguinoticias.com\/wp-content\/uploads\/2022\/12\/trabajo-infantil-cdmx-23122022-295x184.jpg 295w, https:\/\/editorial.aristeguinoticias.com\/wp-content\/uploads\/2022\/12\/trabajo-infantil-cdmx-23122022-205x128.jpg 205w, https:\/\/editorial.aristeguinoticias.com\/wp-content\/uploads\/2022\/12\/trabajo-infantil-cdmx-23122022-720x450.jpg 720w, https:\/\/editorial.aristeguinoticias.com\/wp-content\/uploads\/2022\/12\/trabajo-infantil-cdmx-23122022-333x208.jpg 333w, https:\/\/editorial.aristeguinoticias.com\/wp-content\/uploads\/2022\/12\/trabajo-infantil-cdmx-23122022-120x75.jpg 120w, https:\/\/editorial.aristeguinoticias.com\/wp-content\/uploads\/2022\/12\/trabajo-infantil-cdmx-23122022.jpg 1200w\" alt=\"\" width=\"700\" height=\"438\" aria-describedby=\"caption-attachment-1246308\" \/><\/p>\n<p id=\"caption-attachment-1246308\" class=\"wp-caption-text\">Foto: Pixabay<\/p>\n<\/div>\n<\/div>\n<div>\n<p>Explicaron que dignificarlas ser\u00eda fundamental \u201cpara garantizar los derechos de las poblaciones m\u00e1s vulnerables, como la\u00a0<strong>ni\u00f1ez ind\u00edgena<\/strong>, migrante e incluso\u00a0<strong>con discapacidad<\/strong>\u201c.<\/p>\n<div>\n<p>Se\u00f1alaron que seg\u00fan la definici\u00f3n de la Organizaci\u00f3n Internacional del Trabajo (OIT), el trabajo infantil es el \u201cque\u00a0<strong>priva<\/strong>\u00a0a los ni\u00f1os\u00a0<strong>de su ni\u00f1ez<\/strong>, su potencial y su dignidad, siendo perjudicial para su\u00a0<strong>desarrollo f\u00edsico y mental<\/strong>\u201c.<\/p>\n<\/div>\n<div>\n<p>Aunque, argumentaron sobre su petici\u00f3n de dignificaci\u00f3n, que se reconozca el t\u00e9rmino \u2018<strong>ni\u00f1ez trabajadora o infancias trabajadoras<\/strong>\u2018, ya que, advierten \u201c<strong>no todos<\/strong>\u00a0los ni\u00f1os, ni\u00f1as y adolescentes que trabajan\u00a0<strong>se encuentran privados<\/strong>\u00a0de su potencial y dignidad por trabajar\u201d.<\/p>\n<div>\n<p>Esto, dijeron \u201cjustificado desde un enfoque de derechos de la ni\u00f1ez, esta visi\u00f3n les resta autonom\u00eda y participaci\u00f3n\u00a0<strong>sobre sus aportaciones a las familias<\/strong>, a su comunidad e incluso a la econom\u00eda\u201d.<\/p>\n<\/div>\n<div>\n<p>REDIM y CODENI tambi\u00e9n piden que\u00a0<strong>se garanticen los derechos humanos<\/strong>\u00a0de las infancias y adolescencias que por su condici\u00f3n de desigualdad, discriminaci\u00f3n y\u00a0<strong>pobreza\u00a0<\/strong>realizan trabajo infantil, o son v\u00edctimas de\u00a0<strong>explotaci\u00f3n y reclutamiento<\/strong>\u00a0por parte de grupos criminales.<\/p>\n<\/div>\n<div>\n<p>\u201cEsto implica\u00a0<strong>dejar de criminalizar<\/strong>\u00a0a las familias que se ven\u00a0<strong>obligadas a trabajar por las desigualdades<\/strong>, la pobreza y la violencia que las rodea. Es urgente proteger a quienes contribuyen al ingreso o trabajo del hogar\u201d.<\/p>\n<div>\n<p>Recordaron que en M\u00e9xico, una de cada cinco ni\u00f1as, ni\u00f1os y adolescentes que trabajan, lo hacen para atender las\u00a0<strong>necesidades<\/strong>\u00a0econ\u00f3micas de sus familias.<\/p>\n<\/div>\n<div>\n<p>Basadas en los datos de la Encuesta Nacional de Trabajo Infantil (ENTI 2019-2022) del INEGI\u00a0<strong>mostraron un aumento<\/strong>\u00a0significativo del trabajo infantil entre personas de 5 a 17 a\u00f1os de edad entre\u00a0<strong>2019 y 2022.<\/strong><\/p>\n<\/div>\n<\/div>\n<div>\n<div>\n<p>Esto representa un\u00a0<strong>incremento de 1.6\u00a0<\/strong><strong>puntos porcentua<\/strong>les, pasando del 11.5% al 13.1% a nivel nacional. En total,\u00a0<strong>3.7 millones<\/strong>\u00a0de ni\u00f1as, ni\u00f1os y adolescentes se encuentran en situaci\u00f3n de\u00a0<strong>trabajo infantil en M\u00e9xico.<\/strong><\/p>\n<\/div>\n<div>\n<p>Las entidades con mayor prevalencia de trabajo infantil durante 2022 fueron\u00a0<strong>Guerrero, Chiapas y Nayarit<\/strong>.<\/p>\n<\/div>\n<div>\n<div id=\"attachment_1122906\" class=\"wp-caption aligncenter\"><img loading=\"lazy\" decoding=\"async\" class=\"wp-image-1122906 size-large\" src=\"https:\/\/editorial.aristeguinoticias.com\/wp-content\/uploads\/2021\/09\/mexico-trabajo-infantil-forzos-departamento-estados-unidos-2-29092021-700x438.jpeg\" sizes=\"auto, (max-width: 700px) 100vw, 700px\" srcset=\"https:\/\/editorial.aristeguinoticias.com\/wp-content\/uploads\/2021\/09\/mexico-trabajo-infantil-forzos-departamento-estados-unidos-2-29092021-700x438.jpeg 700w, https:\/\/editorial.aristeguinoticias.com\/wp-content\/uploads\/2021\/09\/mexico-trabajo-infantil-forzos-departamento-estados-unidos-2-29092021-250x156.jpeg 250w, https:\/\/editorial.aristeguinoticias.com\/wp-content\/uploads\/2021\/09\/mexico-trabajo-infantil-forzos-departamento-estados-unidos-2-29092021-768x480.jpeg 768w, https:\/\/editorial.aristeguinoticias.com\/wp-content\/uploads\/2021\/09\/mexico-trabajo-infantil-forzos-departamento-estados-unidos-2-29092021-628x393.jpeg 628w, https:\/\/editorial.aristeguinoticias.com\/wp-content\/uploads\/2021\/09\/mexico-trabajo-infantil-forzos-departamento-estados-unidos-2-29092021-298x186.jpeg 298w, https:\/\/editorial.aristeguinoticias.com\/wp-content\/uploads\/2021\/09\/mexico-trabajo-infantil-forzos-departamento-estados-unidos-2-29092021-295x184.jpeg 295w, https:\/\/editorial.aristeguinoticias.com\/wp-content\/uploads\/2021\/09\/mexico-trabajo-infantil-forzos-departamento-estados-unidos-2-29092021-205x128.jpeg 205w, https:\/\/editorial.aristeguinoticias.com\/wp-content\/uploads\/2021\/09\/mexico-trabajo-infantil-forzos-departamento-estados-unidos-2-29092021-720x450.jpeg 720w, https:\/\/editorial.aristeguinoticias.com\/wp-content\/uploads\/2021\/09\/mexico-trabajo-infantil-forzos-departamento-estados-unidos-2-29092021-333x208.jpeg 333w, https:\/\/editorial.aristeguinoticias.com\/wp-content\/uploads\/2021\/09\/mexico-trabajo-infantil-forzos-departamento-estados-unidos-2-29092021-120x75.jpeg 120w, https:\/\/editorial.aristeguinoticias.com\/wp-content\/uploads\/2021\/09\/mexico-trabajo-infantil-forzos-departamento-estados-unidos-2-29092021.jpeg 1200w\" alt=\"\" width=\"700\" height=\"438\" aria-describedby=\"caption-attachment-1122906\" \/><\/p>\n<p id=\"caption-attachment-1122906\" class=\"wp-caption-text\">Foto: Archivo<\/p>\n<\/div>\n<\/div>\n<div>\n<p>En\u00a0<strong>Guerrero, Hidalgo y Jalisco<\/strong>\u00a0se observaron los mayores aumentos en la cantidad de ni\u00f1os, ni\u00f1as y adolescentes en esta condici\u00f3n entre\u00a0<strong>2019 y 2022.<\/strong><\/p>\n<\/div>\n<div>\n<p>A partir de estas cifras insistieron en que adem\u00e1s del reconocimiento de las infancias trabajadoras y erradicar pol\u00edticas p\u00fablicas criminalizantes, piden\u00a0<strong>combatir la pobreza desigualdad y violencia<\/strong>\u00a0que impulsan el trabajo infantil<\/p>\n<\/div>\n<div>\n<p>Adem\u00e1s, recuerdan que se debe\u00a0<strong>fortalecer la educaci\u00f3n de calidad,<\/strong>\u00a0la\u00a0<strong>prevenci\u00f3n<\/strong>\u00a0del trabajo infantil explotado, y promover condiciones laborales dignas para ni\u00f1as, ni\u00f1os y adolescentes.<\/p>\n<\/div>\n<div>\n<p>\u201cMientras exista pobreza, habr\u00e1 trabajo infantil. Es nuestra responsabilidad, como sociedad, trabajar de manera conjunta para\u00a0<strong>garantizar el pleno desarrollo<\/strong>\u00a0de todos los ni\u00f1os, ni\u00f1as y adolescentes\u201d.<\/p>\n<\/div>\n<div>\n<div id=\"attachment_1096224\" class=\"wp-caption aligncenter\"><img loading=\"lazy\" decoding=\"async\" class=\"wp-image-1096224 size-large\" src=\"https:\/\/editorial.aristeguinoticias.com\/wp-content\/uploads\/2021\/06\/trabajo-infantil-onu-unicef-mundo-pandemia-covid-10062021-3-700x438.jpg\" sizes=\"auto, (max-width: 700px) 100vw, 700px\" srcset=\"https:\/\/editorial.aristeguinoticias.com\/wp-content\/uploads\/2021\/06\/trabajo-infantil-onu-unicef-mundo-pandemia-covid-10062021-3-700x438.jpg 700w, https:\/\/editorial.aristeguinoticias.com\/wp-content\/uploads\/2021\/06\/trabajo-infantil-onu-unicef-mundo-pandemia-covid-10062021-3-250x156.jpg 250w, https:\/\/editorial.aristeguinoticias.com\/wp-content\/uploads\/2021\/06\/trabajo-infantil-onu-unicef-mundo-pandemia-covid-10062021-3-768x480.jpg 768w, https:\/\/editorial.aristeguinoticias.com\/wp-content\/uploads\/2021\/06\/trabajo-infantil-onu-unicef-mundo-pandemia-covid-10062021-3-628x393.jpg 628w, https:\/\/editorial.aristeguinoticias.com\/wp-content\/uploads\/2021\/06\/trabajo-infantil-onu-unicef-mundo-pandemia-covid-10062021-3-298x186.jpg 298w, https:\/\/editorial.aristeguinoticias.com\/wp-content\/uploads\/2021\/06\/trabajo-infantil-onu-unicef-mundo-pandemia-covid-10062021-3-295x184.jpg 295w, https:\/\/editorial.aristeguinoticias.com\/wp-content\/uploads\/2021\/06\/trabajo-infantil-onu-unicef-mundo-pandemia-covid-10062021-3-205x128.jpg 205w, https:\/\/editorial.aristeguinoticias.com\/wp-content\/uploads\/2021\/06\/trabajo-infantil-onu-unicef-mundo-pandemia-covid-10062021-3-720x450.jpg 720w, https:\/\/editorial.aristeguinoticias.com\/wp-content\/uploads\/2021\/06\/trabajo-infantil-onu-unicef-mundo-pandemia-covid-10062021-3-333x208.jpg 333w, https:\/\/editorial.aristeguinoticias.com\/wp-content\/uploads\/2021\/06\/trabajo-infantil-onu-unicef-mundo-pandemia-covid-10062021-3-120x75.jpg 120w, https:\/\/editorial.aristeguinoticias.com\/wp-content\/uploads\/2021\/06\/trabajo-infantil-onu-unicef-mundo-pandemia-covid-10062021-3.jpg 1200w\" alt=\"\" width=\"700\" height=\"438\" aria-describedby=\"caption-attachment-1096224\" \/><\/div>\n<\/div>\n<\/div>\n<\/div>\n<\/div>\n<\/div>\n<div><\/div>\n<div><\/div>\n<div>Con informaci\u00f3n de Aristegui Noticias<\/div>\n","protected":false},"excerpt":{"rendered":"<p>Guerrero, Hidalgo y Jalisco registran mayores aumentos en trabajo infantil en M\u00e9xico. La Red por los Derechos de la Infancia (REDIM) y el Colectivo Pro Derechos de la Ni\u00f1ez (CODENI) pidieron a las autoridades mexicanas\u00a0dignificar a las infancias trabajadoras, como parte de la justicia social en M\u00e9xico. Esto, a prop\u00f3sito del D\u00eda Internacional contra el\u00a0Trabajo Infantil, este 12 de junio. Sin embargo, sostienen que se debe\u00a0erradicar\u00a0el trabajo infantil\u00a0explotado\u00a0y que genera\u00a0condiciones no dignas\u00a0para las infancias. Mediante un comunicado, estas organizaciones exigen el reconocimiento de las infancias trabajadoras \u201cy un abordaje del trabajo infantil en M\u00e9xico,\u00a0basado\u00a0en pol\u00edticas p\u00fablicas\u00a0no\u00a0criminalizantes\u201c. Foto: Pixabay Explicaron que [&hellip;]<\/p>\n","protected":false},"author":3,"featured_media":96947,"comment_status":"open","ping_status":"open","sticky":false,"template":"","format":"standard","meta":{"_jetpack_newsletter_access":"","_jetpack_dont_email_post_to_subs":false,"_jetpack_newsletter_tier_id":0,"_jetpack_memberships_contains_paywalled_content":false,"_jetpack_feature_clip_id":0,"_jetpack_memberships_contains_paid_content":false,"footnotes":"","jetpack_publicize_message":"","jetpack_publicize_feature_enabled":true,"jetpack_social_post_already_shared":true,"jetpack_social_options":{"image_generator_settings":{"template":"highway","default_image_id":0,"font":"","enabled":false},"version":2},"jetpack_post_was_ever_published":false},"categories":[75,72],"tags":[],"class_list":["post-96946","post","type-post","status-publish","format-standard","has-post-thumbnail","hentry","category-nacional","category-portada","post--single"],"jetpack_publicize_connections":[],"jetpack_featured_media_url":"https:\/\/ovelanalista.com\/wp-content\/uploads\/2024\/06\/dia-contra-trabajo-infantil-120623.jpeg","jetpack_sharing_enabled":true,"_links":{"self":[{"href":"https:\/\/ovelanalista.com\/index.php?rest_route=\/wp\/v2\/posts\/96946","targetHints":{"allow":["GET"]}}],"collection":[{"href":"https:\/\/ovelanalista.com\/index.php?rest_route=\/wp\/v2\/posts"}],"about":[{"href":"https:\/\/ovelanalista.com\/index.php?rest_route=\/wp\/v2\/types\/post"}],"author":[{"embeddable":true,"href":"https:\/\/ovelanalista.com\/index.php?rest_route=\/wp\/v2\/users\/3"}],"replies":[{"embeddable":true,"href":"https:\/\/ovelanalista.com\/index.php?rest_route=%2Fwp%2Fv2%2Fcomments&post=96946"}],"version-history":[{"count":1,"href":"https:\/\/ovelanalista.com\/index.php?rest_route=\/wp\/v2\/posts\/96946\/revisions"}],"predecessor-version":[{"id":96948,"href":"https:\/\/ovelanalista.com\/index.php?rest_route=\/wp\/v2\/posts\/96946\/revisions\/96948"}],"wp:featuredmedia":[{"embeddable":true,"href":"https:\/\/ovelanalista.com\/index.php?rest_route=\/wp\/v2\/media\/96947"}],"wp:attachment":[{"href":"https:\/\/ovelanalista.com\/index.php?rest_route=%2Fwp%2Fv2%2Fmedia&parent=96946"}],"wp:term":[{"taxonomy":"category","embeddable":true,"href":"https:\/\/ovelanalista.com\/index.php?rest_route=%2Fwp%2Fv2%2Fcategories&post=96946"},{"taxonomy":"post_tag","embeddable":true,"href":"https:\/\/ovelanalista.com\/index.php?rest_route=%2Fwp%2Fv2%2Ftags&post=96946"}],"curies":[{"name":"wp","href":"https:\/\/api.w.org\/{rel}","templated":true}]}}