{"id":96949,"date":"2024-06-12T11:19:31","date_gmt":"2024-06-12T17:19:31","guid":{"rendered":"https:\/\/ovelanalista.com\/?p=96949"},"modified":"2024-06-12T11:19:31","modified_gmt":"2024-06-12T17:19:31","slug":"primer-gira-de-sheinbaum-con-amlo-visitara-estados-de-la-frontera-con-eu-este-fin-de-semana","status":"publish","type":"post","link":"https:\/\/ovelanalista.com\/?p=96949","title":{"rendered":"Primer gira de Sheinbaum con AMLO visitar\u00e1 estados de la frontera con EU este fin de semana"},"content":{"rendered":"<p>El presidente afirm\u00f3 que a\u00fan se est\u00e1n revisando varios asuntos entre los equipos de ambas partes para la log\u00edstica y que m\u00e1s adelante se dar\u00e1 a conocer el programa de actividades.<\/p>\n<address>\n<div>El presidente\u00a0Andr\u00e9s Manuel L\u00f3pez Obrador\u00a0confirm\u00f3 esta ma\u00f1ana que la virtual presidenta electa,\u00a0Claudia Sheinbaum, lo acompa\u00f1ar\u00e1 a sus\u00a0reuniones informativas\u00a0de este fin de semana en los estados de\u00a0Durango,\u00a0Coahuila\u00a0y\u00a0Tamaulipas.<\/div>\n<div>Luego de adelantar desde el inicio de semana que Sheinbaum podr\u00eda acompa\u00f1arlo a sus compromisos fuera de la capital, este mi\u00e9rcoles en la conferencia matutina confirm\u00f3 que la ex jefa de Gobierno de la Ciudad de M\u00e9xico\u00a0estar\u00e1 junto a \u00e9l en estos eventos\u00a0y estar\u00e1n reuni\u00e9ndose \u201cconstantemente y vamos a platicar\u201d.<\/div>\n<div><a href=\"https:\/\/editorial.aristeguinoticias.com\/wp-content\/uploads\/2024\/06\/claudia-sheinbaum-amlo-reunion-11062024.jpg\"><img loading=\"lazy\" decoding=\"async\" class=\"aligncenter size-large wp-image-1396896\" src=\"https:\/\/editorial.aristeguinoticias.com\/wp-content\/uploads\/2024\/06\/claudia-sheinbaum-amlo-reunion-11062024-700x438.jpg\" sizes=\"auto, (max-width: 700px) 100vw, 700px\" srcset=\"https:\/\/editorial.aristeguinoticias.com\/wp-content\/uploads\/2024\/06\/claudia-sheinbaum-amlo-reunion-11062024-700x438.jpg 700w, https:\/\/editorial.aristeguinoticias.com\/wp-content\/uploads\/2024\/06\/claudia-sheinbaum-amlo-reunion-11062024-250x156.jpg 250w, https:\/\/editorial.aristeguinoticias.com\/wp-content\/uploads\/2024\/06\/claudia-sheinbaum-amlo-reunion-11062024-768x480.jpg 768w, https:\/\/editorial.aristeguinoticias.com\/wp-content\/uploads\/2024\/06\/claudia-sheinbaum-amlo-reunion-11062024-628x393.jpg 628w, https:\/\/editorial.aristeguinoticias.com\/wp-content\/uploads\/2024\/06\/claudia-sheinbaum-amlo-reunion-11062024-298x186.jpg 298w, https:\/\/editorial.aristeguinoticias.com\/wp-content\/uploads\/2024\/06\/claudia-sheinbaum-amlo-reunion-11062024-295x184.jpg 295w, https:\/\/editorial.aristeguinoticias.com\/wp-content\/uploads\/2024\/06\/claudia-sheinbaum-amlo-reunion-11062024-205x128.jpg 205w, https:\/\/editorial.aristeguinoticias.com\/wp-content\/uploads\/2024\/06\/claudia-sheinbaum-amlo-reunion-11062024-720x450.jpg 720w, https:\/\/editorial.aristeguinoticias.com\/wp-content\/uploads\/2024\/06\/claudia-sheinbaum-amlo-reunion-11062024-333x208.jpg 333w, https:\/\/editorial.aristeguinoticias.com\/wp-content\/uploads\/2024\/06\/claudia-sheinbaum-amlo-reunion-11062024-120x75.jpg 120w, https:\/\/editorial.aristeguinoticias.com\/wp-content\/uploads\/2024\/06\/claudia-sheinbaum-amlo-reunion-11062024.jpg 1200w\" alt=\"\" width=\"700\" height=\"438\" \/><\/a><\/p>\n<div>A\u00fan as\u00ed afirm\u00f3 que a\u00fan se est\u00e1n revisando varios asuntos entre los equipos de ambas partes para la\u00a0log\u00edstica\u00a0y que m\u00e1s adelante se dar\u00e1 a conocer el\u00a0programa de actividades, el cu\u00e1l ser\u00e1 \u201cabierto\u201d.<\/div>\n<div>\n<blockquote><p>Vamos a buscar la forma de que nos ayude la gente en la organizaci\u00f3n, que nos ayude para que podamos hablar con todos de manera organizada, que podamos informarles.<\/p><\/blockquote>\n<\/div>\n<div>Sheinbaum, que\u00a0gan\u00f3 con casi el 60% de los votos\u00a0en las elecciones del 2 de junio, hab\u00eda adelantado desde el martes que este fin de semana comenzar\u00eda, en\u00a0vuelos comerciales, giras conjuntas con L\u00f3pez Obrador para\u00a0supervisar obras e infraestructura.<\/p>\n<div>El presidente confirm\u00f3 ahora que\u00a0viajar\u00e1n por separado, pero esperan hacer \u201creuniones informativas\u201d en los estados que visiten.<\/div>\n<div><a href=\"https:\/\/editorial.aristeguinoticias.com\/wp-content\/uploads\/2024\/06\/arturo-zaldivar-claudia-sheinbaum-reforma-poder-judicial-dialogo-ajustar-discuta-2-11062024-scaled.jpg\"><img loading=\"lazy\" decoding=\"async\" class=\"aligncenter size-large wp-image-1397187\" src=\"https:\/\/editorial.aristeguinoticias.com\/wp-content\/uploads\/2024\/06\/arturo-zaldivar-claudia-sheinbaum-reforma-poder-judicial-dialogo-ajustar-discuta-2-11062024-700x466.jpg\" sizes=\"auto, (max-width: 700px) 100vw, 700px\" srcset=\"https:\/\/editorial.aristeguinoticias.com\/wp-content\/uploads\/2024\/06\/arturo-zaldivar-claudia-sheinbaum-reforma-poder-judicial-dialogo-ajustar-discuta-2-11062024-700x466.jpg 700w, https:\/\/editorial.aristeguinoticias.com\/wp-content\/uploads\/2024\/06\/arturo-zaldivar-claudia-sheinbaum-reforma-poder-judicial-dialogo-ajustar-discuta-2-11062024-250x167.jpg 250w, https:\/\/editorial.aristeguinoticias.com\/wp-content\/uploads\/2024\/06\/arturo-zaldivar-claudia-sheinbaum-reforma-poder-judicial-dialogo-ajustar-discuta-2-11062024-768x512.jpg 768w, https:\/\/editorial.aristeguinoticias.com\/wp-content\/uploads\/2024\/06\/arturo-zaldivar-claudia-sheinbaum-reforma-poder-judicial-dialogo-ajustar-discuta-2-11062024-628x418.jpg 628w, https:\/\/editorial.aristeguinoticias.com\/wp-content\/uploads\/2024\/06\/arturo-zaldivar-claudia-sheinbaum-reforma-poder-judicial-dialogo-ajustar-discuta-2-11062024-298x199.jpg 298w, https:\/\/editorial.aristeguinoticias.com\/wp-content\/uploads\/2024\/06\/arturo-zaldivar-claudia-sheinbaum-reforma-poder-judicial-dialogo-ajustar-discuta-2-11062024-295x197.jpg 295w, https:\/\/editorial.aristeguinoticias.com\/wp-content\/uploads\/2024\/06\/arturo-zaldivar-claudia-sheinbaum-reforma-poder-judicial-dialogo-ajustar-discuta-2-11062024-205x137.jpg 205w, https:\/\/editorial.aristeguinoticias.com\/wp-content\/uploads\/2024\/06\/arturo-zaldivar-claudia-sheinbaum-reforma-poder-judicial-dialogo-ajustar-discuta-2-11062024-1536x1023.jpg 1536w, https:\/\/editorial.aristeguinoticias.com\/wp-content\/uploads\/2024\/06\/arturo-zaldivar-claudia-sheinbaum-reforma-poder-judicial-dialogo-ajustar-discuta-2-11062024-2048x1364.jpg 2048w, https:\/\/editorial.aristeguinoticias.com\/wp-content\/uploads\/2024\/06\/arturo-zaldivar-claudia-sheinbaum-reforma-poder-judicial-dialogo-ajustar-discuta-2-11062024-120x80.jpg 120w\" alt=\"\" width=\"700\" height=\"466\" \/><\/a><\/div>\n<div>La\u00a0exjefa de Gobierno de Ciudad de M\u00e9xico\u00a0(2018-2023) revel\u00f3 el lunes que la\u00a0pr\u00f3xima semana nombrar\u00e1 a su gabinete, con lo que comenzar\u00edan los trabajos formales para la\u00a0transici\u00f3n de gobierno, que se concretar\u00e1 el 1 de octubre, cuando ella asuma el cargo.<\/p>\n<div>Los viajes conjuntos servir\u00e1n para\u00a0acelerar estas labores, argument\u00f3 L\u00f3pez Obrador.<\/div>\n<div>\u201cY a nosotros nos ayuda mucho, a la presidenta electa y al presidente constitucional, para ir viendo lo de la transici\u00f3n,\u00a0sobre los proyectos, sobre lo que se ha hecho, lo que est\u00e1 en proceso, lo que hace falta\u201c, se\u00f1al\u00f3.<\/div>\n<div>Aunque a\u00fan no hay una agenda concreta, los estados que visitar\u00e1n han estado marcados por la sequ\u00eda, el\u00a0flujo migratorio in\u00e9dito, la\u00a0relaci\u00f3n comercial\u00a0con Estados Unidos y, en el caso de Tamaulipas, la presencia del\u00a0crimen organizado.<\/div>\n<div><\/div>\n<div><\/div>\n<div>Con informaci\u00f3n de\u00a0EFE<\/div>\n<\/div>\n<\/div>\n<\/div>\n<\/address>\n","protected":false},"excerpt":{"rendered":"<p>El presidente afirm\u00f3 que a\u00fan se est\u00e1n revisando varios asuntos entre los equipos de ambas partes para la log\u00edstica y que m\u00e1s adelante se dar\u00e1 a conocer el programa de actividades. El presidente\u00a0Andr\u00e9s Manuel L\u00f3pez Obrador\u00a0confirm\u00f3 esta ma\u00f1ana que la virtual presidenta electa,\u00a0Claudia Sheinbaum, lo acompa\u00f1ar\u00e1 a sus\u00a0reuniones informativas\u00a0de este fin de semana en los estados de\u00a0Durango,\u00a0Coahuila\u00a0y\u00a0Tamaulipas. Luego de adelantar desde el inicio de semana que Sheinbaum podr\u00eda acompa\u00f1arlo a sus compromisos fuera de la capital, este mi\u00e9rcoles en la conferencia matutina confirm\u00f3 que la ex jefa de Gobierno de la Ciudad de M\u00e9xico\u00a0estar\u00e1 junto a \u00e9l en estos eventos\u00a0y [&hellip;]<\/p>\n","protected":false},"author":3,"featured_media":96950,"comment_status":"open","ping_status":"open","sticky":false,"template":"","format":"standard","meta":{"_jetpack_newsletter_access":"","_jetpack_dont_email_post_to_subs":false,"_jetpack_newsletter_tier_id":0,"_jetpack_memberships_contains_paywalled_content":false,"_jetpack_feature_clip_id":0,"_jetpack_memberships_contains_paid_content":false,"footnotes":"","jetpack_publicize_message":"","jetpack_publicize_feature_enabled":true,"jetpack_social_post_already_shared":true,"jetpack_social_options":{"image_generator_settings":{"template":"highway","default_image_id":0,"font":"","enabled":false},"version":2},"jetpack_post_was_ever_published":false},"categories":[89,75,72],"tags":[],"class_list":["post-96949","post","type-post","status-publish","format-standard","has-post-thumbnail","hentry","category-internacional","category-nacional","category-portada","post--single"],"jetpack_publicize_connections":[],"jetpack_featured_media_url":"https:\/\/ovelanalista.com\/wp-content\/uploads\/2024\/06\/AMLO-SHEINBAUM-2-08062024.jpeg","jetpack_sharing_enabled":true,"_links":{"self":[{"href":"https:\/\/ovelanalista.com\/index.php?rest_route=\/wp\/v2\/posts\/96949","targetHints":{"allow":["GET"]}}],"collection":[{"href":"https:\/\/ovelanalista.com\/index.php?rest_route=\/wp\/v2\/posts"}],"about":[{"href":"https:\/\/ovelanalista.com\/index.php?rest_route=\/wp\/v2\/types\/post"}],"author":[{"embeddable":true,"href":"https:\/\/ovelanalista.com\/index.php?rest_route=\/wp\/v2\/users\/3"}],"replies":[{"embeddable":true,"href":"https:\/\/ovelanalista.com\/index.php?rest_route=%2Fwp%2Fv2%2Fcomments&post=96949"}],"version-history":[{"count":1,"href":"https:\/\/ovelanalista.com\/index.php?rest_route=\/wp\/v2\/posts\/96949\/revisions"}],"predecessor-version":[{"id":96951,"href":"https:\/\/ovelanalista.com\/index.php?rest_route=\/wp\/v2\/posts\/96949\/revisions\/96951"}],"wp:featuredmedia":[{"embeddable":true,"href":"https:\/\/ovelanalista.com\/index.php?rest_route=\/wp\/v2\/media\/96950"}],"wp:attachment":[{"href":"https:\/\/ovelanalista.com\/index.php?rest_route=%2Fwp%2Fv2%2Fmedia&parent=96949"}],"wp:term":[{"taxonomy":"category","embeddable":true,"href":"https:\/\/ovelanalista.com\/index.php?rest_route=%2Fwp%2Fv2%2Fcategories&post=96949"},{"taxonomy":"post_tag","embeddable":true,"href":"https:\/\/ovelanalista.com\/index.php?rest_route=%2Fwp%2Fv2%2Ftags&post=96949"}],"curies":[{"name":"wp","href":"https:\/\/api.w.org\/{rel}","templated":true}]}}