{"id":96955,"date":"2024-06-12T11:25:57","date_gmt":"2024-06-12T17:25:57","guid":{"rendered":"https:\/\/ovelanalista.com\/?p=96955"},"modified":"2024-06-12T11:25:57","modified_gmt":"2024-06-12T17:25:57","slug":"fofo-marquez-es-vinculado-a-proceso-por-tentativa-de-feminicidio-seguira-en-la-carcel","status":"publish","type":"post","link":"https:\/\/ovelanalista.com\/?p=96955","title":{"rendered":"\u2018Fofo&#8217; M\u00e1rquez es vinculado a proceso por tentativa de feminicidio; seguir\u00e1 en la c\u00e1rcel"},"content":{"rendered":"<p>El caso se origin\u00f3 el pasado 22 de febrero, cuando M\u00e1rquez presuntamente agredi\u00f3 a una mujer en un centro comercial en Naucalpan, Estado de M\u00e9xico.<\/p>\n<p>Rodolfo \u201cFofo\u201d M\u00e1rquez, conocido influencer, ha sido\u00a0vinculado a proceso\u00a0por el delito de tentativa de feminicidio y permanecer\u00e1 en prisi\u00f3n preventiva mientras se desarrolla la investigaci\u00f3n complementaria.<br \/>\nLa decisi\u00f3n, anunciada por la\u00a0Fiscal\u00eda General de Justicia del Estado de M\u00e9xico\u00a0(FGJEM), fue confirmada el 11 de junio por el Primer Tribunal de Alzada de Tlalnepantla, tras resolver la apelaci\u00f3n interpuesta por la defensa legal de M\u00e1rquez.<br \/>\nEl caso se origin\u00f3 el pasado 22 de febrero, cuando M\u00e1rquez presuntamente\u00a0agredi\u00f3 violentamente a una mujer\u00a0cuya identidad se mantiene reservada, en el estacionamiento de un centro comercial en\u00a0Naucalpan.<\/p>\n<p>El\u00a0influencer\u00a0presuntamente golpe\u00f3 a la v\u00edctima con patadas y pu\u00f1etazos tras un altercado vehicular. Este incidente llev\u00f3 a las autoridades a clasificar la agresi\u00f3n como tentativa de feminicidio, dado el grado de violencia utilizado.<br \/>\n<img decoding=\"async\" src=\"https:\/\/editorial.aristeguinoticias.com\/wp-content\/uploads\/2024\/04\/fofo-marquez-detenido-foto-700x438.jpg\" \/><\/p>\n<p>En su comunicado, la FGJEM detall\u00f3: \u201cAyer 11 de junio, el Primer Tribunal de Alzada de Tlalnepantla, al resolver la apelaci\u00f3n interpuesta por la defensa legal de Rodolfo \u2018N\u2019 alias \u2018Fofo\u2019, confirm\u00f3 la vinculaci\u00f3n a proceso contra el imputado por su probable intervenci\u00f3n en el hecho delictivo de\u00a0feminicidio en grado de tentativa\u201c.<\/p>\n<p>La Fiscal\u00eda detall\u00f3 que los magistrados, tras analizar los argumentos presentados por la defensa, consideraron que los datos de prueba proporcionados por el Agente del Ministerio P\u00fablico eran suficientes para acreditar la conducta dolosa del imputado.<\/p>\n<p>Tambi\u00e9n se\u00f1al\u00f3 que M\u00e1rquez\u00a0continuar\u00e1 bajo la medida cautelar de prisi\u00f3n preventiva\u00a0justificada, una decisi\u00f3n tomada para garantizar que el proceso judicial avance sin interrupciones y para proteger la seguridad de la v\u00edctima y de la sociedad.<br \/>\nActualmente, se encuentra recluido en el\u00a0Centro Penitenciario y de Reinserci\u00f3n Social de Tlalnepantla, conocido como el penal de Barrientos.<\/p>\n<p>&nbsp;<\/p>\n<p>Con informaci\u00f3n de Aristegui Noticias<\/p>\n","protected":false},"excerpt":{"rendered":"<p>El caso se origin\u00f3 el pasado 22 de febrero, cuando M\u00e1rquez presuntamente agredi\u00f3 a una mujer en un centro comercial en Naucalpan, Estado de M\u00e9xico. Rodolfo \u201cFofo\u201d M\u00e1rquez, conocido influencer, ha sido\u00a0vinculado a proceso\u00a0por el delito de tentativa de feminicidio y permanecer\u00e1 en prisi\u00f3n preventiva mientras se desarrolla la investigaci\u00f3n complementaria. La decisi\u00f3n, anunciada por la\u00a0Fiscal\u00eda General de Justicia del Estado de M\u00e9xico\u00a0(FGJEM), fue confirmada el 11 de junio por el Primer Tribunal de Alzada de Tlalnepantla, tras resolver la apelaci\u00f3n interpuesta por la defensa legal de M\u00e1rquez. El caso se origin\u00f3 el pasado 22 de febrero, cuando M\u00e1rquez presuntamente\u00a0agredi\u00f3 [&hellip;]<\/p>\n","protected":false},"author":3,"featured_media":96956,"comment_status":"open","ping_status":"open","sticky":false,"template":"","format":"standard","meta":{"_jetpack_newsletter_access":"","_jetpack_dont_email_post_to_subs":false,"_jetpack_newsletter_tier_id":0,"_jetpack_memberships_contains_paywalled_content":false,"_jetpack_feature_clip_id":0,"_jetpack_memberships_contains_paid_content":false,"footnotes":"","jetpack_publicize_message":"","jetpack_publicize_feature_enabled":true,"jetpack_social_post_already_shared":true,"jetpack_social_options":{"image_generator_settings":{"template":"highway","default_image_id":0,"font":"","enabled":false},"version":2},"jetpack_post_was_ever_published":false},"categories":[75,72],"tags":[],"class_list":["post-96955","post","type-post","status-publish","format-standard","has-post-thumbnail","hentry","category-nacional","category-portada","post--single"],"jetpack_publicize_connections":[],"jetpack_featured_media_url":"https:\/\/ovelanalista.com\/wp-content\/uploads\/2024\/06\/fofomarquez.jpeg","jetpack_sharing_enabled":true,"_links":{"self":[{"href":"https:\/\/ovelanalista.com\/index.php?rest_route=\/wp\/v2\/posts\/96955","targetHints":{"allow":["GET"]}}],"collection":[{"href":"https:\/\/ovelanalista.com\/index.php?rest_route=\/wp\/v2\/posts"}],"about":[{"href":"https:\/\/ovelanalista.com\/index.php?rest_route=\/wp\/v2\/types\/post"}],"author":[{"embeddable":true,"href":"https:\/\/ovelanalista.com\/index.php?rest_route=\/wp\/v2\/users\/3"}],"replies":[{"embeddable":true,"href":"https:\/\/ovelanalista.com\/index.php?rest_route=%2Fwp%2Fv2%2Fcomments&post=96955"}],"version-history":[{"count":1,"href":"https:\/\/ovelanalista.com\/index.php?rest_route=\/wp\/v2\/posts\/96955\/revisions"}],"predecessor-version":[{"id":96957,"href":"https:\/\/ovelanalista.com\/index.php?rest_route=\/wp\/v2\/posts\/96955\/revisions\/96957"}],"wp:featuredmedia":[{"embeddable":true,"href":"https:\/\/ovelanalista.com\/index.php?rest_route=\/wp\/v2\/media\/96956"}],"wp:attachment":[{"href":"https:\/\/ovelanalista.com\/index.php?rest_route=%2Fwp%2Fv2%2Fmedia&parent=96955"}],"wp:term":[{"taxonomy":"category","embeddable":true,"href":"https:\/\/ovelanalista.com\/index.php?rest_route=%2Fwp%2Fv2%2Fcategories&post=96955"},{"taxonomy":"post_tag","embeddable":true,"href":"https:\/\/ovelanalista.com\/index.php?rest_route=%2Fwp%2Fv2%2Ftags&post=96955"}],"curies":[{"name":"wp","href":"https:\/\/api.w.org\/{rel}","templated":true}]}}