{"id":96958,"date":"2024-06-12T11:31:10","date_gmt":"2024-06-12T17:31:10","guid":{"rendered":"https:\/\/ovelanalista.com\/?p=96958"},"modified":"2024-06-12T11:31:10","modified_gmt":"2024-06-12T17:31:10","slug":"amlo-se-lanza-contra-ministro-aguilar-por-criticar-reforma-al-poder-judicial-recuerda-que-lo-propuso-felipe-calderon","status":"publish","type":"post","link":"https:\/\/ovelanalista.com\/?p=96958","title":{"rendered":"AMLO se lanza contra ministro Aguilar por criticar reforma al Poder Judicial; recuerda que lo propuso Felipe Calder\u00f3n"},"content":{"rendered":"<p>El presidente utiliz\u00f3 este ejemplo para defender nuevamente la iniciativa de reforma, insistiendo que \u201cc\u00f3mo vamos a quedarnos de brazos cruzados\u201d.<\/p>\n<p>El presidente\u00a0Andr\u00e9s Manuel L\u00f3pez Obrador\u00a0se lanz\u00f3 este mi\u00e9rcoles en contra del\u00a0ministro Luis Mar\u00eda Aguilar\u00a0por criticar la propuesta de reforma al Poder Judicial.<br \/>\nDurante su conferencia en Palacio Nacional, L\u00f3pez Obrador asegur\u00f3 que no le sorprende que Luis Mar\u00eda Aguilar est\u00e9 enojado con la iniciativa de reforma, para despu\u00e9s afirmar que su objetivo, as\u00ed como el de otros integrantes del Poder Judicial es proteger a los \u201cpotentados\u201d.<br \/>\nCada potentado, cada corporativo, de los m\u00e1s importantes, tienen empleados a jueces a magistrados y a ministros de empleados. Yo no hablo al tanteo.<\/p>\n<p>Tambi\u00e9n record\u00f3 que fue\u00a0propuesto por el ex presidente Felipe Calder\u00f3n Hinojosa, y record\u00f3 su v\u00ednculo con\u00a0Genaro Garc\u00eda Luna, secretario de seguridad en su sexenio y que ahora se encuentra encarcelado por v\u00ednculos con narcotraficantes.<\/p>\n<p>El presidente utiliz\u00f3 este ejemplo para\u00a0defender nuevamente la iniciativa de reforma, e insisti\u00f3: \u201cc\u00f3mo vamos a quedarnos de brazos cruzados\u201d, destacando que fueron jueces de este poder los que\u00a0ampararon la extradici\u00f3n\u00a0a Estados Unidos del narcotraficante\u00a0Rafael Caro Quintero, y la\u00a0puesta en libertad\u00a0del ex gobernador de Chihuahua,\u00a0C\u00e9sar Duarte, acusado de relaci\u00f3n al delito de peculado agravado ante un presunto desv\u00edo de 120 millones de pesos, entre otros delitos.<\/p>\n<p>Informaci\u00f3n en proceso&#8230;<\/p>\n<p>Con informaci\u00f3n de Aristegui Noticias<\/p>\n","protected":false},"excerpt":{"rendered":"<p>El presidente utiliz\u00f3 este ejemplo para defender nuevamente la iniciativa de reforma, insistiendo que \u201cc\u00f3mo vamos a quedarnos de brazos cruzados\u201d. El presidente\u00a0Andr\u00e9s Manuel L\u00f3pez Obrador\u00a0se lanz\u00f3 este mi\u00e9rcoles en contra del\u00a0ministro Luis Mar\u00eda Aguilar\u00a0por criticar la propuesta de reforma al Poder Judicial. Durante su conferencia en Palacio Nacional, L\u00f3pez Obrador asegur\u00f3 que no le sorprende que Luis Mar\u00eda Aguilar est\u00e9 enojado con la iniciativa de reforma, para despu\u00e9s afirmar que su objetivo, as\u00ed como el de otros integrantes del Poder Judicial es proteger a los \u201cpotentados\u201d. Cada potentado, cada corporativo, de los m\u00e1s importantes, tienen empleados a jueces a [&hellip;]<\/p>\n","protected":false},"author":3,"featured_media":96959,"comment_status":"open","ping_status":"open","sticky":false,"template":"","format":"standard","meta":{"_jetpack_newsletter_access":"","_jetpack_dont_email_post_to_subs":false,"_jetpack_newsletter_tier_id":0,"_jetpack_memberships_contains_paywalled_content":false,"_jetpack_feature_clip_id":0,"_jetpack_memberships_contains_paid_content":false,"footnotes":"","jetpack_publicize_message":"","jetpack_publicize_feature_enabled":true,"jetpack_social_post_already_shared":true,"jetpack_social_options":{"image_generator_settings":{"template":"highway","default_image_id":0,"font":"","enabled":false},"version":2},"jetpack_post_was_ever_published":false},"categories":[75,72],"tags":[],"class_list":["post-96958","post","type-post","status-publish","format-standard","has-post-thumbnail","hentry","category-nacional","category-portada","post--single"],"jetpack_publicize_connections":[],"jetpack_featured_media_url":"https:\/\/ovelanalista.com\/wp-content\/uploads\/2024\/06\/amlo-ministro-scjn-luis-maria-aguilar-libros-sep-coahuila-chihuahua-23082023.jpeg","jetpack_sharing_enabled":true,"_links":{"self":[{"href":"https:\/\/ovelanalista.com\/index.php?rest_route=\/wp\/v2\/posts\/96958","targetHints":{"allow":["GET"]}}],"collection":[{"href":"https:\/\/ovelanalista.com\/index.php?rest_route=\/wp\/v2\/posts"}],"about":[{"href":"https:\/\/ovelanalista.com\/index.php?rest_route=\/wp\/v2\/types\/post"}],"author":[{"embeddable":true,"href":"https:\/\/ovelanalista.com\/index.php?rest_route=\/wp\/v2\/users\/3"}],"replies":[{"embeddable":true,"href":"https:\/\/ovelanalista.com\/index.php?rest_route=%2Fwp%2Fv2%2Fcomments&post=96958"}],"version-history":[{"count":1,"href":"https:\/\/ovelanalista.com\/index.php?rest_route=\/wp\/v2\/posts\/96958\/revisions"}],"predecessor-version":[{"id":96960,"href":"https:\/\/ovelanalista.com\/index.php?rest_route=\/wp\/v2\/posts\/96958\/revisions\/96960"}],"wp:featuredmedia":[{"embeddable":true,"href":"https:\/\/ovelanalista.com\/index.php?rest_route=\/wp\/v2\/media\/96959"}],"wp:attachment":[{"href":"https:\/\/ovelanalista.com\/index.php?rest_route=%2Fwp%2Fv2%2Fmedia&parent=96958"}],"wp:term":[{"taxonomy":"category","embeddable":true,"href":"https:\/\/ovelanalista.com\/index.php?rest_route=%2Fwp%2Fv2%2Fcategories&post=96958"},{"taxonomy":"post_tag","embeddable":true,"href":"https:\/\/ovelanalista.com\/index.php?rest_route=%2Fwp%2Fv2%2Ftags&post=96958"}],"curies":[{"name":"wp","href":"https:\/\/api.w.org\/{rel}","templated":true}]}}