{"id":96961,"date":"2024-06-12T11:33:11","date_gmt":"2024-06-12T17:33:11","guid":{"rendered":"https:\/\/ovelanalista.com\/?p=96961"},"modified":"2024-06-12T11:33:11","modified_gmt":"2024-06-12T17:33:11","slug":"amlo-enviara-a-revision-iniciativa-de-sheinbaum-para-que-mujeres-reciban-pension-desde-los-60-anos","status":"publish","type":"post","link":"https:\/\/ovelanalista.com\/?p=96961","title":{"rendered":"AMLO enviar\u00e1 a revisi\u00f3n iniciativa de Sheinbaum para que mujeres reciban pensi\u00f3n desde los 60 a\u00f1os"},"content":{"rendered":"<p>La iniciativa para la pensi\u00f3n a mujeres de entre 60 y 64 a\u00f1os surge de una propuesta presentada por la virtual presidenta electa de M\u00e9xico, Claudia Sheinbaum Pardo.<\/p>\n<div>\n<p>El presidente\u00a0<strong>Andr\u00e9s Manuel L\u00f3pez Obrador<\/strong>\u00a0inform\u00f3 este mi\u00e9rcoles que va a enviar a revisi\u00f3n la\u00a0<strong>iniciativa de reforma<\/strong>\u00a0para que las\u00a0<strong>mujeres<\/strong>\u00a0de 60 a 64 a\u00f1os ya tengan su\u00a0<strong>pensi\u00f3n<\/strong>, una medida que buscar\u00e1\u00a0<strong>elevar a rango constitucional<\/strong>.<\/p>\n<\/div>\n<div>\n<p>El mandatario asegur\u00f3 en su conferencia matutina desde Palacio Nacional que la iniciativa surge de una propuesta presentada por la virtual presidenta electa de M\u00e9xico,\u00a0<strong>Claudia Sheinbaum Pardo<\/strong>, aunque dijo que por cuestiones de fecha, \u201cnos va a tocar a nosotros\u201d enviarla.<\/p>\n<\/div>\n<div>\n<p><a href=\"https:\/\/editorial.aristeguinoticias.com\/wp-content\/uploads\/2024\/06\/amlo-claudia-sheinbaum-rts-2-12062024.jpg\"><img loading=\"lazy\" decoding=\"async\" class=\"aligncenter size-large wp-image-1397248\" src=\"https:\/\/editorial.aristeguinoticias.com\/wp-content\/uploads\/2024\/06\/amlo-claudia-sheinbaum-rts-2-12062024-700x438.jpg\" sizes=\"auto, (max-width: 700px) 100vw, 700px\" srcset=\"https:\/\/editorial.aristeguinoticias.com\/wp-content\/uploads\/2024\/06\/amlo-claudia-sheinbaum-rts-2-12062024-700x438.jpg 700w, https:\/\/editorial.aristeguinoticias.com\/wp-content\/uploads\/2024\/06\/amlo-claudia-sheinbaum-rts-2-12062024-250x156.jpg 250w, https:\/\/editorial.aristeguinoticias.com\/wp-content\/uploads\/2024\/06\/amlo-claudia-sheinbaum-rts-2-12062024-768x480.jpg 768w, https:\/\/editorial.aristeguinoticias.com\/wp-content\/uploads\/2024\/06\/amlo-claudia-sheinbaum-rts-2-12062024-628x393.jpg 628w, https:\/\/editorial.aristeguinoticias.com\/wp-content\/uploads\/2024\/06\/amlo-claudia-sheinbaum-rts-2-12062024-298x186.jpg 298w, https:\/\/editorial.aristeguinoticias.com\/wp-content\/uploads\/2024\/06\/amlo-claudia-sheinbaum-rts-2-12062024-295x184.jpg 295w, https:\/\/editorial.aristeguinoticias.com\/wp-content\/uploads\/2024\/06\/amlo-claudia-sheinbaum-rts-2-12062024-205x128.jpg 205w, https:\/\/editorial.aristeguinoticias.com\/wp-content\/uploads\/2024\/06\/amlo-claudia-sheinbaum-rts-2-12062024-720x450.jpg 720w, https:\/\/editorial.aristeguinoticias.com\/wp-content\/uploads\/2024\/06\/amlo-claudia-sheinbaum-rts-2-12062024-333x208.jpg 333w, https:\/\/editorial.aristeguinoticias.com\/wp-content\/uploads\/2024\/06\/amlo-claudia-sheinbaum-rts-2-12062024-120x75.jpg 120w, https:\/\/editorial.aristeguinoticias.com\/wp-content\/uploads\/2024\/06\/amlo-claudia-sheinbaum-rts-2-12062024.jpg 1200w\" alt=\"\" width=\"700\" height=\"438\" \/><\/a><\/p>\n<div>\n<blockquote><p>Ya cuando ella entre, m\u00e1s tardar principios del a\u00f1o pr\u00f3ximo, ya empieza.<\/p><\/blockquote>\n<\/div>\n<div>\n<p>Asimismo, afirm\u00f3 que\u00a0<strong>se mantendr\u00e1n las pensiones para adultos mayores durante el\u00a0<\/strong>siguiente sexenio. Tambi\u00e9n expres\u00f3 que, aunque la Constituci\u00f3n a\u00fan dice que es\u00a0<strong>68 a\u00f1os la edad establecida<\/strong>\u00a0para recibir una pensi\u00f3n universal, \u201cdesde hace dos o tres a\u00f1os\u201d se entrega a partir de los\u00a0<strong>65<\/strong>\u00a0para comunidades ind\u00edgenas, y ahora se buscar\u00e1 modificar la Carta Magna para que tenga rango constitucional y\u00a0<strong>se aplique a toda la poblaci\u00f3n<\/strong>\u00a0a partir de esta edad.<\/p>\n<p><em>Con informaci\u00f3n en proceso\u2026<\/em><\/p>\n<\/div>\n<p>Con informaci\u00f3n de Aristegui Noticias<\/p>\n<\/div>\n","protected":false},"excerpt":{"rendered":"<p>La iniciativa para la pensi\u00f3n a mujeres de entre 60 y 64 a\u00f1os surge de una propuesta presentada por la virtual presidenta electa de M\u00e9xico, Claudia Sheinbaum Pardo. El presidente\u00a0Andr\u00e9s Manuel L\u00f3pez Obrador\u00a0inform\u00f3 este mi\u00e9rcoles que va a enviar a revisi\u00f3n la\u00a0iniciativa de reforma\u00a0para que las\u00a0mujeres\u00a0de 60 a 64 a\u00f1os ya tengan su\u00a0pensi\u00f3n, una medida que buscar\u00e1\u00a0elevar a rango constitucional. El mandatario asegur\u00f3 en su conferencia matutina desde Palacio Nacional que la iniciativa surge de una propuesta presentada por la virtual presidenta electa de M\u00e9xico,\u00a0Claudia Sheinbaum Pardo, aunque dijo que por cuestiones de fecha, \u201cnos va a tocar a nosotros\u201d [&hellip;]<\/p>\n","protected":false},"author":3,"featured_media":96962,"comment_status":"open","ping_status":"open","sticky":false,"template":"","format":"standard","meta":{"_jetpack_newsletter_access":"","_jetpack_dont_email_post_to_subs":false,"_jetpack_newsletter_tier_id":0,"_jetpack_memberships_contains_paywalled_content":false,"_jetpack_feature_clip_id":0,"_jetpack_memberships_contains_paid_content":false,"footnotes":"","jetpack_publicize_message":"","jetpack_publicize_feature_enabled":true,"jetpack_social_post_already_shared":true,"jetpack_social_options":{"image_generator_settings":{"template":"highway","default_image_id":0,"font":"","enabled":false},"version":2},"jetpack_post_was_ever_published":false},"categories":[75,72],"tags":[],"class_list":["post-96961","post","type-post","status-publish","format-standard","has-post-thumbnail","hentry","category-nacional","category-portada","post--single"],"jetpack_publicize_connections":[],"jetpack_featured_media_url":"https:\/\/ovelanalista.com\/wp-content\/uploads\/2024\/06\/no-hay-division-amlo-sheinbaum-dice-vocera.jpeg","jetpack_sharing_enabled":true,"_links":{"self":[{"href":"https:\/\/ovelanalista.com\/index.php?rest_route=\/wp\/v2\/posts\/96961","targetHints":{"allow":["GET"]}}],"collection":[{"href":"https:\/\/ovelanalista.com\/index.php?rest_route=\/wp\/v2\/posts"}],"about":[{"href":"https:\/\/ovelanalista.com\/index.php?rest_route=\/wp\/v2\/types\/post"}],"author":[{"embeddable":true,"href":"https:\/\/ovelanalista.com\/index.php?rest_route=\/wp\/v2\/users\/3"}],"replies":[{"embeddable":true,"href":"https:\/\/ovelanalista.com\/index.php?rest_route=%2Fwp%2Fv2%2Fcomments&post=96961"}],"version-history":[{"count":1,"href":"https:\/\/ovelanalista.com\/index.php?rest_route=\/wp\/v2\/posts\/96961\/revisions"}],"predecessor-version":[{"id":96963,"href":"https:\/\/ovelanalista.com\/index.php?rest_route=\/wp\/v2\/posts\/96961\/revisions\/96963"}],"wp:featuredmedia":[{"embeddable":true,"href":"https:\/\/ovelanalista.com\/index.php?rest_route=\/wp\/v2\/media\/96962"}],"wp:attachment":[{"href":"https:\/\/ovelanalista.com\/index.php?rest_route=%2Fwp%2Fv2%2Fmedia&parent=96961"}],"wp:term":[{"taxonomy":"category","embeddable":true,"href":"https:\/\/ovelanalista.com\/index.php?rest_route=%2Fwp%2Fv2%2Fcategories&post=96961"},{"taxonomy":"post_tag","embeddable":true,"href":"https:\/\/ovelanalista.com\/index.php?rest_route=%2Fwp%2Fv2%2Ftags&post=96961"}],"curies":[{"name":"wp","href":"https:\/\/api.w.org\/{rel}","templated":true}]}}