{"id":96964,"date":"2024-06-12T11:40:14","date_gmt":"2024-06-12T17:40:14","guid":{"rendered":"https:\/\/ovelanalista.com\/?p=96964"},"modified":"2024-06-12T11:40:14","modified_gmt":"2024-06-12T17:40:14","slug":"foros-de-discusion-de-la-reforma-judicial-comenzaran-la-proxima-semana-adelanta-monreal","status":"publish","type":"post","link":"https:\/\/ovelanalista.com\/?p=96964","title":{"rendered":"Foros de discusi\u00f3n de la reforma judicial comenzar\u00e1n la pr\u00f3xima semana, adelanta Monreal"},"content":{"rendered":"<p>Ricardo Monreal dijo que el encuentro con la futura presidenta fue &#8216;bueno&#8217; y confi\u00f3 en que la reforma judicial sea aprobada en septiembre.<\/p>\n<div>\n<p>El senador morenista\u00a0<strong>Ricardo Monreal \u00c1vila asegur\u00f3 que tentativamente la pr\u00f3xima semana empezar\u00e1n los foros de discusi\u00f3n de la reforma judicial<\/strong>\u00a0propuesta por el presidente Andr\u00e9s Manuel L\u00f3pez Obrador y a la que ha dado su respaldo la virtual presidenta electa, Claudia Sheinbaum.<\/p>\n<\/div>\n<div>\n<p><strong>\u201cYo creo que ya, la pr\u00f3xima semana.<\/strong>\u00a0Pudieran ser en el Congreso, pero en donde participen todos, es lo natural que sea en el Congreso porque ah\u00ed es donde finalmente descansa la decisi\u00f3n\u201d, dijo a medios de comunicaci\u00f3n este martes.<\/p>\n<\/div>\n<div>\n<p>Los foros se realizar\u00edan\u00a0<strong>\u201ctodo el mes de junio, todo el mes de julio, y todo el mes de agosto\u201d\u00a0<\/strong>y se llevar\u00e1n a cabo, adem\u00e1s de la Ciudad de M\u00e9xico, en algunos estados con el fin de \u201cescuchar al mayor n\u00famero de personas interesadas\u201d.<\/p>\n<\/div>\n<div data-google-query-id=\"CJLN5N3N1oYDFUAnigMddoIDaw\">\n<div>\n<p>\u201cHay buen \u00e1nimo, actitud de apertura y mucha sensibilidad por parte de la virtual presidenta\u201d, declar\u00f3 Monreal al salir de una reuni\u00f3n en la casa de transici\u00f3n de Sheinbaum, a la que asistieron tambi\u00e9n<strong>\u00a0Ad\u00e1n Augusto L\u00f3pez Hern\u00e1ndez,<\/strong>\u00a0el coordinador de los diputados morenistas,\u00a0<strong>Ignacio Mier,<\/strong>\u00a0y el ministro en retiro de la Suprema Corte de Justicia de la Naci\u00f3n (SCJN),\u00a0<strong>Arturo Zald\u00edvar Lelo de Larrea.<\/strong><\/p>\n<\/div>\n<div>\n<p>Dijo que el encuentro con la virtual presidenta electa fue \u201cbueno\u201d y<strong>\u00a0confi\u00f3 en que la reforma judicial sea aprobada en septiembre.<\/strong><\/p>\n<\/div>\n<div>\n<p>El coordinador de Organizaci\u00f3n y Enlace Territorial durante la campa\u00f1a, asegur\u00f3 que Sheinbaum \u201ces una persona humanista, y capaz\u201d, por lo que pidi\u00f3 a los inversionistas que\u00a0<strong>tengan confianza en el nuevo gobierno\u201d<\/strong>, ya que \u201cva a generar condiciones inmejorables de desarrollo para el pa\u00eds\u201d.<\/p>\n<\/div>\n<div>\n<div id=\"div-gpt-ad-ddnotamexicoZA_box_b\" data-google-query-id=\"CI2xp-LN1oYDFarnKAUdWikhMA\">\n<div id=\"google_ads_iframe_\/21624040141\/ddnotamexicoZA_box_b_0__container__\"><\/div>\n<\/div>\n<\/div>\n<div>\n<p><a href=\"https:\/\/editorial.aristeguinoticias.com\/wp-content\/uploads\/2024\/06\/Sheinbaum-afirma-inversionistas-tienen-preocuparse-ante-reforma-judicial-11062024.jpg\"><img loading=\"lazy\" decoding=\"async\" class=\"aligncenter wp-image-1397132 size-large\" src=\"https:\/\/editorial.aristeguinoticias.com\/wp-content\/uploads\/2024\/06\/Sheinbaum-afirma-inversionistas-tienen-preocuparse-ante-reforma-judicial-11062024-700x438.jpg\" sizes=\"auto, (max-width: 700px) 100vw, 700px\" srcset=\"https:\/\/editorial.aristeguinoticias.com\/wp-content\/uploads\/2024\/06\/Sheinbaum-afirma-inversionistas-tienen-preocuparse-ante-reforma-judicial-11062024-700x438.jpg 700w, https:\/\/editorial.aristeguinoticias.com\/wp-content\/uploads\/2024\/06\/Sheinbaum-afirma-inversionistas-tienen-preocuparse-ante-reforma-judicial-11062024-250x156.jpg 250w, https:\/\/editorial.aristeguinoticias.com\/wp-content\/uploads\/2024\/06\/Sheinbaum-afirma-inversionistas-tienen-preocuparse-ante-reforma-judicial-11062024-768x480.jpg 768w, https:\/\/editorial.aristeguinoticias.com\/wp-content\/uploads\/2024\/06\/Sheinbaum-afirma-inversionistas-tienen-preocuparse-ante-reforma-judicial-11062024-628x393.jpg 628w, https:\/\/editorial.aristeguinoticias.com\/wp-content\/uploads\/2024\/06\/Sheinbaum-afirma-inversionistas-tienen-preocuparse-ante-reforma-judicial-11062024-298x186.jpg 298w, https:\/\/editorial.aristeguinoticias.com\/wp-content\/uploads\/2024\/06\/Sheinbaum-afirma-inversionistas-tienen-preocuparse-ante-reforma-judicial-11062024-295x184.jpg 295w, https:\/\/editorial.aristeguinoticias.com\/wp-content\/uploads\/2024\/06\/Sheinbaum-afirma-inversionistas-tienen-preocuparse-ante-reforma-judicial-11062024-205x128.jpg 205w, https:\/\/editorial.aristeguinoticias.com\/wp-content\/uploads\/2024\/06\/Sheinbaum-afirma-inversionistas-tienen-preocuparse-ante-reforma-judicial-11062024-720x450.jpg 720w, https:\/\/editorial.aristeguinoticias.com\/wp-content\/uploads\/2024\/06\/Sheinbaum-afirma-inversionistas-tienen-preocuparse-ante-reforma-judicial-11062024-333x208.jpg 333w, https:\/\/editorial.aristeguinoticias.com\/wp-content\/uploads\/2024\/06\/Sheinbaum-afirma-inversionistas-tienen-preocuparse-ante-reforma-judicial-11062024-120x75.jpg 120w, https:\/\/editorial.aristeguinoticias.com\/wp-content\/uploads\/2024\/06\/Sheinbaum-afirma-inversionistas-tienen-preocuparse-ante-reforma-judicial-11062024.jpg 1200w\" alt=\"\" width=\"700\" height=\"438\" \/><\/a><\/p>\n<\/div>\n<div>\n<p>Monreal \u00c1vila no quiso adelantar si la propuesta de que los ministros de la Corte sean electos por voto popular ser\u00e1 una condici\u00f3n para la aprobaci\u00f3n de la reforma, ya que ello\u00a0<strong>depender\u00e1 de las \u201cprioridades\u201d que tenga la futura presidenta.<\/strong><\/p>\n<\/div>\n<div>\n<p>Sin embargo, durante la reuni\u00f3n, Sheinbaum\u00a0<strong>\u201cratific\u00f3 su compromiso de ayer, de que habr\u00eda di\u00e1logo,<\/strong>\u00a0que se escuchar\u00eda en foros tem\u00e1ticos a quienes estuvieran interesados en las reformas, particularmente la judicial, para que participaran en esta amplia discusi\u00f3n jueces, magistrados, abogados, trabajadores del Poder Judicial, abogados, colegios de abogados\u201d.<\/p>\n<\/div>\n<div>\n<div id=\"div-gpt-ad-ddnotamexicoZA_box_c\" data-google-query-id=\"CLzdgOTN1oYDFUbMKAUdyScidQ\">\n<div id=\"google_ads_iframe_\/21624040141\/ddnotamexicoZA_box_c_0__container__\"><\/div>\n<\/div>\n<\/div>\n<div>\n<p>Tambi\u00e9n entrevistado a su salida, Arturo Zald\u00edvar asegur\u00f3 que la virtual presidenta electa est\u00e1\u00a0<strong>dispuesta a dialogar y a ajustar la reforma al Poder Judicial<\/strong>\u00a0y que la conversaci\u00f3n con Sheinbaum trat\u00f3 sobre\u00a0c\u00f3mo se realizar\u00e1n las discusiones y la consulta que ya se anunci\u00f3 sobre el tema.<\/p>\n<\/div>\n<div>\n<p>\u201c(Se platic\u00f3) sobre\u00a0<strong>cu\u00e1l va a ser el formato de la consulta, de los di\u00e1logos<\/strong>, para socializar y analizar y que se conozca la iniciativa de reforma. La intenci\u00f3n es abrir el di\u00e1logo\u201c, dijo.<\/p>\n<\/div>\n<div>\n<p>\u201cMe parece que el pueblo de M\u00e9xico vot\u00f3 por esta reforma, no obstante, la intenci\u00f3n de apertura de la presidenta electa es que se discuta, se conozca, se dialogue\u00a0<strong>y se ajuste lo que se tenga que ajustar\u201d, coment\u00f3.<\/strong><\/p>\n<div>\n<p>A\u00f1adi\u00f3 que durante la consulta de la reforma al Poder Judicial se analizar\u00e1, por ejemplo,\u00a0<strong>si los ministros deben ser elegidos mediante voto popular,<\/strong>\u00a0como propone el presidente L\u00f3pez Obrador.<\/p>\n<\/div>\n<div>\n<p>Previamente, Sheinbaum<strong>\u00a0asegur\u00f3 a los inversionistas que \u201cno tienen de qu\u00e9 preocuparse\u201d<\/strong> por la reforma judicial que impulsa el gobierno y que permitir\u00eda elegir por voto popular a jueces y ministros de la Corte.<\/p>\n<\/div>\n<div>\n<p>\u201cLos inversionistas nacionales y extranjeros no tienen de qu\u00e9 preocupars<strong>e. Sus inversiones son seguras en M\u00e9xico<\/strong>\u00a0en el marco, evidentemente, de nuestras leyes\u201d, asever\u00f3 en una conferencia de prensa en su casa de transici\u00f3n tras reunirse con representantes del gobierno de Estados Unidos.<\/p>\n<\/div>\n<div>\n<p>La pr\u00f3xima presidenta de M\u00e9xico dijo que la \u2018cuarta transformaci\u00f3n\u2019 busca<strong>\u00a0procurar una mayor justicia \u201cen todos los sentidos\u201d,<\/strong>\u00a0con un \u201csistema de justicia que funcione\u201d.<\/p>\n<\/div>\n<p>Con informaci\u00f3n de Aristegui Noticias<\/p>\n<\/div>\n<\/div>\n","protected":false},"excerpt":{"rendered":"<p>Ricardo Monreal dijo que el encuentro con la futura presidenta fue &#8216;bueno&#8217; y confi\u00f3 en que la reforma judicial sea aprobada en septiembre. El senador morenista\u00a0Ricardo Monreal \u00c1vila asegur\u00f3 que tentativamente la pr\u00f3xima semana empezar\u00e1n los foros de discusi\u00f3n de la reforma judicial\u00a0propuesta por el presidente Andr\u00e9s Manuel L\u00f3pez Obrador y a la que ha dado su respaldo la virtual presidenta electa, Claudia Sheinbaum. \u201cYo creo que ya, la pr\u00f3xima semana.\u00a0Pudieran ser en el Congreso, pero en donde participen todos, es lo natural que sea en el Congreso porque ah\u00ed es donde finalmente descansa la decisi\u00f3n\u201d, dijo a medios de [&hellip;]<\/p>\n","protected":false},"author":3,"featured_media":96965,"comment_status":"open","ping_status":"open","sticky":false,"template":"","format":"standard","meta":{"_jetpack_newsletter_access":"","_jetpack_dont_email_post_to_subs":false,"_jetpack_newsletter_tier_id":0,"_jetpack_memberships_contains_paywalled_content":false,"_jetpack_feature_clip_id":0,"_jetpack_memberships_contains_paid_content":false,"footnotes":"","jetpack_publicize_message":"","jetpack_publicize_feature_enabled":true,"jetpack_social_post_already_shared":true,"jetpack_social_options":{"image_generator_settings":{"template":"highway","default_image_id":0,"font":"","enabled":false},"version":2},"jetpack_post_was_ever_published":false},"categories":[75,72],"tags":[],"class_list":["post-96964","post","type-post","status-publish","format-standard","has-post-thumbnail","hentry","category-nacional","category-portada","post--single"],"jetpack_publicize_connections":[],"jetpack_featured_media_url":"https:\/\/ovelanalista.com\/wp-content\/uploads\/2024\/06\/ricardo-monreal-casa-transicion-sheinbaum-12062024.jpeg","jetpack_sharing_enabled":true,"_links":{"self":[{"href":"https:\/\/ovelanalista.com\/index.php?rest_route=\/wp\/v2\/posts\/96964","targetHints":{"allow":["GET"]}}],"collection":[{"href":"https:\/\/ovelanalista.com\/index.php?rest_route=\/wp\/v2\/posts"}],"about":[{"href":"https:\/\/ovelanalista.com\/index.php?rest_route=\/wp\/v2\/types\/post"}],"author":[{"embeddable":true,"href":"https:\/\/ovelanalista.com\/index.php?rest_route=\/wp\/v2\/users\/3"}],"replies":[{"embeddable":true,"href":"https:\/\/ovelanalista.com\/index.php?rest_route=%2Fwp%2Fv2%2Fcomments&post=96964"}],"version-history":[{"count":1,"href":"https:\/\/ovelanalista.com\/index.php?rest_route=\/wp\/v2\/posts\/96964\/revisions"}],"predecessor-version":[{"id":96966,"href":"https:\/\/ovelanalista.com\/index.php?rest_route=\/wp\/v2\/posts\/96964\/revisions\/96966"}],"wp:featuredmedia":[{"embeddable":true,"href":"https:\/\/ovelanalista.com\/index.php?rest_route=\/wp\/v2\/media\/96965"}],"wp:attachment":[{"href":"https:\/\/ovelanalista.com\/index.php?rest_route=%2Fwp%2Fv2%2Fmedia&parent=96964"}],"wp:term":[{"taxonomy":"category","embeddable":true,"href":"https:\/\/ovelanalista.com\/index.php?rest_route=%2Fwp%2Fv2%2Fcategories&post=96964"},{"taxonomy":"post_tag","embeddable":true,"href":"https:\/\/ovelanalista.com\/index.php?rest_route=%2Fwp%2Fv2%2Ftags&post=96964"}],"curies":[{"name":"wp","href":"https:\/\/api.w.org\/{rel}","templated":true}]}}