{"id":96967,"date":"2024-06-12T11:43:10","date_gmt":"2024-06-12T17:43:10","guid":{"rendered":"https:\/\/ovelanalista.com\/?p=96967"},"modified":"2024-06-12T11:43:10","modified_gmt":"2024-06-12T17:43:10","slug":"exhiben-a-juez-por-caso-caro-quintero","status":"publish","type":"post","link":"https:\/\/ovelanalista.com\/?p=96967","title":{"rendered":"Exhiben a Juez por caso Caro Quintero"},"content":{"rendered":"<div id=\"post-body-5699280246903319573\" class=\"post-body entry-content\">\n<div class=\"post-body-inner\">\n<div>El magistrado concedi\u00f3 un amparo al detenido para evitar la extradici\u00f3n a Estados Unidos<\/div>\n<p>&nbsp;<\/p>\n<p>M\u00e9xico.- El subsecretario de Seguridad y Protecci\u00f3n Ciudadana, Luis Rodr\u00edguez Bucio, ha puesto en evidencia al juez Jos\u00e9 Fernando Garc\u00eda Quiroz luego de que este concediera un amparo indirecto a Rafael Caro Quintero, impidiendo as\u00ed su extradici\u00f3n a Estados Unidos, donde enfrenta cargos por el asesinato del agente de la DEA, Enrique \u201cKiki\u201d Camarena.<\/p>\n<p>Durante la presentaci\u00f3n del informe de \u201cCero Impunidad\u201d en la conferencia del presidente Andr\u00e9s Manuel L\u00f3pez Obrador, el funcionario inform\u00f3 que el pasado 27 de mayo el juez Garc\u00eda Quiroz otorg\u00f3 una suspensi\u00f3n de plano para evitar la extradici\u00f3n.<\/p>\n<p>La sentencia establece que las autoridades deben \u201cabstenerse de ejecutar en su contra la petici\u00f3n de extradici\u00f3n al Gobierno de Estados Unidos y cesar todo acto prohibido por el art\u00edculo 22 Constitucional y 15 de la Ley de Amparo\u201d.<\/p>\n<p>Rodr\u00edguez Bucio record\u00f3 que Caro Quintero fue detenido con fines de extradici\u00f3n el 15 de julio de 2022 en el municipio de Choix, Sinaloa.<\/p>\n<p>El subsecretario de Seguridad detall\u00f3 que el juez fij\u00f3 la fecha de la audiencia constitucional para el 26 de junio de 2024, en la que se decidir\u00e1 si se concede el amparo definitivo al otrora narcotraficante.<\/p>\n<p>Es importante destacar que Rafael Caro Quintero es requerido por el Distrito Central de California por el secuestro y asesinato de \u2018Kiki\u2019 Camarena.<\/p>\n<\/div>\n<div class=\"clear\"><\/div>\n<div class=\"post-pagination\">Con informaci\u00f3n de Entre Veredas<\/div>\n<div class=\"clear\"><\/div>\n<\/div>\n<div class=\"post-footer\">\n<div class=\"post-labels post-section\"><\/div>\n<\/div>\n","protected":false},"excerpt":{"rendered":"<p>El magistrado concedi\u00f3 un amparo al detenido para evitar la extradici\u00f3n a Estados Unidos &nbsp; M\u00e9xico.- El subsecretario de Seguridad y Protecci\u00f3n Ciudadana, Luis Rodr\u00edguez Bucio, ha puesto en evidencia al juez Jos\u00e9 Fernando Garc\u00eda Quiroz luego de que este concediera un amparo indirecto a Rafael Caro Quintero, impidiendo as\u00ed su extradici\u00f3n a Estados Unidos, donde enfrenta cargos por el asesinato del agente de la DEA, Enrique \u201cKiki\u201d Camarena. Durante la presentaci\u00f3n del informe de \u201cCero Impunidad\u201d en la conferencia del presidente Andr\u00e9s Manuel L\u00f3pez Obrador, el funcionario inform\u00f3 que el pasado 27 de mayo el juez Garc\u00eda Quiroz otorg\u00f3 [&hellip;]<\/p>\n","protected":false},"author":3,"featured_media":96968,"comment_status":"open","ping_status":"open","sticky":false,"template":"","format":"standard","meta":{"_jetpack_newsletter_access":"","_jetpack_dont_email_post_to_subs":false,"_jetpack_newsletter_tier_id":0,"_jetpack_memberships_contains_paywalled_content":false,"_jetpack_feature_clip_id":0,"_jetpack_memberships_contains_paid_content":false,"footnotes":"","jetpack_publicize_message":"","jetpack_publicize_feature_enabled":true,"jetpack_social_post_already_shared":true,"jetpack_social_options":{"image_generator_settings":{"template":"highway","default_image_id":0,"font":"","enabled":false},"version":2},"jetpack_post_was_ever_published":false},"categories":[75,72],"tags":[],"class_list":["post-96967","post","type-post","status-publish","format-standard","has-post-thumbnail","hentry","category-nacional","category-portada","post--single"],"jetpack_publicize_connections":[],"jetpack_featured_media_url":"https:\/\/ovelanalista.com\/wp-content\/uploads\/2024\/06\/NACIONAL-RAFAEL-CARO-QUINTERO.jpeg","jetpack_sharing_enabled":true,"_links":{"self":[{"href":"https:\/\/ovelanalista.com\/index.php?rest_route=\/wp\/v2\/posts\/96967","targetHints":{"allow":["GET"]}}],"collection":[{"href":"https:\/\/ovelanalista.com\/index.php?rest_route=\/wp\/v2\/posts"}],"about":[{"href":"https:\/\/ovelanalista.com\/index.php?rest_route=\/wp\/v2\/types\/post"}],"author":[{"embeddable":true,"href":"https:\/\/ovelanalista.com\/index.php?rest_route=\/wp\/v2\/users\/3"}],"replies":[{"embeddable":true,"href":"https:\/\/ovelanalista.com\/index.php?rest_route=%2Fwp%2Fv2%2Fcomments&post=96967"}],"version-history":[{"count":1,"href":"https:\/\/ovelanalista.com\/index.php?rest_route=\/wp\/v2\/posts\/96967\/revisions"}],"predecessor-version":[{"id":96969,"href":"https:\/\/ovelanalista.com\/index.php?rest_route=\/wp\/v2\/posts\/96967\/revisions\/96969"}],"wp:featuredmedia":[{"embeddable":true,"href":"https:\/\/ovelanalista.com\/index.php?rest_route=\/wp\/v2\/media\/96968"}],"wp:attachment":[{"href":"https:\/\/ovelanalista.com\/index.php?rest_route=%2Fwp%2Fv2%2Fmedia&parent=96967"}],"wp:term":[{"taxonomy":"category","embeddable":true,"href":"https:\/\/ovelanalista.com\/index.php?rest_route=%2Fwp%2Fv2%2Fcategories&post=96967"},{"taxonomy":"post_tag","embeddable":true,"href":"https:\/\/ovelanalista.com\/index.php?rest_route=%2Fwp%2Fv2%2Ftags&post=96967"}],"curies":[{"name":"wp","href":"https:\/\/api.w.org\/{rel}","templated":true}]}}