{"id":96977,"date":"2024-06-13T10:14:20","date_gmt":"2024-06-13T16:14:20","guid":{"rendered":"https:\/\/ovelanalista.com\/?p=96977"},"modified":"2024-06-13T10:14:20","modified_gmt":"2024-06-13T16:14:20","slug":"dialogo-el-gran-pendiente-en-la-agenda-publica-nacional","status":"publish","type":"post","link":"https:\/\/ovelanalista.com\/?p=96977","title":{"rendered":"Di\u00e1logo: El gran pendiente en la agenda p\u00fablica nacional"},"content":{"rendered":"<p><strong>H\u00e9ctor Calder\u00f3n Hallal<\/strong><\/p>\n<p><strong>Alienta\u2026 inspira confianza,<\/strong>\u00a0el solo hecho de que la candidata de la coalici\u00f3n oficialista,\u00a0<strong>Claudia Sheinbaum Pardov<\/strong>, quien se perfila\u00a0<strong>seg\u00fan los resultados oficiales<\/strong>\u00a0como la pr\u00f3xima\u00a0<strong>Presidenta de la Rep\u00fablica \u2013si es que legalmente no se comprueba el aludido fraude electoral por la oposici\u00f3n- muestre con su actitud una\u00a0<\/strong>\u2013al menos- incipiente actitud\u00a0<strong>\u2018revisionista\u2019<\/strong>\u00a0a las acciones y\u00a0<strong>pretensiones claras del \u2018troglodita\u2019\u00a0<\/strong>que ha estado todo este tiempo tras ella, impulsando, planeando y financiando su campa\u00f1a pol\u00edtica\u2026<strong>\u00a0s\u00ed\u2026 ya saben ustedes a qui\u00e9n me refiero.<\/strong><\/p>\n<p>Ese\u00a0<strong>\u2018prestidigitador\u2019<\/strong>\u00a0de la\u00a0<strong>operaci\u00f3n y la propaganda electoral<\/strong>, que ha estado cobrando impunemente los\u00a0<strong>\u00faltimos seis a\u00f1os como Presidente de M\u00e9xico<\/strong>, sin desempe\u00f1ar su funci\u00f3n de gobernanza y\u00a0<strong>administraci\u00f3n prudente, ni un solo d\u00eda de su mandato.<\/strong><\/p>\n<p>Ese\u00a0<strong>\u2018marabarista del lenguaje\u2019<\/strong>\u00a0que nos ha\u00a0<strong>mentido de manera sistem\u00e1tica<\/strong>\u00a0y que hoy, que\u00a0<strong>inexplicablemente del todo aun<\/strong>\u00a0\u2013para el suscrito-\u00a0<strong>lo ha ganado todo en la reciente elecci\u00f3n,<\/strong>\u00a0sin conmiseraci\u00f3n alguna\u00a0<strong>para esa otra gran mitad poblacional de su pueblo<\/strong>, que le clama piadosamente por un \u00faltimo lapso de\u00a0<strong>prudencia y sensatez<\/strong>\u00a0desde el Gobierno, le anuncia que en los \u00faltimos 30 d\u00edas de su mandato, enviar\u00e1 al\u00a0<strong>Poder Legislativo<\/strong>, las \u00faltimas 20 reformas propuestas desde antes que contemplar su\u00a0<strong>\u201cmayor\u00eda absoluta\u201d<\/strong>\u00a0obtenida en la elecci\u00f3n del domingo 2 de junio, entre ellas la reforma a los organismoa aut\u00f3nomos como\u00a0<strong>el INE y el INAI<\/strong>\u2026 al mism\u00edsimo\u00a0<strong>Poder Judicial de la Federaci\u00f3n<\/strong>\u2026 cuyo s\u00f3lo anuncio de parte de sus paneg\u00edricos y lambiscones diputados como el poblano\u00a0<strong>Ignacio Mier<\/strong>, ya caus\u00f3 la devaluaci\u00f3n del otrora\u00a0<strong>\u201cfortach\u00f3n\u201d Peso Mexicano, de los 16 a los casi 19 pesos por D\u00f3lar Estadounidense.<\/strong><\/p>\n<p>Sin embargo, algo hay en las respuestas de Sheinbaum Pardov, que nos hace albergar la esperanza de que \u201cdar\u00e1 ella un golpe de tim\u00f3n\u201d prudente, al c\u00famulo de sandeces y \u201ctonte\u2026jadas\u201d que nos ha venido recetando el \u201cmes\u00edas tropical\u201d a lo largo de su malhadado sexenio de desgobierno, una vez convertida en Presidenta Constitucional.<\/p>\n<p>En dos o quiz\u00e1 tres ocasiones, ante la\u00a0<strong>\u201csospechosa premura\u201d<\/strong>\u00a0que muestra el AMLO al asegurar que en septiembre y no despu\u00e9s, ser\u00e1 cuando env\u00ede y sean aprobadas en las c\u00e1maras legislativas su paquete de\u00a0<strong>reformas nefastas<\/strong>, ante ello \u2013se reitera- la candidata\u00a0<strong>Claudia Sheinbaum<\/strong>\u00a0ha acotado al presidente y ha contestado con mesura ante los medios, ponderando la necesidades de abrir el di\u00e1logo con los diferentes\u00a0<strong>sectores de la sociedad mexicana.<\/strong><\/p>\n<p>Una muy prudente y esperanzadora actitud; es de esperarse que la asuma siempre y sobre todo, a partir del\u00a0<strong>1 de octubre\u00a0<\/strong>en que tendr\u00e1 que deslindarse en muchos aspectos \u2013sino es que en la totalidad- de la mala influencia de\u00a0<strong>L\u00f3pez Obrador.<\/strong><\/p>\n<p><strong>S\u00ed\u2026 Claudia nos alienta<\/strong>\u00a0en la posibilidad de que trastocar\u00e1 esa\u00a0<strong>pol\u00edtica de \u201ccerraz\u00f3n\u201d y ausencia de di\u00e1logo, instrumento in-dis-pen-sa-ble<\/strong>\u00a0para la consolidaci\u00f3n de la pol\u00edtica y por supuesto, de la vida demodr\u00e1tica \u2013no solo en M\u00e9xico- sino en cualquier parte del mundo\u2026 y en cualquier momento de la historia del que se hable o escriba.<\/p>\n<p><strong>Sin di\u00e1logo, cualquier Gobierno es una tiran\u00eda\u2026 una dictadura.<\/strong>\u00a0Con todo y que hoy pomposamente se le llame a esta forma alcanzada por la sociedad mexicana en los \u00faltimos seis a\u00f1os, la \u201cautocracia popular\u201d o la\u00a0<strong>\u201cdictadura de las mayor\u00edas\u201d\u2026<\/strong>\u00a0una mayor\u00eda que apenas\u00a0<strong>sobrepasa el 50% -pudiendo gravitar incluso en el 60%, supongamos- pero que\u2026 si no escucha a ese otro \u201ccuarentaytantos por ciento\u201d\u2026 es una tiran\u00eda\u2026. \u201c\u00a1Aqu\u00ed y en China!\u201d.<\/strong><\/p>\n<p>Porque, d\u00edganme ustedes, caros lectores\u2026\u00a0<strong>\u00bfCu\u00e1ndo se ha sabido o se ha filtrado siquiera, que el \u201cpresidente\u201d L\u00f3pez Obrador se haya reunido o haya recibido en Palacio o en alg\u00fan otro recinto a miembros o voceros de la oposici\u00f3n a Morena y su Gobierno?\u2026 Nunca.<\/strong><\/p>\n<p>Este presidente ha roto el molde\u2026 ha roto registros y palmar\u00e9s en el terreno del abandono a las obligaciones (m\u00e1s que formalidades y cortes\u00edas) que como Presidente \u201cde todos los mexicanos\u201d tiene\u2026. Por ley\u2026\u00a0<strong>\u00bfO qu\u00e9? Nom\u00e1s toma el cincuentaytantos por ciento del presupuesto destinado al gasto p\u00fablico<\/strong>\u00a0proveniente de sus\u00a0<strong>\u201cbabeantes seguidores\u201d<\/strong>\u2026<strong>\u00a0y el resto no lo toca por \u201cdignidad? No se\u00f1ores\u2026 nada de eso\u2026 \u201carremanga todo lo que est\u00e9 a su paso\u201d\u2026 como la langosta.<\/strong><\/p>\n<p>Por muy\u00a0<strong>\u201cmalos\u201d\u00a0<\/strong>que hayan sido \u2013a juicio de sus\u00a0<strong>malquerientes y cr\u00edticos<\/strong>\u2013 los presidentes emanados del\u00a0<strong>PRI y el PAN en el pasado<\/strong>, siempre tuvieron la responsabilidad de\u00a0<strong>reunirse, de recibir\u2026 de escuchar a las comisiones de legisladores y dirigentes de partidos de oposici\u00f3n\u2026 y hasta se negoci\u00f3<\/strong>\u00a0en muchos momentos de la historia con ellos. Este Presidente,\u00a0<strong>L\u00f3pez Obrador, no tuvo un solo rasgo democr\u00e1tico como ese\u2026<\/strong>\u00a0tal cual como si hubiera\u00a0<strong>llegado por la v\u00eda de las armas, del \u201cGolpe de Estado\u201d al Poder\u2026. Y no por la v\u00eda de las urnas como lo hizo\u2026 y se le reconoci\u00f3 sin problemas.<\/strong><\/p>\n<p><strong>El Di\u00e1logo<\/strong>\u00a0constituye por s\u00ed mismo como atributo personal,\u00a0<strong>una forma de vida<\/strong>\u2026 no s\u00f3lo un instrumento de comunicaci\u00f3n y entendimiento.<\/p>\n<p>Implica toda una concepci\u00f3n \u00e9tica del ser humano y de la sociedad, sustentada en el reconocimiento del otro como un ser digno, libre y diferente, con el que se puede establecer una relaci\u00f3n de respeto, confianza y solidaridad.<\/p>\n<p>Por lo que se deduce que\u00a0<strong>L\u00f3pez Obrador\u00a0<\/strong>no nos ha tenido el m\u00ednimo de los respetos a los que no pensamos como \u00e9l\u2026 y como pol\u00edtico, desde aqu\u00ed se lo digo\u2026. Para m\u00ed\u2026 \u00a1<strong>Ha fracasado rotundamente\u2026 pues no fue capaz de unificarnos como poblaci\u00f3n\u2026<\/strong>\u00a0no fue capaz de convencernos a la totalidad de los mexicanos con el m\u00ednimo de los razonamientos\u2026 no fue capaz de movernos a la acci\u00f3n concertada de todos como un solo pa\u00eds\u2026 no fue capaz de conmoverse con la tragedia de muchos cientos de miles de mexicanos que padecieron su\u00a0<strong>desatenci\u00f3n, su descuido, su mezquindad,<\/strong>\u00a0como los\u00a0<strong>ni\u00f1os con c\u00e1ncer, los enfermos que demandaban medicinas en hospitales p\u00fablicos, como los enfermos de Covid, quienes por cierto muchos de ellos murieron con la esperanza de que ser\u00eda usted su salvaci\u00f3n\u2026 y tampoco\u2026 tampoco fue capaz de conmovernos, a la otra gran mitad de la poblaci\u00f3n, con su mon\u00f3logo matutino, al que por decreto usted quiso etiquetarlo como un \u201cDi\u00e1logo Circular\u201d,<\/strong>\u00a0donde nunca acept\u00f3 ni los \u201cdatos\u201d ni las razones de otros\u2026\u00a0<strong>es usted un perfecto aut\u00f3crata\u2026 y lo que es peor, con complejo de \u201caut\u00e1rquico\u201d, pues nos quiere arrollar a la poblaci\u00f3n mexicana en su conjunto, al aislamiento y al atraso en el concierto de las naciones.<\/strong><\/p>\n<p>La Pol\u00edtica como materia, puede entenderse como aquella que estudia la actividad de del individuo que participa en la vida p\u00fablica, trabajando por llegar a acuerdos, evitando o reduciendo el conflicto a cero entre los miembros que conviven en el mismo espacio (lo que no necesariamente significa vivir en paz, porque puede haber tensiones) y que tiene como objetivo lograr el\u00a0<strong>Bien de la Comunidad.<\/strong><\/p>\n<p>La Pol\u00edtica incluye\u00a0<strong>la pr\u00e1ctica de la tolerancia y el respeto a las diferencias<\/strong>.\u00a0<strong>La tolerancia debe ser un respeto rec\u00edproco; valor indispensable si tenemos la intenci\u00f3n de lograr un entendimiento y reconocernos como iguales en derechos en una Rep\u00fablica democr\u00e1tica.<\/strong><\/p>\n<p><strong>El reconocimiento incide en el respeto jur\u00eddico.<\/strong><\/p>\n<p>Algo que\u00a0<strong>usted desconoce, desprecia o minimiza.<\/strong>\u00a0Lo relativo a las leyes. Pues\u2026\u00a0<strong>\u00bfQu\u00e9 clase de gobernante es usted Andr\u00e9s Manuel?<\/strong><\/p>\n<p>Desde 1997\u00a0<strong>Axel Honneth, el brillante soci\u00f3logo alem\u00e1n, de la escuela cl\u00e1sica \u201chegeliana\u201d, constructor de la llamada \u201cTeor\u00eda del Reconocimiento\u201d,\u00a0<\/strong>rescat\u00f3 con sus principios te\u00f3ricos, el sentido de\u00a0<strong>identidad moral de las personas y la importancia para la autorrealizaci\u00f3n que tienen las relaciones intersubjetivas de reconocimiento.\u00a0<\/strong>Debemos reconocernos pues, como individuos\u2026\u00a0<strong>entre sujetos vernos como iguales\u2026 seamos de una ideolog\u00f3a o de otra\u2026. De Morena o del PRIAN\u2026. O de ninguna\u2026.. todos tenemos el mismo valor frente a la ley sus obligaciones\u2026. \u00bfO no?.<\/strong><\/p>\n<p>Y otro gran aliciente, que este articulista rescata para ustedes esta ma\u00f1ana, es el siguiente:<\/p>\n<p>En el\u00a0<strong>PAN\u00a0<\/strong>por ejemplo, hay consenso para acercarse a la virtual candidata triunfadora, Claudia Sheinbaum, para aprovechar esa incipiente\u00a0<strong>\u201capertura\u201d<\/strong>\u00a0mostrada por sus mensajes en sus primeras apariciones despu\u00e9s del\u00a0<strong>2 de junio<\/strong>; apertura que al parecer no forma parte de los planes\u00a0<strong>de su todav\u00eda \u201cjefe\u201d el aun mandatario mexicano<\/strong>\u2026 quien la convid\u00f3 a\u00a0<strong>Palacio Nacional en d\u00edas pasados, recibi\u00e9ndola con \u201cr\u00eddiculo beso de Judas\u201d, en cuyas babas le solt\u00f3 todo el veneno propio de esa \u201cvendetta\u201d\u00a0<\/strong>que ha sido todo su<strong>\u00a0Gobierno<\/strong>\u00a0y que, esperemos que no la haya contagiado a lo largo de esa primera Reuni\u00f3n Formal con miras a la\u00a0<strong>Entrega-Recepci\u00f3n,<\/strong>\u00a0donde le fue seguramente\u00a0<strong>\u201centregada o notificada\u201d Claudia Sheinbaum<\/strong>, de cu\u00e1l ser\u00e1 la ruta de su gesti\u00f3n como\u00a0<strong>la primera mujer Presidente de la Rep\u00fablica\u201d emanada de Morena.<\/strong><\/p>\n<p>Los panistas quieren dialogar con ella sobre la importancia de arribara a una propuesta de reforma judicial consensada lo m\u00e1s posible al interior de la sociedad.<\/p>\n<p>Por cierto hay<strong>\u00a0\u201cjaloneos\u201d entre altos cuadros y destacados militantes,<\/strong>\u00a0en un af\u00e1n de derribar de la dirigencia nacional a\u00a0<strong>Marko Cort\u00e9s,<\/strong>\u00a0bajo el argumento del\u00a0<strong>resultado electoral.<\/strong><\/p>\n<p>Igualmente en el\u00a0<strong>PRI,<\/strong>\u00a0dirigido por el campechano\u00a0<strong>Alejandro Moreno C\u00e1rdenas.<\/strong>\u00a0Hay una notable voluntad de di\u00e1logo con el eventual \u201cnuevo gobierno\u201d, siempre y cuando se den garant\u00edas para ese di\u00e1logo.<\/p>\n<p>Incluso, fue filtrada a este articulista, la especie de que el\u00a0<strong>Presdiente del CEN del PRI, \u2018Alito\u2019 Moreno<\/strong>, en un af\u00e1n de una inteligente\u00a0<strong>\u2018Operaci\u00f3n Cicatriz\u2019<\/strong>\u00a0con la alta \u2018nomenklatura\u2019 de los exdirigentes pri\u00edstas, con quienes tuvo diferencias en el pasado reciente,\u00a0<strong>para enderezar juntos y gracias a sus valiosas aportaciones, consejos y directrices, el camino hacia la reivindicaci\u00f3n electoral del PRI y su transformaci\u00f3n inevitable como urgente.<\/strong><\/p>\n<p>Varios\u00a0<strong>\u201cfigurones\u201d<\/strong>\u00a0del\u00a0<strong>PRI\u00a0<\/strong>en el pasado pudieran encabezar\u00a0<strong>junto con \u2018Alito\u2019 una Comisi\u00f3n<\/strong>\u00a0para entrevistarse con\u00a0<strong>Claudia Sheinbaum<\/strong>, en el marco de esta invitaci\u00f3n al di\u00e1logo hecha durante sus intervenciones\u00a0<strong>dirigidas a la sociedad mexicana.<\/strong><\/p>\n<p>Y es que no puede soslayarse esta important\u00edsima caracter\u00edstica del\u00a0<strong>PRI\u00a0<\/strong>mostrada en el pasado reciente, con el multicitado y c\u00e9lebre\u00a0<strong>\u2018Pacto Por M\u00e9xico\u2019,<\/strong>\u00a0logrado desde el\u00a0<strong>Senado y con todas las fuerzas pol\u00edticas,<\/strong>\u00a0por\u00a0<strong>Manlio Fabio Beltrones Rivera<\/strong>\u2026 quien volver\u00e1 a la\u00a0<strong>C\u00e1mara Alta<\/strong>\u00a0y esta pol\u00edtica\u2026. con\u00a0<strong>\u2018altura de miras\u2019<\/strong>, podr\u00eda ser t\u00edpica y definitiva para el PRI, en su camino hacia su recuperaci\u00f3n y, \u00bfpor qu\u00e9 no?\u2026 en\u00a0<strong>su regreso al triunfo electoral alg\u00fan d\u00eda no muy lejano.<\/strong><\/p>\n<p>Es de esperarse pues, que\u00a0<strong>Claudia Sheinbaum<\/strong>\u00a0haga uso del\u00a0<strong>Di\u00e1logo como instrumento insustitu\u00edble para la Gobernanza\u2026 y el Orden P\u00fablico.<\/strong><\/p>\n<p>S\u00f3lo as\u00ed se alcanzar\u00e1 la tan anhelada<strong>\u00a0\u201cPacificaci\u00f3n Nacional\u201d<\/strong>, materia que, como en todas las dem\u00e1s,\u00a0<strong>L\u00f3pez Obrador nos queda a deber.<\/strong><\/p>\n<p>Autor:\u00a0<strong>H\u00e9ctor Calder\u00f3n Hallal<\/strong><\/p>\n<p>Contacto<\/p>\n<p>En X (antes Twitter):<\/p>\n<p><strong>@CalderonHallal1<\/strong>;<\/p>\n<p>En E- Mail:<\/p>\n<p><strong>fixiflaux99@gmail.com<\/strong>;<\/p>\n<p><strong>\u00abLas opiniones vertidas en este art\u00edculo son responsabilidad exclusiva de su autor; por lo que no constituyen en modo alguno, la opini\u00f3n institucional de este medio\u00bb.<\/strong><\/p>\n","protected":false},"excerpt":{"rendered":"<p>H\u00e9ctor Calder\u00f3n Hallal Alienta\u2026 inspira confianza,\u00a0el solo hecho de que la candidata de la coalici\u00f3n oficialista,\u00a0Claudia Sheinbaum Pardov, quien se perfila\u00a0seg\u00fan los resultados oficiales\u00a0como la pr\u00f3xima\u00a0Presidenta de la Rep\u00fablica \u2013si es que legalmente no se comprueba el aludido fraude electoral por la oposici\u00f3n- muestre con su actitud una\u00a0\u2013al menos- incipiente actitud\u00a0\u2018revisionista\u2019\u00a0a las acciones y\u00a0pretensiones claras del \u2018troglodita\u2019\u00a0que ha estado todo este tiempo tras ella, impulsando, planeando y financiando su campa\u00f1a pol\u00edtica\u2026\u00a0s\u00ed\u2026 ya saben ustedes a qui\u00e9n me refiero. Ese\u00a0\u2018prestidigitador\u2019\u00a0de la\u00a0operaci\u00f3n y la propaganda electoral, que ha estado cobrando impunemente los\u00a0\u00faltimos seis a\u00f1os como Presidente de M\u00e9xico, sin desempe\u00f1ar su funci\u00f3n [&hellip;]<\/p>\n","protected":false},"author":3,"featured_media":92679,"comment_status":"open","ping_status":"open","sticky":false,"template":"","format":"standard","meta":{"_jetpack_newsletter_access":"","_jetpack_dont_email_post_to_subs":false,"_jetpack_newsletter_tier_id":0,"_jetpack_memberships_contains_paywalled_content":false,"_jetpack_feature_clip_id":0,"_jetpack_memberships_contains_paid_content":false,"footnotes":"","jetpack_publicize_message":"","jetpack_publicize_feature_enabled":true,"jetpack_social_post_already_shared":true,"jetpack_social_options":{"image_generator_settings":{"template":"highway","default_image_id":0,"font":"","enabled":false},"version":2},"jetpack_post_was_ever_published":false},"categories":[79],"tags":[],"class_list":["post-96977","post","type-post","status-publish","format-standard","has-post-thumbnail","hentry","category-columnistas-nacionales","post--single"],"jetpack_publicize_connections":[],"jetpack_featured_media_url":"https:\/\/ovelanalista.com\/wp-content\/uploads\/2024\/04\/WhatsApp-Image-2024-04-02-at-08.34.24.jpeg","jetpack_sharing_enabled":true,"_links":{"self":[{"href":"https:\/\/ovelanalista.com\/index.php?rest_route=\/wp\/v2\/posts\/96977","targetHints":{"allow":["GET"]}}],"collection":[{"href":"https:\/\/ovelanalista.com\/index.php?rest_route=\/wp\/v2\/posts"}],"about":[{"href":"https:\/\/ovelanalista.com\/index.php?rest_route=\/wp\/v2\/types\/post"}],"author":[{"embeddable":true,"href":"https:\/\/ovelanalista.com\/index.php?rest_route=\/wp\/v2\/users\/3"}],"replies":[{"embeddable":true,"href":"https:\/\/ovelanalista.com\/index.php?rest_route=%2Fwp%2Fv2%2Fcomments&post=96977"}],"version-history":[{"count":1,"href":"https:\/\/ovelanalista.com\/index.php?rest_route=\/wp\/v2\/posts\/96977\/revisions"}],"predecessor-version":[{"id":96980,"href":"https:\/\/ovelanalista.com\/index.php?rest_route=\/wp\/v2\/posts\/96977\/revisions\/96980"}],"wp:featuredmedia":[{"embeddable":true,"href":"https:\/\/ovelanalista.com\/index.php?rest_route=\/wp\/v2\/media\/92679"}],"wp:attachment":[{"href":"https:\/\/ovelanalista.com\/index.php?rest_route=%2Fwp%2Fv2%2Fmedia&parent=96977"}],"wp:term":[{"taxonomy":"category","embeddable":true,"href":"https:\/\/ovelanalista.com\/index.php?rest_route=%2Fwp%2Fv2%2Fcategories&post=96977"},{"taxonomy":"post_tag","embeddable":true,"href":"https:\/\/ovelanalista.com\/index.php?rest_route=%2Fwp%2Fv2%2Ftags&post=96977"}],"curies":[{"name":"wp","href":"https:\/\/api.w.org\/{rel}","templated":true}]}}